{"id":14929,"date":"2017-03-15T11:52:21","date_gmt":"2017-03-15T15:52:21","guid":{"rendered":"http:\/\/www.debateplural.com\/?p=14929"},"modified":"2017-03-15T11:52:21","modified_gmt":"2017-03-15T15:52:21","slug":"las-secuelas-de-la-privatizacion-en-republica-dominicana","status":"publish","type":"post","link":"https:\/\/debateplural.net\/site\/2017\/03\/15\/las-secuelas-de-la-privatizacion-en-republica-dominicana\/","title":{"rendered":"Las secuelas de la privatizaci\u00f3n en Rep\u00fablica Dominicana"},"content":{"rendered":"<p><strong>Edward Fern\u00e1ndez (D. Libre, 13-3-17)<\/strong><\/p>\n<p>&nbsp;<\/p>\n<p>Los ciudadanos de este municipio no pierden su esperanza de que el presidente <a href=\"http:\/\/localhost\/debateplural\/tag\/danilo-medina\">Danilo Medina<\/a> reactive la econom\u00eda local con la apertura del ingenio que lleva el mismo nombre de esta demarcaci\u00f3n, el cual tiene m\u00e1s de 10 a\u00f1os cerrado.<\/p>\n<p>Con el cierre de la empresa durante la segunda gesti\u00f3n de gobierno del expresidente<a href=\"http:\/\/localhost\/debateplural\/tag\/leonel-fernandez\"> Leonel Fern\u00e1ndez<\/a> (2004-2008), m\u00e1s de tres mil hombres quedaron desempleados.<\/p>\n<p>En el tiempo que tiene fuera de operaci\u00f3n, el gobierno a trav\u00e9s de inversionistas extranjeros hizo el intento de reabrirlo, pero el esfuerzo fue en vano.<\/p>\n<p>En los terrenos donde est\u00e1n instaladas las maquinas, ahora s\u00f3lo hay malezas y tierras bald\u00edas que parecen no tener dolientes, mientras en Montellano hace falta fuentes que generen empleos de calidad.<\/p>\n<p>Los lugare\u00f1os consideran el ingenio como un patrimonio, ya que dio vida a miles de trabajadores de la zona.<\/p>\n<p>Gregorio Silverio, quien dur\u00f3 30 a\u00f1os trabajando en ese lugar, entiende que el Gobierno est\u00e1 en la obligaci\u00f3n de atender su llamado, \u201cpues la poblaci\u00f3n est\u00e1 al borde de la desesperaci\u00f3n debido a las pocas fuentes de empleos que existen en Montellano\u201c.<\/p>\n<p>\u201cAunque ya estoy viejo para trabajar ah\u00ed, nosotros necesitamos de una industria que genere empleos para la juventud, la cual estamos perdiendo por falta de oportunidades\u201d, expres\u00f3 Silverio.<\/p>\n<p><b>Desmantelan instalaciones<\/b><\/p>\n<p>Seg\u00fan denunciaron mun\u00edcipes, poco a poco muchas piezas y maquinarias han desaparecido, raz\u00f3n por la cual consideran que las autoridades deben llegar al lugar para hacer un levantamiento y as\u00ed determinar qu\u00e9 ha sucedido con ese bien del Estado.<\/p>\n<p>\u201cLo que queremos es que no sigan rob\u00e1ndose los equipos del ingenio\u201d, afirm\u00f3 Humberto Marte, quien reside en las proximidades de la industria.<\/p>\n<p>Declararon que algunos \u201cpoderosos\u201d est\u00e1n utilizando la tierra que a\u00fan no ha vendido el Consejo Estatal de la Az\u00facar (CEA) para criar sus reses.<\/p>\n<p>A pesar de que el ingenio Montellano est\u00e1 cerrado, en el pueblo hay quienes afirman que gran cantidad de dirigentes del partido oficialista cobran en el CEA.<\/p>\n<p><b>Venta de tierra<\/b><\/p>\n<p>Cuatro entidades de la sociedad civil de Montellano, entre ellas el Comit\u00e9 de Desarrollo, las Asociaciones de Juntas de Vecinos, de Motoconchos y la Liga Pro Deportes, en un documento enviado al ministro de la Presidencia, Gustavo Montalvo, al cual este diario tuvo acceso, denuncian que unas 1,173 tareas en 25 campos, ubicadas en tres zonas ca\u00f1eras de aqu\u00ed han sido vendidas por los diferentes directores que ha tenido el CEA desde 1997, cuando se efectu\u00f3 el primer proceso de privatizaci\u00f3n de las empresas azucareras propiedad del Estado.<\/p>\n<p>El documento, firmado por los presidentes del Comit\u00e9 de Desarrollo, Israel G\u00f3mez Batista; de la Asociaci\u00f3n de Juntas de Vecinos, Carlos Manuel Ortiz; de la Liga Deportiva Pro Deportes, Agust\u00edn Machuca; y de la Asociaci\u00f3n de Motoconchos, Guarionex V\u00e1squez, enumera los campos de ca\u00f1a del CEA que han sido vendidos, por lo que piden al ministro Montalvo ordenar una investigaci\u00f3n al respecto para que los responsables de estos hechos sean sometidos a la justicia.<\/p>\n<p>Los campos ca\u00f1eros vendidos pertenecen a las zonas 1, 2 y 6, en los que se han negociado de manera fraudulenta 100, 95, 94, 83, 79, 60, 55 tareas de tierras, especialmente en la zona de Bella Vista del municipio tur\u00edstico de Sos\u00faa para la construcci\u00f3n de instalaciones hoteleras.<\/p>\n","protected":false},"excerpt":{"rendered":"<p>Edward Fern\u00e1ndez (D. Libre, 13-3-17) &nbsp; Los ciudadanos de este municipio no pierden su esperanza de que el presidente Danilo Medina reactive la econom\u00eda local con la apertura del ingenio que lleva el mismo nombre de esta demarcaci\u00f3n, el cual tiene m\u00e1s de 10 a\u00f1os cerrado. Con el cierre de la empresa durante la segunda [&hellip;]<\/p>\n","protected":false},"author":1,"featured_media":14930,"comment_status":"open","ping_status":"open","sticky":false,"template":"","format":"standard","meta":{"footnotes":""},"categories":[5,12],"tags":[31,4],"class_list":["post-14929","post","type-post","status-publish","format-standard","has-post-thumbnail","hentry","category-nacionales","category-politica-3","tag-danilo-medina","tag-leonel-fernandez"],"_links":{"self":[{"href":"https:\/\/debateplural.net\/site\/wp-json\/wp\/v2\/posts\/14929"}],"collection":[{"href":"https:\/\/debateplural.net\/site\/wp-json\/wp\/v2\/posts"}],"about":[{"href":"https:\/\/debateplural.net\/site\/wp-json\/wp\/v2\/types\/post"}],"author":[{"embeddable":true,"href":"https:\/\/debateplural.net\/site\/wp-json\/wp\/v2\/users\/1"}],"replies":[{"embeddable":true,"href":"https:\/\/debateplural.net\/site\/wp-json\/wp\/v2\/comments?post=14929"}],"version-history":[{"count":1,"href":"https:\/\/debateplural.net\/site\/wp-json\/wp\/v2\/posts\/14929\/revisions"}],"predecessor-version":[{"id":14931,"href":"https:\/\/debateplural.net\/site\/wp-json\/wp\/v2\/posts\/14929\/revisions\/14931"}],"wp:featuredmedia":[{"embeddable":true,"href":"https:\/\/debateplural.net\/site\/wp-json\/wp\/v2\/media\/14930"}],"wp:attachment":[{"href":"https:\/\/debateplural.net\/site\/wp-json\/wp\/v2\/media?parent=14929"}],"wp:term":[{"taxonomy":"category","embeddable":true,"href":"https:\/\/debateplural.net\/site\/wp-json\/wp\/v2\/categories?post=14929"},{"taxonomy":"post_tag","embeddable":true,"href":"https:\/\/debateplural.net\/site\/wp-json\/wp\/v2\/tags?post=14929"}],"curies":[{"name":"wp","href":"https:\/\/api.w.org\/{rel}","templated":true}]}}