{"id":15016,"date":"2017-03-18T12:14:10","date_gmt":"2017-03-18T16:14:10","guid":{"rendered":"http:\/\/www.debateplural.com\/?p=15016"},"modified":"2017-03-18T12:14:10","modified_gmt":"2017-03-18T16:14:10","slug":"asi-actuamos-netanyahu-justifica-la-incursion-aerea-en-siria","status":"publish","type":"post","link":"https:\/\/debateplural.net\/site\/2017\/03\/18\/asi-actuamos-netanyahu-justifica-la-incursion-aerea-en-siria\/","title":{"rendered":"\"As\u00ed actuamos\": Netanyahu justifica la incursi\u00f3n a\u00e9rea en Siria"},"content":{"rendered":"<p><a href=\"http:\/\/localhost\/debateplural\/tag\/israel\">Israel <\/a>nunca dudar\u00eda en intervenir para evitar posibles transferencias de armas \"avanzadas\" al movimiento liban\u00e9s\u00a0Hezbol\u00e1. Esto es lo que se desprende de las palabras del\u00a0primer ministro Benjam\u00edn Netanyahu\u00a0al referirse este viernes a\u00a0la \u00faltima incursi\u00f3n a\u00e9rea de Israel en <a href=\"http:\/\/localhost\/debateplural\/tag\/siria\">Siria<\/a>, seg\u00fan el canal\u00a0local\u00a0Arutz Sheva.<\/p>\n<p>Netanyahu ha justificado\u00a0la incursi\u00f3n\u00a0explicando que los aviones de las Fuerzas de Defensa de Israel (FDI) est\u00e1ban all\u00ed para atacar un convoy de armas de Hezbol\u00e1. El jefe del Ejecutivo israel\u00ed ha\u00a0enfatizado que su pa\u00eds continuar\u00e1\u00a0reaccionando del mismo modo a los intentos de transferencia de armas a\u00a0este grupo liban\u00e9s\u00a0que es apoyado por <a href=\"http:\/\/localhost\/debateplural\/tag\/iran\">Ir\u00e1n<\/a>, aliado del Gobierno sirio\u00a0y enemigo para Tel Aviv.\u00a0<strong>\"As\u00ed es como hemos actuado y c\u00f3mo vamos a seguir actuando\"<\/strong>,ha advertido Netanyahu. El primer ministro ha a\u00f1adido:<strong> \"Todos deben tener esto en cuenta\".\u00a0<\/strong><\/p>\n<h3>Damasco afirma derribar un avi\u00f3n israel\u00ed y Tel Aviv lo niega<\/h3>\n<p>Este viernes, el Ej\u00e9rcito sirio anunci\u00f3 que hab\u00eda derribado <strong>uno y da\u00f1ado otro de los cuatro aviones<\/strong> de la Fuerza A\u00e9rea israel\u00ed que penetraron en el espacio a\u00e9reo de la rep\u00fablica \u00e1rabe, concretamente en los Altos del Gol\u00e1n. Damasco afirma que el objetivo de la Fuerza A\u00e9rea de Israel eran intereses militares sirios en el \u00e1rea de Palmira. Las autoridads sirias\u00a0<a href=\"https:\/\/actualidad.rt.com\/video\/233567-damasco-ataque-israel-alentar-terroristas\" target=\"_blank\" rel=\"up noopener noreferrer\">calificaron<\/a>\u00a0de \"una violaci\u00f3n flagrante\" al derecho internacional el sobrevuelo de cuatro cazas israel\u00edes en su territorio.<\/p>\n<p>Por su parte, el Ej\u00e9rcito israel\u00ed confirm\u00f3 haber llevado a cabo ataques a\u00e9reos contra varios objetivos en Siria. Sin embargo, las Fuerzas de Defensa aseguraron que ninguno de sus aviones result\u00f3 da\u00f1ado.\u00a0Asimismo, las autoridades israel\u00edes afirmaron que los bombardeos estaban dirigi\u00e9ndose a posiciones de Hezbol\u00e1 en el interior de Siria.<\/p>\n","protected":false},"excerpt":{"rendered":"<p>Israel nunca dudar\u00eda en intervenir para evitar posibles transferencias de armas \"avanzadas\" al movimiento liban\u00e9s\u00a0Hezbol\u00e1. Esto es lo que se desprende de las palabras del\u00a0primer ministro Benjam\u00edn Netanyahu\u00a0al referirse este viernes a\u00a0la \u00faltima incursi\u00f3n a\u00e9rea de Israel en Siria, seg\u00fan el canal\u00a0local\u00a0Arutz Sheva. Netanyahu ha justificado\u00a0la incursi\u00f3n\u00a0explicando que los aviones de las Fuerzas de Defensa [&hellip;]<\/p>\n","protected":false},"author":1,"featured_media":13286,"comment_status":"open","ping_status":"open","sticky":false,"template":"","format":"standard","meta":{"footnotes":""},"categories":[14,12],"tags":[48,68,41],"class_list":["post-15016","post","type-post","status-publish","format-standard","has-post-thumbnail","hentry","category-internacionales","category-politica-3","tag-iran","tag-israel","tag-siria"],"_links":{"self":[{"href":"https:\/\/debateplural.net\/site\/wp-json\/wp\/v2\/posts\/15016"}],"collection":[{"href":"https:\/\/debateplural.net\/site\/wp-json\/wp\/v2\/posts"}],"about":[{"href":"https:\/\/debateplural.net\/site\/wp-json\/wp\/v2\/types\/post"}],"author":[{"embeddable":true,"href":"https:\/\/debateplural.net\/site\/wp-json\/wp\/v2\/users\/1"}],"replies":[{"embeddable":true,"href":"https:\/\/debateplural.net\/site\/wp-json\/wp\/v2\/comments?post=15016"}],"version-history":[{"count":1,"href":"https:\/\/debateplural.net\/site\/wp-json\/wp\/v2\/posts\/15016\/revisions"}],"predecessor-version":[{"id":15017,"href":"https:\/\/debateplural.net\/site\/wp-json\/wp\/v2\/posts\/15016\/revisions\/15017"}],"wp:featuredmedia":[{"embeddable":true,"href":"https:\/\/debateplural.net\/site\/wp-json\/wp\/v2\/media\/13286"}],"wp:attachment":[{"href":"https:\/\/debateplural.net\/site\/wp-json\/wp\/v2\/media?parent=15016"}],"wp:term":[{"taxonomy":"category","embeddable":true,"href":"https:\/\/debateplural.net\/site\/wp-json\/wp\/v2\/categories?post=15016"},{"taxonomy":"post_tag","embeddable":true,"href":"https:\/\/debateplural.net\/site\/wp-json\/wp\/v2\/tags?post=15016"}],"curies":[{"name":"wp","href":"https:\/\/api.w.org\/{rel}","templated":true}]}}