{"id":15097,"date":"2017-03-22T10:51:04","date_gmt":"2017-03-22T14:51:04","guid":{"rendered":"http:\/\/www.debateplural.com\/?p=15097"},"modified":"2017-03-22T10:51:04","modified_gmt":"2017-03-22T14:51:04","slug":"la-llama-verde-contra-la-impunidad-y-la-corrupcion","status":"publish","type":"post","link":"https:\/\/debateplural.net\/site\/2017\/03\/22\/la-llama-verde-contra-la-impunidad-y-la-corrupcion\/","title":{"rendered":"La \u201cllama verde\" contra la impunidad y la corrupci\u00f3n"},"content":{"rendered":"<div id=\"p_p_id_contentviewerportlet_WAR_newsportlet_INSTANCE_77cf92548c8f4709a2c415cb3495a897_\" class=\"portlet-boundary portlet-boundary_contentviewerportlet_WAR_newsportlet_  portlet-static portlet-static-end content-viewer-portlet \">\n<div class=\"td-portlet\">\n<section id=\"portlet_contentviewerportlet_WAR_newsportlet_INSTANCE_77cf92548c8f4709a2c415cb3495a897\" class=\"portlet\">\n<div class=\"portlet-content\">\n<div class=\" portlet-content-container\">\n<div class=\"portlet-body\">\n<div class=\"last td-viewer full-access\">\n<div class=\"detalle-texto\">\n<div class=\"text\">\n<p>Portando la denominada \u201cLlama Verde del Fin de la Impunidad\u201d, dirigentes sociales, ciudadanos y ciudadanas independientes de las principales regiones del pa\u00eds atravesar\u00e1n el territorio nacional en una peregrinaci\u00f3n dirigida a terminar con el r\u00e9gimen de corrupci\u00f3n e impunidad que mantiene al pueblo dominicano sumido en la pobreza, el atraso institucional y la verg\u00fcenza internacional.<\/p>\n<p>Seg\u00fan lo anunci\u00f3 este jueves el movimiento Marcha Verde, la llama saldr\u00e1 el lunes 13 de marzo de manera simult\u00e1nea desde tres grandes frentes: Mao (frente Norte), Barahona (frente Sur), e Hig\u00fcey (frente Este), con relevo de los portadores en cada uno de los municipios cabecera de las provincias incluidas en la ruta. En el caso de las provincias que no se encuentren en la ruta de las principales v\u00edas de comunicaci\u00f3n del pa\u00eds, como San Francisco, S\u00e1nchez Ram\u00edrez (Norte) o San Juan (Sur), se activar\u00e1n equipos que conectar\u00e1n con el resto de la peregrinaci\u00f3n en puntos estrat\u00e9gicos.<\/p>\n<p>\u201cEncendemos y levantamos la llama verde porque no seguiremos permitiendo que la impunidad, que no es m\u00e1s que la complicidad entre ladrones, nos cierre las puertas al desarrollo\u201d, indic\u00f3 el colectivo, confiado en que la movilizaci\u00f3n nacional en las calles es la \u00fanica garant\u00eda para someter a la justicia a los sobornados del caso Odebrecht, recuperar el dinero robado al pueblo y sacar a la multinacional mafiosa del pa\u00eds.<\/p>\n<p>El movimiento hizo un llamado a todas las provincias para que se preparen para recibir y levantar la Llama Verde, agregando las reivindicaciones que cada comunidad entienda como prioritaria: \u201cPor eso este momento de lucha debe encontrarnos m\u00e1s unidas y unidos que nunca. La Llama verde pasar\u00e1 de mano en mano iluminando el camino que iniciamos un 22 de enero hacia la Patria que so\u00f1aron Duarte, S\u00e1nchez y Mella. Porque lo que hemos logrado nadie podr\u00e1 destruirlo\u201d.<\/p>\n<p>Finalmente el colectivo ciudadano record\u00f3 que \u201ctener la capacidad de so\u00f1ar es la \u00fanica forma de saber que estamos despiertos. Encendamos la esperanza y caminemos juntas y juntos: un mejor pa\u00eds nos espera\u201d.<\/p>\n<\/div>\n<\/div>\n<\/div>\n<\/div>\n<\/div>\n<\/div>\n<\/section>\n<\/div>\n<\/div>\n<div id=\"p_p_id_articletopicsportlet_WAR_newsportlet_INSTANCE_5ec9501f248d45c38df5b8afb3112c74_\" class=\"portlet-boundary portlet-boundary_articletopicsportlet_WAR_newsportlet_  portlet-static portlet-static-end article-topics-portlet detalle-metadatos\"><\/div>\n","protected":false},"excerpt":{"rendered":"<p>Portando la denominada \u201cLlama Verde del Fin de la Impunidad\u201d, dirigentes sociales, ciudadanos y ciudadanas independientes de las principales regiones del pa\u00eds atravesar\u00e1n el territorio nacional en una peregrinaci\u00f3n dirigida a terminar con el r\u00e9gimen de corrupci\u00f3n e impunidad que mantiene al pueblo dominicano sumido en la pobreza, el atraso institucional y la verg\u00fcenza internacional. [&hellip;]<\/p>\n","protected":false},"author":1,"featured_media":15098,"comment_status":"open","ping_status":"open","sticky":false,"template":"","format":"standard","meta":{"footnotes":""},"categories":[5,12],"tags":[],"class_list":["post-15097","post","type-post","status-publish","format-standard","has-post-thumbnail","hentry","category-nacionales","category-politica-3"],"_links":{"self":[{"href":"https:\/\/debateplural.net\/site\/wp-json\/wp\/v2\/posts\/15097"}],"collection":[{"href":"https:\/\/debateplural.net\/site\/wp-json\/wp\/v2\/posts"}],"about":[{"href":"https:\/\/debateplural.net\/site\/wp-json\/wp\/v2\/types\/post"}],"author":[{"embeddable":true,"href":"https:\/\/debateplural.net\/site\/wp-json\/wp\/v2\/users\/1"}],"replies":[{"embeddable":true,"href":"https:\/\/debateplural.net\/site\/wp-json\/wp\/v2\/comments?post=15097"}],"version-history":[{"count":1,"href":"https:\/\/debateplural.net\/site\/wp-json\/wp\/v2\/posts\/15097\/revisions"}],"predecessor-version":[{"id":15099,"href":"https:\/\/debateplural.net\/site\/wp-json\/wp\/v2\/posts\/15097\/revisions\/15099"}],"wp:featuredmedia":[{"embeddable":true,"href":"https:\/\/debateplural.net\/site\/wp-json\/wp\/v2\/media\/15098"}],"wp:attachment":[{"href":"https:\/\/debateplural.net\/site\/wp-json\/wp\/v2\/media?parent=15097"}],"wp:term":[{"taxonomy":"category","embeddable":true,"href":"https:\/\/debateplural.net\/site\/wp-json\/wp\/v2\/categories?post=15097"},{"taxonomy":"post_tag","embeddable":true,"href":"https:\/\/debateplural.net\/site\/wp-json\/wp\/v2\/tags?post=15097"}],"curies":[{"name":"wp","href":"https:\/\/api.w.org\/{rel}","templated":true}]}}