{"id":15187,"date":"2017-03-25T12:57:35","date_gmt":"2017-03-25T16:57:35","guid":{"rendered":"http:\/\/www.debateplural.com\/?p=15187"},"modified":"2017-03-25T12:57:35","modified_gmt":"2017-03-25T16:57:35","slug":"ana-maria-matute-tercera-mujer-en-ganar-premio-cervantes","status":"publish","type":"post","link":"https:\/\/debateplural.net\/site\/2017\/03\/25\/ana-maria-matute-tercera-mujer-en-ganar-premio-cervantes\/","title":{"rendered":"Ana Mar\u00eda Matute: tercera mujer en ganar premio Cervantes"},"content":{"rendered":"<p><strong>Marivell Contreras (Hoy, 4-12-10)\u00a0<\/strong><\/p>\n<p>&nbsp;<\/p>\n<p>Ana Mar\u00eda Matute vino a la Feria Internacional del Libro celebrada en abril de a\u00f1o 2000. Un encuentro para m\u00ed inolvidable, pues entonces la conoc\u00ed y vivimos unos d\u00edas verdaderamente intensos\u2026<\/p>\n<p>Ahora que Ana Mar\u00eda Matute (27 de julio, 1926,\u00a0 Barcelona) se ha convertido en la tercera mujer en ganar el prestigioso Premio Cervantes, el equivalente en espa\u00f1ol al afamado y mundial Premio Nobel de la Literatura o sea el reconocimiento m\u00e1s importante para los escritores de la lengua espa\u00f1ola, regreso a esos momentos.<\/p>\n<p>Y, sobre todo a nuestra conversaciones que se han quedado grabados en nuestra memoria por haber sido emitidos con la particularidad de esta mujer tan sensible y tan conectada con la creatividad que ha estructurado los mundos deseables de la imaginaci\u00f3n para no darse por vencida ante los desgarros de la vida.<\/p>\n<p>Ana Mar\u00eda Matute vino a dictar una conferencia magistral \u0093La aventura de escribir\u0094 en la que habl\u00f3 de la necesidad de hacer una relectura de los cuentos de hadas.<\/p>\n<p>Cuando le preguntamos sobre esta posici\u00f3n nos dijo que estos cuentos \u0093son la base del pueblo que no ten\u00eda voz\u0094.<\/p>\n<p>Como ejemplo puso la historia de Hansel y Gretel que representa \u0093el hambre de los campesinos europeos en la Edad Media\u0094.<\/p>\n<p>En el caso, del lobo, recurso utilizado en La Caperucita Roja entre otros, \u0093era el se\u00f1or feudal\u0094. Por eso se tom\u00f3 la tarea de escribir cuentos para ni\u00f1os, para llenar un vac\u00edo en las letras espa\u00f1olas que sin embargo tiene nombres de escritores significativos en la tradici\u00f3n anglosajona.<\/p>\n<p>Mientras repaso las respuestas que dio a mis preguntas, la recuerdo con su pelo cano, tomada de mi brazo recorriendo la Fortaleza Ozama. All\u00ed me pidi\u00f3 silencio para escuchar las voces de los antepasados presentes en el lugar por el que sinti\u00f3 un respeto casi sagrado. No estaba conforme con lo que pas\u00f3 con estos pueblos de Am\u00e9rica en tiempos del descubrimiento y la conquista. Habr\u00eda que no conocerla para suponer lo contrario. El esp\u00edritu rebelde de Ana Mar\u00eda se forj\u00f3 desde muy ni\u00f1a, cuando descubri\u00f3 la injusticia social y que hab\u00eda ni\u00f1os y familias que no viv\u00edan como ella. Adicionalmente, Ana Mar\u00eda, ver\u00eda que\u00a0 su vida se dividir\u00eda en antes y despu\u00e9s de la guerra.\u00a0 Un proceso que la liber\u00f3 del encerrado mundo en que viv\u00eda y que le permiti\u00f3 acceder a otro que le sirvi\u00f3 de base, junto con sus lecturas, para fraguar sus primeras obras literarias y los principales temas de sus trabajos y de su siempre visceral y frontal estilo de expresar sus ideas e ideales, sin importar o m\u00e1s bien con la intenci\u00f3n de provocar la atenci\u00f3n de una sociedad que considera indolente.<\/p>\n<p>La mujer que hoy ocupa el Sill\u00f3n K de la Real Academia de la Lengua, se forj\u00f3 a fuego y dolor, entre la censura del franquismo, la valent\u00eda de haberse divorciado en una \u00e9poca en que las leyes espa\u00f1olas no proteg\u00edan a sus mujeres y el haberse visto sin su hijo que le fue legalmente arrebatado, con hambre y sin posibilidad de reunirse con \u00e9l que la llevaron a una profunda depresi\u00f3n.<\/p>\n<p>Sin embargo esta situaci\u00f3n que marc\u00f3 su vida personal, al final le sirvi\u00f3 como material para escribir una de sus obras m\u00e1s aclamadas: \u0093Olvidado Rey Gud\u00fa\u0094.<\/p>\n<p><strong>En el Caribe.<\/strong>\u00a0 Esa invitaci\u00f3n a la Feria del Libro en el 2000, le signific\u00f3 el primer viaje al Caribe a Ana Mar\u00eda Matute. Estaba apremiada por conocerlo todo, sobre todo \u0093en los lugares donde palpita la vida\u0094.<\/p>\n<p>A excepci\u00f3n de la Zona Colonial que quer\u00eda conocer, prefer\u00eda los lugares donde hab\u00eda mucha gente haciendo sus cosas habituales. Le encantaron la cerveza Presidente, el moro y el chivo y \u0093el sentido de la vida que tienen en el Caribe, que no es el mismo que tenemos los europeos\u0094.<\/p>\n<p>Lo defini\u00f3 como \u0093amplio, alegre, bendito\u0094. Lo que m\u00e1s la sorprendi\u00f3 es nuestro sentido del tiempo: \u0093Me encanta este pa\u00eds, me encanta la gente, aunque sean impuntuales, aunque digan ahorita y es pasado ma\u00f1ana\u0094.<\/p>\n<p>En ese momento le preguntamos por los tantos premios en su vida y nos dijo que \u0093todos son importantes, depende del momento en que lo reciba\u0094 y que \u0093uno no escribe para recibir un premio\u0094. Sin embargo, al ganar\u00a0 el Cervantes asumi\u00f3\u00a0 que \u0093escribir es una tarea muy dura y sentir la recompensa que supone,\u00a0 es muy bonito\u0094.<\/p>\n<p><strong>Las frases<\/strong><\/p>\n<p><strong>Rosa Montero<\/strong><\/p>\n<p><strong>Escritora<\/strong><\/p>\n<p>Ya era hora;\u00a0 por la\u00a0 innegable calidad\u00a0 de su obra. Tambi\u00e9n porque es una verg\u00fcenza que, en 35 a\u00f1os, este galard\u00f3n,\u00a0 solo haya premiado a tres mujeres\u0094.<\/p>\n<p><strong>Mario Vargas Ll.<\/strong><\/p>\n<p><strong>Nobel 2010<\/strong><\/p>\n<p>\u0093Estoy muy feliz. Me parece un premio muy justo, soy un gran admirador de toda la obra y adem\u00e1s la quiero mucho, somos viejos amigos\u201d.<\/p>\n<p><strong>Jos\u00e9 Alc\u00e1ntara A.<\/strong><\/p>\n<p><strong>Escritor<\/strong><\/p>\n<p>Creo que ella representa la c\u00faspide de la literatura espa\u00f1ola de hoy. Es un premio que hace justicia a su obra y a la mujer de hoy\u0094.<\/p>\n<p><strong>Tercera mujer con Premio Cervantes<\/strong><\/p>\n<p>El Ministerio de Cultura de Espa\u00f1a destaca con el Premio Cervantes la labor creadora de escritores espa\u00f1oles e hispanoamericanos cuya obra haya contribuido a enriquecer de forma notable el patrimonio literario en lengua espa\u00f1ola. Pueden presentar candidatos las Academias de la Lengua Espa\u00f1ola; los autores premiados en anteriores convocatorias o las instituciones que, por su naturaleza, fines o contenidos, est\u00e9n vinculadas a la literatura en lengua castellana. Si revisamos la relaci\u00f3n de autores premiados podemos descubrir que solo tres mujeres han conseguido el galard\u00f3n: Mar\u00eda Zambrano (en 1988), Dulce Mar\u00eda Loynaz (en 1992) y Ana Mar\u00eda Matute (en 2010). Premiar la labor literaria de Ana Mar\u00eda Matute puede resultar una obviedad.<\/p>\n<p>Desde sus primeros cuentos en la revista Destino hasta su obra cumbre Olvidado Rey Gud\u00fa, trata de demostrarnos que la literatura sin la fantas\u00eda y la imaginaci\u00f3n no es nada. En su ingreso en la Real Academia Espa\u00f1ola de la Lengua pronunci\u00f3 el discurso \u0093En el bosque. Defensa de la Fantas\u00eda\u0094. Esbozaba una literatura sin ataduras donde el escritor se liberase del realismo pero sin olvidarlo. Los cuentos de los Hermanos Grimm son realismo y estudios antropol\u00f3gicos del siglo XVIII pero, a su vez, introducen elementos fant\u00e1sticos que provienen de la cultura popular. Esto es lo que defiende, a mi modo de ver, Ana Mar\u00eda Matute.\u00a0 La sociedad nos ha ense\u00f1ado a rechazar la fantas\u00eda. Trata de hacernos olvidar que una vez fuimos ni\u00f1os, que pasamos miedo por las noches, que cre\u00edmos en la existencia de trasgos, gnomos o criaturas fant\u00e1sticas. Ella nos invita lo contrario.<\/p>\n<p>Jos\u00e9 Luis del R\u00edo (editor y lector de sus obras)<\/p>\n<p><strong>En s\u00edntesis<\/strong><\/p>\n<p><strong>Libros principales<\/strong><\/p>\n<p>Olvidado Rey Gud\u00fa\/ Aranmanoth\/ Los hijos muertos\/ Luci\u00e9rnagas\/Los Abel\/ Peque\u00f1o Teatro<\/p>\n<p><strong>Premios<\/strong><\/p>\n<p>Premio Miguel de Cervantes 2010 \/Premio Quijote de las Letras Espa\u00f1olas 2008\/ Premio Nacional de las Letras Espa\u00f1olas 2007\/ Premio Nadal de Novela 1959\/ Premio Nacional de Narrativa de Espa\u00f1a 1959\/ Premio de la Cr\u00edtica de Narrativa Castellana 1959\/ Premio Planeta de Novela 1954\/\u00a0 Premio Caf\u00e9 Gij\u00f3n 1952\/ Finalista Premio Nadal de Novela 1947.<\/p>\n","protected":false},"excerpt":{"rendered":"<p>Marivell Contreras (Hoy, 4-12-10)\u00a0 &nbsp; Ana Mar\u00eda Matute vino a la Feria Internacional del Libro celebrada en abril de a\u00f1o 2000. Un encuentro para m\u00ed inolvidable, pues entonces la conoc\u00ed y vivimos unos d\u00edas verdaderamente intensos\u2026 Ahora que Ana Mar\u00eda Matute (27 de julio, 1926,\u00a0 Barcelona) se ha convertido en la tercera mujer en ganar [&hellip;]<\/p>\n","protected":false},"author":1,"featured_media":15188,"comment_status":"open","ping_status":"open","sticky":false,"template":"","format":"standard","meta":{"footnotes":""},"categories":[18,16],"tags":[],"class_list":["post-15187","post","type-post","status-publish","format-standard","has-post-thumbnail","hentry","category-cultura","category-libros"],"_links":{"self":[{"href":"https:\/\/debateplural.net\/site\/wp-json\/wp\/v2\/posts\/15187"}],"collection":[{"href":"https:\/\/debateplural.net\/site\/wp-json\/wp\/v2\/posts"}],"about":[{"href":"https:\/\/debateplural.net\/site\/wp-json\/wp\/v2\/types\/post"}],"author":[{"embeddable":true,"href":"https:\/\/debateplural.net\/site\/wp-json\/wp\/v2\/users\/1"}],"replies":[{"embeddable":true,"href":"https:\/\/debateplural.net\/site\/wp-json\/wp\/v2\/comments?post=15187"}],"version-history":[{"count":1,"href":"https:\/\/debateplural.net\/site\/wp-json\/wp\/v2\/posts\/15187\/revisions"}],"predecessor-version":[{"id":15189,"href":"https:\/\/debateplural.net\/site\/wp-json\/wp\/v2\/posts\/15187\/revisions\/15189"}],"wp:featuredmedia":[{"embeddable":true,"href":"https:\/\/debateplural.net\/site\/wp-json\/wp\/v2\/media\/15188"}],"wp:attachment":[{"href":"https:\/\/debateplural.net\/site\/wp-json\/wp\/v2\/media?parent=15187"}],"wp:term":[{"taxonomy":"category","embeddable":true,"href":"https:\/\/debateplural.net\/site\/wp-json\/wp\/v2\/categories?post=15187"},{"taxonomy":"post_tag","embeddable":true,"href":"https:\/\/debateplural.net\/site\/wp-json\/wp\/v2\/tags?post=15187"}],"curies":[{"name":"wp","href":"https:\/\/api.w.org\/{rel}","templated":true}]}}