{"id":15284,"date":"2017-03-30T11:23:25","date_gmt":"2017-03-30T15:23:25","guid":{"rendered":"http:\/\/www.debateplural.com\/?p=15284"},"modified":"2017-03-30T11:25:26","modified_gmt":"2017-03-30T15:25:26","slug":"historiador-cubano-sella-vinculos-con-dominicanos","status":"publish","type":"post","link":"https:\/\/debateplural.net\/site\/2017\/03\/30\/historiador-cubano-sella-vinculos-con-dominicanos\/","title":{"rendered":"Historiador cubano sella v\u00ednculos con dominicanos"},"content":{"rendered":"<div id=\"ArticleAuthorDiv\" class=\"article-body-author\"><b>Felipe Cipri\u00e1n (Listin, 26-3-17)<\/b><\/div>\n<div id=\"ArticleSourceDivMail\" class=\"article-body-author\"><\/div>\n<div id=\"ArticleBody\">\n<p>&nbsp;<\/p>\n<p>Los estrechos v\u00ednculos de dominicanos y cubanos vienen de lejos.<\/p>\n<p>Los maestros de los integrantes del Ej\u00e9rcito Libertador de Cuba fueron guerreros dominicanos, especialmente los hermanos Luis, Francisco y F\u00e9lix Marcano \u00c1lvarez; Modesto D\u00edaz \u00c1lvarez, con M\u00e1ximo G\u00f3mez a la cabeza, todos de Ban\u00ed.<\/p>\n<p>Pero esos lazos en el siglo XIX no eran solo en el campo militar, sino que eran en el plano pol\u00edtico y cultural, lo que se expresaba en nombres propios: Francisco Henr\u00edquez y Carvajal, quien como m\u00e9dico y profesor dio extraordinarios aportes a los cubanos, especialmente a los de la regi\u00f3n oriental, donde se estableci\u00f3.<\/p>\n<p>A los cubanos que se establecieron en territorio dominicano se les debe el honor de haber edificado centrales azucareros vigorosos. Los luchadores por la independencia de Cuba tuvieron en Rep\u00fablica Dominicana un espacio y una colaboraci\u00f3n decidida, desde el modesto soldado, hasta el propio Jos\u00e9 Mart\u00ed, ap\u00f3stol de la libertad.<\/p>\n<p>En la actualidad esa relaci\u00f3n, esencialmente en el \u00e1mbito hist\u00f3rico y cultural, viene en proceso ascendente de fortalecimiento y los resultados est\u00e1n a la vista.<\/p>\n<p>Conversando con Ren\u00e9 Gonz\u00e1lez Barrios, presidente del Instituto de Historia de Cuba, salta de inmediato el resultado de tres a\u00f1os de intercambio y colaboraci\u00f3n de esa instituci\u00f3n con el Archivo General de la Naci\u00f3n, la Fundaci\u00f3n M\u00e1ximo G\u00f3mez y otras entidades dominicanas.<\/p>\n<p>Gonz\u00e1lez Barrios, quien agot\u00f3 un programa intenso de trabajo durante una semana en Rep\u00fablica Dominicana que lo llev\u00f3 a Ban\u00ed, Monte Cristi y la ciudad de Santo Domingo, manifiesta que como resultado de los convenios de colaboraci\u00f3n ya hay resultados tangibles.<\/p>\n<p>\u201cEl Archivo General de la Naci\u00f3n nos ha dado un valioso aporte que nosotros agradecemos, como es la digitalizaci\u00f3n del peri\u00f3dico Hoy, muy importante para recoger los principales acontecimientos de Cuba, y la revista Bohemia, la m\u00e1s le\u00edda por mucho tiempo\u201d, expres\u00f3 Gonz\u00e1lez Barrios.<\/p>\n<p>Explic\u00f3 que en su visita anterior en 2014 se concretaron diferentes acuerdos tanto con el Archivo como con otras entidades, que el Instituto de Historia de Cuba ha ido cumpliendo: el restablecimiento de la Casa Museo en Monte Cristi, donde se firm\u00f3 el Manifiesto entre M\u00e1ximo G\u00f3mez y Jos\u00e9 Mart\u00ed para dar inicio a la guerra de independencia de Cuba, lo cual fue concretado con \u00e9xito.<\/p>\n<p>Para ello, recuerda Gonz\u00e1lez Barrios, el Instituto envi\u00f3 a una muse\u00f3grafa y a una dise\u00f1adora que trabajaron intensamente durante tres semanas y dejaron instalado el museo con impresionantes documentos que permiten entender el esfuerzo libertario de cubanos y dominicanos en su lucha contra el colonialismo.<\/p>\n<div id=\"FIOnDemandWrapper_fiInstance_101888_9_9460889\" class=\"FIOnDemandWrapper\"><\/div>\n<p>Por igual, el Instituto a cedido al Archivo importantes documentos relativos a la historia de las dos naciones.<\/p>\n<p><strong><br \/>\nCON LA FUNDACI\u00d3N M\u00c1XIMO G\u00d3MEZ<\/strong><\/p>\n<p><strong>LAS ACTIVIDADES:<\/strong><br \/>\nCon la Fundaci\u00f3n M\u00e1ximo G\u00f3mez, establecida en Ban\u00ed, el Instituto de Historia de Cuba ha sostenido un fluido y fruct\u00edfero intercambio y colaboraci\u00f3n, lo que ha permitido realizar jornadas de formaci\u00f3n y divulgaci\u00f3n del pensamiento y la acci\u00f3n de G\u00f3mez como guerrero, pensador y humanista.<\/p>\n<p>Durante su primer viaje en 2014, Gonz\u00e1lez Barrios imparti\u00f3 una conferencia sobre los militares banilejos en la independencia de Cuba y suscribi\u00f3 acuerdos para restablecer la Casa Museo en el parque donde naciera el h\u00e9roe en 1836. Esa casa fue inaugurada y est\u00e1 abierta a los visitantes.<\/p>\n<p>La colaboraci\u00f3n ha continuado y en este viaje de Gonz\u00e1lez Barrios, adem\u00e1s de intensificar la relaci\u00f3n con los dirigentes de la Fundaci\u00f3n, tambi\u00e9n imparti\u00f3 una conferencia en el polit\u00e9cnico \u201cM\u00e1ximo G\u00f3mez\u201d, en Ban\u00ed, visit\u00f3 el Museo en Monte Cristi y present\u00f3 en la Biblioteca Nacional la \u00faltima edici\u00f3n del \u201cDiario de Campa\u00f1a\u201d del general\u00edsimo que recoge las haza\u00f1as del guerrero en las dos guerras de independencia.<\/p>\n<p>En el Archivo, Gonz\u00e1lez Barrios dict\u00f3 la conferencia \u201cLa expedici\u00f3n perdida de 1959\u201d que recuerda a un grupo de 30 cubanos que sali\u00f3 hacia el pa\u00eds para luchar contra Trujillo y fue capturado por tropas haitianas y asesinados 24 de ellos por el duvalierismo.<\/p>\n<\/div>\n","protected":false},"excerpt":{"rendered":"<p>Felipe Cipri\u00e1n (Listin, 26-3-17) &nbsp; Los estrechos v\u00ednculos de dominicanos y cubanos vienen de lejos. Los maestros de los integrantes del Ej\u00e9rcito Libertador de Cuba fueron guerreros dominicanos, especialmente los hermanos Luis, Francisco y F\u00e9lix Marcano \u00c1lvarez; Modesto D\u00edaz \u00c1lvarez, con M\u00e1ximo G\u00f3mez a la cabeza, todos de Ban\u00ed. Pero esos lazos en el siglo [&hellip;]<\/p>\n","protected":false},"author":1,"featured_media":15287,"comment_status":"open","ping_status":"open","sticky":false,"template":"","format":"standard","meta":{"footnotes":""},"categories":[18,5],"tags":[],"class_list":["post-15284","post","type-post","status-publish","format-standard","has-post-thumbnail","hentry","category-cultura","category-nacionales"],"_links":{"self":[{"href":"https:\/\/debateplural.net\/site\/wp-json\/wp\/v2\/posts\/15284"}],"collection":[{"href":"https:\/\/debateplural.net\/site\/wp-json\/wp\/v2\/posts"}],"about":[{"href":"https:\/\/debateplural.net\/site\/wp-json\/wp\/v2\/types\/post"}],"author":[{"embeddable":true,"href":"https:\/\/debateplural.net\/site\/wp-json\/wp\/v2\/users\/1"}],"replies":[{"embeddable":true,"href":"https:\/\/debateplural.net\/site\/wp-json\/wp\/v2\/comments?post=15284"}],"version-history":[{"count":1,"href":"https:\/\/debateplural.net\/site\/wp-json\/wp\/v2\/posts\/15284\/revisions"}],"predecessor-version":[{"id":15286,"href":"https:\/\/debateplural.net\/site\/wp-json\/wp\/v2\/posts\/15284\/revisions\/15286"}],"wp:featuredmedia":[{"embeddable":true,"href":"https:\/\/debateplural.net\/site\/wp-json\/wp\/v2\/media\/15287"}],"wp:attachment":[{"href":"https:\/\/debateplural.net\/site\/wp-json\/wp\/v2\/media?parent=15284"}],"wp:term":[{"taxonomy":"category","embeddable":true,"href":"https:\/\/debateplural.net\/site\/wp-json\/wp\/v2\/categories?post=15284"},{"taxonomy":"post_tag","embeddable":true,"href":"https:\/\/debateplural.net\/site\/wp-json\/wp\/v2\/tags?post=15284"}],"curies":[{"name":"wp","href":"https:\/\/api.w.org\/{rel}","templated":true}]}}