{"id":15563,"date":"2017-04-11T11:10:50","date_gmt":"2017-04-11T15:10:50","guid":{"rendered":"http:\/\/www.debateplural.com\/?p=15563"},"modified":"2017-04-11T11:10:50","modified_gmt":"2017-04-11T15:10:50","slug":"nicolas-maduro-no-podran-con-la-fuerza-de-los-revolucionarios","status":"publish","type":"post","link":"https:\/\/debateplural.net\/site\/2017\/04\/11\/nicolas-maduro-no-podran-con-la-fuerza-de-los-revolucionarios\/","title":{"rendered":"Nicol\u00e1s Maduro: No podr\u00e1n con la fuerza de los revolucionarios"},"content":{"rendered":"<div class=\"subtitle\">El mandatario ratific\u00f3 el compromiso con la paz en el pa\u00eds y el di\u00e1logo entre el Gobierno nacional y la oposici\u00f3n.<\/div>\n<div><\/div>\n<div id=\"div-gpt-ad-1472165573407-0\">El presidente de Venezuela, Nicol\u00e1s Maduro, reafirm\u00f3 este lunes el compromiso del Gobierno para garantizar la paz en el pa\u00eds y rechaz\u00f3 la violencia que provocan las acciones de la derecha.<\/div>\n<div class=\"txt_newworld\">\n<p>A trav\u00e9s de su cuenta en Instagram, el jefe de Estado agradeci\u00f3 la solidaridad con la naci\u00f3n\u00a0venezolana expresada por\u00a0la Alianza Bolivariana para los Pueblos de Nuestra Am\u00e9rica &#8211; Tratado de Comercio de los Pueblos (ALBA-TCP) en el XV Consejo Pol\u00edtico, que aconteci\u00f3\u00a0en La Habana, Cuba.<\/p>\n<p>\"Luego de un acto extraordinario del XV Consejo Pol\u00edtico del Alba-TCP donde el pueblo de Cuba y los hermanos de Am\u00e9rica Latina y el Caribe reiteraron su apoyo a Venezuela y solidaridad con la Revoluci\u00f3n Bolivariana, salimos a ver el cielo nocturno de La Habana. Desde aqu\u00ed apostamos a la paz y no podr\u00e1n con la fuerza de los revolucionarios, los que apuestan a la violencia\", expres\u00f3 Maduro\u00a0en la red social, acompa\u00f1ado de un video.<\/p>\n<p>\"Vamos venciendo, venceremos esta arremetida de la violencia\", ratific\u00f3 el presidente venezolano en el material audiovisual.<\/p>\n<p>El mandatario se\u00f1al\u00f3 durante su intervenci\u00f3n en la clausura\u00a0del XV Consejo Pol\u00edtico del ALBA -TCP\u00a0que la \u00fanica forma de conseguir la paz y el entendimiento entre los venezolanos es a trav\u00e9s del di\u00e1logo nacional entre representantes del Gobierno y de la oposici\u00f3n.<\/p>\n<p>Indic\u00f3 que aun cuando realiza todos los esfuerzos para continuar este proceso, el Departamento de Estado de EE.UU.\u00a0dio la orden de no seguirlo, puesto que el objetivo es generar una situaci\u00f3n de desestabilizaci\u00f3n en el pa\u00eds.<\/p>\n<p>Este lunes, el Consejo Pol\u00edtico del ALBA-TCP\u00a0conden\u00f3 adem\u00e1s\u00a0las acciones injerencistas de la Organizaci\u00f3n de Estados Americanos (OEA) contra Venezuela.<\/p>\n<p>Venezuela recuerda hoy el aniversario 15 del golpe de Estado medi\u00e1tico contra el presidente Hugo Ch\u00e1vez,\u00a0perpetrado\u00a0por la derecha y una fracci\u00f3n del poder militar.<\/p>\n<\/div>\n","protected":false},"excerpt":{"rendered":"<p>El mandatario ratific\u00f3 el compromiso con la paz en el pa\u00eds y el di\u00e1logo entre el Gobierno nacional y la oposici\u00f3n. El presidente de Venezuela, Nicol\u00e1s Maduro, reafirm\u00f3 este lunes el compromiso del Gobierno para garantizar la paz en el pa\u00eds y rechaz\u00f3 la violencia que provocan las acciones de la derecha. A trav\u00e9s de [&hellip;]<\/p>\n","protected":false},"author":1,"featured_media":15564,"comment_status":"open","ping_status":"open","sticky":false,"template":"","format":"standard","meta":{"footnotes":""},"categories":[14,12],"tags":[],"class_list":["post-15563","post","type-post","status-publish","format-standard","has-post-thumbnail","hentry","category-internacionales","category-politica-3"],"_links":{"self":[{"href":"https:\/\/debateplural.net\/site\/wp-json\/wp\/v2\/posts\/15563"}],"collection":[{"href":"https:\/\/debateplural.net\/site\/wp-json\/wp\/v2\/posts"}],"about":[{"href":"https:\/\/debateplural.net\/site\/wp-json\/wp\/v2\/types\/post"}],"author":[{"embeddable":true,"href":"https:\/\/debateplural.net\/site\/wp-json\/wp\/v2\/users\/1"}],"replies":[{"embeddable":true,"href":"https:\/\/debateplural.net\/site\/wp-json\/wp\/v2\/comments?post=15563"}],"version-history":[{"count":1,"href":"https:\/\/debateplural.net\/site\/wp-json\/wp\/v2\/posts\/15563\/revisions"}],"predecessor-version":[{"id":15565,"href":"https:\/\/debateplural.net\/site\/wp-json\/wp\/v2\/posts\/15563\/revisions\/15565"}],"wp:featuredmedia":[{"embeddable":true,"href":"https:\/\/debateplural.net\/site\/wp-json\/wp\/v2\/media\/15564"}],"wp:attachment":[{"href":"https:\/\/debateplural.net\/site\/wp-json\/wp\/v2\/media?parent=15563"}],"wp:term":[{"taxonomy":"category","embeddable":true,"href":"https:\/\/debateplural.net\/site\/wp-json\/wp\/v2\/categories?post=15563"},{"taxonomy":"post_tag","embeddable":true,"href":"https:\/\/debateplural.net\/site\/wp-json\/wp\/v2\/tags?post=15563"}],"curies":[{"name":"wp","href":"https:\/\/api.w.org\/{rel}","templated":true}]}}