{"id":15730,"date":"2017-04-18T12:46:53","date_gmt":"2017-04-18T16:46:53","guid":{"rendered":"http:\/\/www.debateplural.com\/?p=15730"},"modified":"2017-04-18T12:46:53","modified_gmt":"2017-04-18T16:46:53","slug":"erdogan-amplia-sus-poderes-del-kemalismo-al-sultanato","status":"publish","type":"post","link":"https:\/\/debateplural.net\/site\/2017\/04\/18\/erdogan-amplia-sus-poderes-del-kemalismo-al-sultanato\/","title":{"rendered":"Erdogan amplia sus poderes: del kemalismo al sultanato"},"content":{"rendered":"<p><strong>Pablo Jofre Leal (teleSur, 17-4-17)<\/strong><\/p>\n<p>&nbsp;<\/p>\n<p>El domingo 16 de abril la sociedad turca acudi\u00f3 a las urnas, para definir, mediante un refer\u00e9ndum convocado por el presidente Recep Tayyip Erdogan, si los electores, cercanos a los 55 millones habilitados para votar, otorgaban mayores poderes al ejecutivo mediante 18 reformas constitucionales o simplemente negaban la posibilidad de un cambio profundo en el sistema pol\u00edtico turco vigente desde el a\u00f1o 1924.<\/p>\n<p>Los resultados de esta convocatoria favorecieron estrechamente al S\u00ed, con un 51,4% de los votos escrutados y una participaci\u00f3n del 85%, permitiendo as\u00ed la consolidaci\u00f3n de un r\u00e9gimen autocr\u00e1tico que tendr\u00e1 a Erdogan con la posibilidad de gobernar Turqu\u00eda hasta el a\u00f1o 2034. Las reformas aprobadas van desde suprimir el cargo de Primer Ministro \u2013 pasando de un sistema parlamentario a uno presidencial, dotando al mandatario de poderes omn\u00edmodos en materia de nombrar a sus ministros, ejercer una fuerte influencia sobre el poder judicial al tener prerrogativas para nombrar al 50% de los componentes el Alto Consejo de Jueces y Fiscales, lo que implica el gestionar la contrataci\u00f3n y desvinculaci\u00f3n de los funcionarios que laboran en el sistema judicial. Igualmente se eliminan los tribunales militares y se limita el mandato presidencial a dos per\u00edodos de cinco a\u00f1os cada uno.<\/p>\n<p><strong>T\u00e9rmino de 93 A\u00f1os de Kemalismo<\/strong><\/p>\n<p>El presidente turco solicit\u00f3 a los pa\u00edses extranjeros y en especial a la Uni\u00f3n Euroepa (UE) que respeten los resultados del refer\u00e9ndum, al mismo tiempo que los dos principales partidos de la oposici\u00f3n han exigido un nuevo recuento de votos tras denunciar fraude en el proceso de votaci\u00f3n y la manipulaci\u00f3n de los votos destinado a dar un S\u00ed a los cambios constitucionales o un No a esos cambios. El Partido Republicano del Pueblo (CHP) y el Partido de la Democracia de los Pueblos (HDP) han denunciado la acci\u00f3n abierta e ilegal de injerencia del oficialismo en la contienda mediante el abuso de recursos p\u00fablicos favorables al gobierno de Erdogan y por tanto inclinar la balanza al S\u00ed.<\/p>\n<p>La oposici\u00f3n afirma que el triunfo de Recep Tayyip Erdogan supone convertir a\u00fan m\u00e1s a Turqu\u00eda en una autocracia, debido a los poderes casi absolutos que asumir\u00eda el ejecutivo. Los kurdos, por su parte, afirman que este paso de presidente a una figura m\u00e1s parecida a los sultanes otomanos, significar\u00eda la p\u00e9rdida de los derechos del pueblo kurdo y la consolidaci\u00f3n de una guerra civil. Los partidarios del S\u00ed previo al refer\u00e9ndum daban como argumento, para votar favorablemente el otorgar mayores poderes a Erdogan dar\u00eda m\u00e1s estabilidad al pa\u00eds, aumentar\u00eda el crecimiento econ\u00f3mico, al igual que los niveles de seguridad que ha significado la merma de los ingresos del turismo en este pa\u00eds.<\/p>\n<p>Estos cambios a la constituci\u00f3n turca y a su sistema pol\u00edtico, aprobadas en el refer\u00e9ndum del pasado domingo 16 de abril \u2013 que entrar\u00e1n en vigencia el a\u00f1o 2019 &#8211; son las m\u00e1s profundas en ese pa\u00eds desde que el a\u00f1o 1924 el denominado padre de la Naci\u00f3n Turca: Mustaf\u00e1 Kemal Atat\u00fcrk, estableci\u00f3 el sistema parlamentario, que ha regido desde entonces con los intervalos surgidos de los golpes militares turcos: el primero de ellos el a\u00f1o 1960. El segundo el a\u00f1o 1971 denominado el \u201cGolpe del memor\u00e1ndum\u201d contra el presidente Suleiman Demirel. El tercero de los levantamientos de las Fuerzas armadas se vivi\u00f3 el a\u00f1o 1980 que otorg\u00f3 enormes poderes al Ej\u00e9rcito Turco convirti\u00e9ndose, adem\u00e1s de un actor pol\u00edtico fundamental, en un agente econ\u00f3mico relevante.<\/p>\n<p>El cuarto golpe de Estado se vivi\u00f3 el a\u00f1o 1997 cuando el Ej\u00e9rcito oblig\u00f3 al Primer Ministro Necmettin Erbakan a dimitir. El propio Recep Tayyip Erdogan (actual presidente fue detenido en aquella ocasi\u00f3n). Finalmente el quinto Golpe Militar lo vivi\u00f3 Turqu\u00eda en Julio del a\u00f1o 2016\u00a0convirti\u00e9ndose en la oportunidad de Erdogan de ejecutar una gran purga al interior del ej\u00e9rcito, la polic\u00eda y en general en los poderes del Estado Turco, afianzando el poder y la deriva autocr\u00e1tica del gobierno de Erdogan.<\/p>\n<p>El refer\u00e9ndum que tuvo como resultado el triunfo del oficialista Partido de la Justicia y Desarrollo (AKP por sus siglas en turco) cont\u00f3 con una amplia adhesi\u00f3n en sus bastiones de las regiones de Anatolia y el Mar Negro. En las localidades que lindan con el Mar Egeo, el Mar Mediterr\u00e1neo y en las zonas surorientales donde predomina la poblaci\u00f3n kurda, el triunfo del No se impuso, mostrando un pa\u00eds dividido, al igual que en las grandes ciudades como Estambul, Esmirna y Ankara, donde el No, aventaj\u00f3 al Si por menos de un punto. Turqu\u00eda tras el triunfo estrecho del S\u00ed se muestra al mundo claramente dividido entre quienes apuestan por un Presidente con poderes de una Monarqu\u00eda Absoluta y aquellos que ven un peligro para el futuro de esta naci\u00f3n el consolidar una especie de sultanato, que los puede alejar de un sistema democr\u00e1tico y por tanto ver m\u00e1s lejana la posibilidad de acceder a ser parte de la UE.<\/p>\n<p>Esta refer\u00e9ndum mostr\u00f3 a un Erdogan decidido a consolidar su f\u00e9rreo control pol\u00edtico de la sociedad turca, como tambi\u00e9n entregar un mensaje a Europa tras los acontecimientos que lo enfrentaron con algunos gobiernos del Viejo continente que prohibieron a funcionarios tucos realizar acciones proselitistas en capitales como Berl\u00edn, Z\u00farich y en ciudades como Rotterdam. \u201cEste domingo es el d\u00eda que nuestro pueblo va a dar una lecci\u00f3n a aquellos pa\u00edses europeos que quer\u00edan intimidarnos\u201d sostuvo Erdogan, haciendo referencia, a los 54 a\u00f1os de espera de Turqu\u00eda en sus intentos de ser aceptado como miembro de pleno derecho de la UE. Ingreso que no s\u00f3lo se ve complejo y casi imposible, ante la oleada de islamofob\u00eda que sacude a Europa, sino tambi\u00e9n porque Erdogan ha prometido llevar a consulta ciudadana la posibilidad de reimplantar la pena de muerte en Turqu\u00eda, que cuenta con el rechazo absoluto de la UE.<\/p>\n<p>El triunfo del AKP en el refer\u00e9ndum es tambi\u00e9n una se\u00f1al para el gobierno estadounidense, que tiene a Turqu\u00eda como uno de sus socios m\u00e1s importantes en Oriente Medio y que ve con temor un acercamiento de Erdogan a la Federaci\u00f3n Rusa, sobre todo tras las acusaciones del gobierno de Ankara respecto a que Washington protege y apoya a Fethullah Gul\u00e9n \u2013 te\u00f3logo y multimillonario turco ex aliado del propio Erdogan &#8211; quien reside en Estados Unidos y sindicado por el gobierno turco como el promotor del Golpe de Estado de julio del a\u00f1o 2016 a partir de su influencia en el aparato estatal de Turqu\u00eda. Los G\u00fclenistas, seg\u00fan el gobierno turco, son los causantes de gran parte de los males de Turqu\u00eda y ello debe cesar de manera tal que su l\u00edder sea extraditado, juzgado en territorio tuco y sus seguidores cesados de todo cargo p\u00fablico, como ha sucedido con cerca de 100 mil turcos, entre ellos profesores, militares, polic\u00edas, miembros de la Federaci\u00f3n de Football, funcionarios del Ministerio del Interior, Jueces, Fiscales, entre otros. Todos ellos acusados de seguir a este cl\u00e9rigo que propugna el di\u00e1logo interreligioso y que cuenta para ello con el benepl\u00e1cito de Israel y El Vaticano.<\/p>\n<p><strong>Del Kemalismo al Sultanato Erdoganista<\/strong><\/p>\n<p>Las reformas aprobadas este domingo 16 de abril, que entran en vigencia el a\u00f1o 2019 son la puerta de entrada a la posibilidad que Erdogan, que en ese entonces tendr\u00e1 65 a\u00f1os pueda ampliar su per\u00edodo presidencial hasta el a\u00f1o 2034, con todos los poderes que ha tenido en mente desde que el a\u00f1o 2014 se comenz\u00f3 a plantear la posibilidad de modificar el sistema pol\u00edtico parlamentario turco vigente desde el a\u00f1o 1924. Estrategia que ha guiado las acciones doctrinarias del Partido de Gobierno en el \u00faltimo lustro, como la forma de afianzar a\u00fan con m\u00e1s fuerza el poder pol\u00edtico junto a las alianzas econ\u00f3micas y militares que ha logrado forjar en quince a\u00f1os de presencia omn\u00edmoda en la vida pol\u00edtica turca.<\/p>\n<p>Hoy, la Turqu\u00eda del cuarto lustro del Siglo XXI es testigo de los esfuerzos pol\u00edticos de Erdogan \u2013 y prueba de ello es su refer\u00e9ndum como herramienta de afianzamiento &#8211; destinados a modificar esencialmente su base doctrinaria y que han marcado 93 a\u00f1os de lo que se conoce como la Turqu\u00eda Moderna. Pasar del Kemalismo al Neotomanismo,\u00a0a pesar que analistas internacionales hablan de cierta superaci\u00f3n de esta noci\u00f3n del resurgir de las visiones imperiales. Mi impresi\u00f3n es, que esta doctrina no s\u00f3lo est\u00e1 m\u00e1s vigente que nunca \u2013 a pesar de todas las tensiones que subyacen en el escenario regional donde se sit\u00faa Turqu\u00eda \u2013 sino que ha recibido un espaldarazo y una bocanada de aire de enorme importancia con el triunfo en las urnas en la convocatoria al refer\u00e9ndum del domingo 16 de abril.<\/p>\n<p>Prueba de esta idea, que se encuentra en el seno del neotomanismo respecto al plano estrat\u00e9gico en pol\u00edtica exterior &#8211; y que supone (a lo menos en plano te\u00f3rico) llevar a cabo la pol\u00edtica de cero problemas con los vecinos \u2013 se visualiza en su acercamiento tanto a la Federaci\u00f3n Rusa como a la Rep\u00fablica Isl\u00e1mica de Ir\u00e1n, bajo la premisa que estas potencias son fundamentales para consolidar un proceso de estabilidad en la regi\u00f3n de Oriente Medio. Sostuve, meses previos al Golpe de Estado de Julio del a\u00f1o 2016 que \u201cLa realidad geoestrat\u00e9gica en Oriente medio y sus efectos en materia de refugiados y participaci\u00f3n militar de potencias occidentales en la zona efectivamente tensiona el Neo-Otomanismo en sus aristas de \u201cProfundidad Estrat\u00e9gica y Cero Problemas con los vecinos\u201d lo cual resulta una ficci\u00f3n en una regi\u00f3n donde las alianzas se tejen en funci\u00f3n de intereses, objetivos y realidades dis\u00edmiles\u201d Una ficci\u00f3n, que el af\u00e1n de pol\u00edtica pragm\u00e1tica que quiere ejercer Erdogan lo lleva a mover sus fichas en todas direcci\u00f3n, con el claro objetivo de consolidar un liderazgo interno y proyectarse como la \u00fanica voz turca capaz de situar a su pa\u00eds en una especie de balanza regional.<\/p>\n<p>Ese Neo-Otomanismo toma para si esa visi\u00f3n del Panturianismo que Atat\u00fcrk desde\u00f1aba (versi\u00f3n turca de otros proyectos expansionistas que conoce la historia, basado en argumentos \u00e9tnicos como el sionismo, el pangermanismo o el paneslavismo). Hablar entonces de cero problemas en esa realidad, resulta una falsedad. Algo imposible de llevar a la realidad, sobre todo porque los gobiernos del AKP han tenido como objetivo, el recuperar el papel de Turqu\u00eda como potencia regional, sustentado hist\u00f3ricamente en lo que fue el Imperio Otomano que extend\u00eda su dominio desde parte del Magreb, el Golfo P\u00e9rsico y desde La Meca hasta los Balcanes y el C\u00e1ucaso. El cero problema con los vecinos se presenta as\u00ed, m\u00e1s como un discurso de buenas intenciones, que la posibilidad cierta de llevarlo a cabo sobre todo tras los actuales acontecimientos que visualizan una Turqu\u00eda con afanes claramente expansionistas con relaci\u00f3n a los kurdos, a Siria, a Irak y el papel cumplido como aliado de reg\u00edmenes extremistas como el saud\u00ed y el sionista.<\/p>\n<p>Turqu\u00eda es hoy, sobre todo con el triunfo de Erdogan en un refer\u00e9ndum que afianza sus poderes y los amplia en funci\u00f3n de un cambio del sistema pol\u00edtico institucional que reg\u00eda Turqu\u00eda, en un pa\u00eds que marcha hacia la conformaci\u00f3n de un Estado policial, autoritario y tremendamente sectario: con el cierre de peri\u00f3dicos, la represi\u00f3n a la minor\u00eda kurda, la instalaci\u00f3n de una pol\u00edtica donde s\u00f3lo cabe el AKP. La supresi\u00f3n llevada a cabo contra cualquier tipo de disidencia, sobre todo\u00a0 partir del atentado de bandera falsa de Ankara en octubre del a\u00f1o 2015, el posterior al Golpe de Estado de julio del a\u00f1o 2016 y la fuerte represi\u00f3n a cientos de miles de turcos acusados de G\u00fclenistas, confirman la deriva autocr\u00e1tica de Erdogan, que pone el sello de \u201clegal\u201d con su triunfo electoral.<\/p>\n<p>Una deriva autoritaria que se nutre tambi\u00e9n de un papel intervencionista en el plano externo. En la participaci\u00f3n turca en la agresi\u00f3n contra Siria. En su decisi\u00f3n de controlar la zona con poblaci\u00f3n kurda de este pa\u00eds levantino tratando de crear una zona de exclusi\u00f3n a\u00e9rea e ingresando tropas sin autorizaci\u00f3n del gobierno sirio. Su apoyo sostenido en m\u00faltiples campos a los grupos salafistas que operan tanto en Siria como en Irak \u2013 donde tambi\u00e9n Turqu\u00eda ha intervenido violando la soberan\u00eda iraqu\u00ed \u2013 Recordemos que Turqu\u00eda es miembro de la OTAN desde el a\u00f1o 1952 a la fecha cumpliendo un papel de punta de lanza, no s\u00f3lo contra la Federaci\u00f3n Rusa, sino que ejecutor de pol\u00edticas hostiles contra todas aquellas sociedades sujetas a los poderes hegem\u00f3nicos de esta Alianza Militar. Turqu\u00eda posee el segundo ej\u00e9rcito m\u00e1s grande de la OTAN, s\u00f3lo detr\u00e1s de Estados Unidos y ello no es casualidad, es parte de una estrategia mayor en oriente medio con relaci\u00f3n a ir\u00e1n y Rusia, principalmente.<\/p>\n<p>Turqu\u00eda, bajo Erdogan, ha cumplido un papel relevante en materia de control de cientos de miles de refugiados bajo el acuerdo tejido con la Uni\u00f3n Europea. Convenio que le ha reportado miles de millones de d\u00f3lares y la posibilidad de usar, como moneda de cambio a estos hombres, mujeres y ni\u00f1os que huyen de pa\u00edses en guerra, en su pol\u00edtica de litigios con Europa y su exigencia de ingresar al club europeo. Unamos a ello su abandono de la causa palestina, en funci\u00f3n de su acercamiento y acuerdos con la entidad sionista y la conformaci\u00f3n de una triada valedora del terror en la zona junto a Tel Aviv y Riad.<\/p>\n<p>Tras el triunfo de Erdogan en el refer\u00e9ndum de cambio constitucional y del sistema pol\u00edtico mediante 18 reformas constitucionales se nos presenta el sello del nuevo renacer imperial otomano. Erdogan ofrece hoy una radicalizaci\u00f3n de la l\u00ednea discursiva que planteaba el Neo-Otomanismo presentado por el ex Canciller (2009-2014) y ex Primer Ministro Ahmet Davutoglu (2014-2016) obviando en esta nueva visi\u00f3n post refer\u00e9ndum, aquella idea ut\u00f3pica de cero problemas con los vecinos y los deseos, ya no ocultos de recuperar su antigua zona de influencia, bajo el concepto que signa al Neo-Otomanismo: el de la Profundidad Estrat\u00e9gica.<\/p>\n<p>Todo lo mencionado son muestras m\u00e1s que elocuentes de la misi\u00f3n que cree desempe\u00f1ar Recep Tayyip Erdogan en la regi\u00f3n, en su objetivo de reflotar el antiguo esplendor otomano bajo la gu\u00eda de un Sult\u00e1n investido de plenos poderes. Ello, a partir de la aprobaci\u00f3n de un refer\u00e9ndum que le da las herramientas pol\u00edticas y legales a Erdogan, para afianzar su poder hasta el a\u00f1o 2034 afirmando su b\u00e1culo de poder en dos ejes: represi\u00f3n interna y agresi\u00f3n externa. Este domingo 16 de abril hemos sido testigo de la r\u00fabrica legal, que transita desde el Kemalismo al Neo Otomanismo, de un r\u00e9gimen parlamentario a un presidencial, de una democracia representativa (con todas las limitaciones que puede ofrecer) hacia la conformaci\u00f3n de un sultanato del siglo XXI.<\/p>\n","protected":false},"excerpt":{"rendered":"<p>Pablo Jofre Leal (teleSur, 17-4-17) &nbsp; El domingo 16 de abril la sociedad turca acudi\u00f3 a las urnas, para definir, mediante un refer\u00e9ndum convocado por el presidente Recep Tayyip Erdogan, si los electores, cercanos a los 55 millones habilitados para votar, otorgaban mayores poderes al ejecutivo mediante 18 reformas constitucionales o simplemente negaban la posibilidad [&hellip;]<\/p>\n","protected":false},"author":1,"featured_media":8430,"comment_status":"open","ping_status":"open","sticky":false,"template":"","format":"standard","meta":{"footnotes":""},"categories":[14,12],"tags":[],"class_list":["post-15730","post","type-post","status-publish","format-standard","has-post-thumbnail","hentry","category-internacionales","category-politica-3"],"_links":{"self":[{"href":"https:\/\/debateplural.net\/site\/wp-json\/wp\/v2\/posts\/15730"}],"collection":[{"href":"https:\/\/debateplural.net\/site\/wp-json\/wp\/v2\/posts"}],"about":[{"href":"https:\/\/debateplural.net\/site\/wp-json\/wp\/v2\/types\/post"}],"author":[{"embeddable":true,"href":"https:\/\/debateplural.net\/site\/wp-json\/wp\/v2\/users\/1"}],"replies":[{"embeddable":true,"href":"https:\/\/debateplural.net\/site\/wp-json\/wp\/v2\/comments?post=15730"}],"version-history":[{"count":1,"href":"https:\/\/debateplural.net\/site\/wp-json\/wp\/v2\/posts\/15730\/revisions"}],"predecessor-version":[{"id":15731,"href":"https:\/\/debateplural.net\/site\/wp-json\/wp\/v2\/posts\/15730\/revisions\/15731"}],"wp:featuredmedia":[{"embeddable":true,"href":"https:\/\/debateplural.net\/site\/wp-json\/wp\/v2\/media\/8430"}],"wp:attachment":[{"href":"https:\/\/debateplural.net\/site\/wp-json\/wp\/v2\/media?parent=15730"}],"wp:term":[{"taxonomy":"category","embeddable":true,"href":"https:\/\/debateplural.net\/site\/wp-json\/wp\/v2\/categories?post=15730"},{"taxonomy":"post_tag","embeddable":true,"href":"https:\/\/debateplural.net\/site\/wp-json\/wp\/v2\/tags?post=15730"}],"curies":[{"name":"wp","href":"https:\/\/api.w.org\/{rel}","templated":true}]}}