{"id":15753,"date":"2017-04-19T10:47:44","date_gmt":"2017-04-19T14:47:44","guid":{"rendered":"http:\/\/www.debateplural.com\/?p=15753"},"modified":"2017-04-19T10:47:44","modified_gmt":"2017-04-19T14:47:44","slug":"guerra-psicologica-el-portaviones-estadounidense-carl-vinson-no-viajo-a-las-costas-coreanas","status":"publish","type":"post","link":"https:\/\/debateplural.net\/site\/2017\/04\/19\/guerra-psicologica-el-portaviones-estadounidense-carl-vinson-no-viajo-a-las-costas-coreanas\/","title":{"rendered":"Guerra psicol\u00f3gica: el portaviones estadounidense Carl Vinson no viaj\u00f3 a las costas coreanas"},"content":{"rendered":"<p class=\"b-article__lead\">Pese a las declaraciones amenazadoras de EEUU sobre el grupo aeronaval encabezado por el USS Carl Vinson, que supuestamente se dirig\u00eda hacia las costas de pen\u00ednsula de Corea, el portaviones se encontraba en realidad a miles de kil\u00f3metros, en las tranquilas aguas del oc\u00e9ano \u00cdndico.<\/p>\n<p class=\"b-article__lead\">Mientras que en la pen\u00ednsula de Corea aumentaban las tensiones relacionadas con las declaraciones del almirante estadounidense Harry Harris, el secretario de Defensa, James Mattis, y el presidente de EEUU, Donald Trump, acerca de \"una armada muy potente\" que se encaminaba a las costas de la pen\u00ednsula, el grupo aeronaval, en realidad, iba a participar en unos ejercicios programados con Australia, seg\u00fan inform\u00f3 Defense News.<\/p>\n<p>Adem\u00e1s, en la fotograf\u00eda, publicada por la Armada de EEUU, se observa que, el 15 de abril, el portaviones estaba navegando en las tranquilas aguas del estrecho de la Sonda, entre las islas indonesias de Sumatra y Java. Otras fotos de la Marina de EEUU demuestran que m\u00e1s tarde el mismo d\u00eda, el buque segu\u00eda en el \u00cdndico.<\/p>\n<p>La presencia del grupo aeronaval de EEUU y la amenaza del ataque militar contra Corea del Norte alteraron seriamente las opiniones de los chinos y la ret\u00f3rica de los medios locales. El canciller chino, Wang Yi, advirti\u00f3 que llegaban \"nubes de tormenta\" y aumentaba el riesgo de conflicto.<\/p>\n<p>Los analistas del gigante asi\u00e1tico opinan que se trata de una guerra psicol\u00f3gica o un farol\u00a0\u2014&#8217;bluff&#8217;\u2014, parte de un juego bien pensado. Uno de los que sostiene esta teor\u00eda es Cai Jian, experto del Centro de Estudios Coreanos de la Universidad de Fudan en Shangh\u00e1i, citado por The Washington Post.<\/p>\n<p class=\"marker-quote1\">\"En plena confrontaci\u00f3n, la guerra psicol\u00f3gica tiene una gran importancia\", asegur\u00f3.<\/p>\n<p class=\"marker-quote1\">\u200bOtro especialista\u00a0\u2014Ross Babbage, cient\u00edfico del Centro para Evaluaciones Estrat\u00e9gicas y de Presupuesto con sede en Washington, citado por el mismo medio\u2014 defendi\u00f3 la maniobra afirmando que \"es posible que esta medida represente una se\u00f1al militar\" de EEUU.<\/p>\n<p>\"Es m\u00e1s que un 'bluff'. Un farol significa ausencia de intenci\u00f3n seria. Y la actual Administraci\u00f3n estadounidense no gasta bromas y act\u00faa muy en serio. Los intentos de hacer a Corea del Norte abandonar la idea de la creaci\u00f3n de armas nucleares duran ya cuatro d\u00e9cadas\", cita el diario al analista.<\/p>\n<p>Seg\u00fan Babbage, es posible que antes de enviar el grupo aeronaval al norte, la Administraci\u00f3n Trump haya decidido \"darle un poco de tiempo a China\" para que presione a Corea del Norte.<\/p>\n<p class=\"marker-quote1\">\"Sea como fuere, es muy probable que el grupo naval de ataque se est\u00e9 dirigiendo ahora, en realidad, hacia el norte\", aseguran los autores del art\u00edculo del Washington Post.<\/p>\n<p class=\"marker-quote1\">Citando a fuentes del funcionariado de Corea del Sur, el medio Korea Herald inform\u00f3 que \"el grupo aeronaval de combate se unir\u00e1 a la Marina de Guerra de Corea del Sur para llevar a cabo ejercicios navales a gran escala, cuyo objetivo es contrarrestar las provocaciones de Pyongyang\".<\/p>\n<p>Seg\u00fan el medio surcoreano Yonhap, el 25 de abril el portaviones nuclear USS Carl Vinson entrar\u00e1 en el mar de Jap\u00f3n, donde adem\u00e1s estar\u00e1n los portaviones USS Ronald Reagan y USS Nimitz.<\/p>\n<p>No obstante, tras la revelaci\u00f3n actual, quedar\u00e1 por ver si los grupos navales estadounidenses realmente se dirigen a las costas coreanas o si se trata de otro farol.<\/p>\n","protected":false},"excerpt":{"rendered":"<p>Pese a las declaraciones amenazadoras de EEUU sobre el grupo aeronaval encabezado por el USS Carl Vinson, que supuestamente se dirig\u00eda hacia las costas de pen\u00ednsula de Corea, el portaviones se encontraba en realidad a miles de kil\u00f3metros, en las tranquilas aguas del oc\u00e9ano \u00cdndico. Mientras que en la pen\u00ednsula de Corea aumentaban las tensiones [&hellip;]<\/p>\n","protected":false},"author":1,"featured_media":15754,"comment_status":"open","ping_status":"open","sticky":false,"template":"","format":"standard","meta":{"footnotes":""},"categories":[14,12],"tags":[],"class_list":["post-15753","post","type-post","status-publish","format-standard","has-post-thumbnail","hentry","category-internacionales","category-politica-3"],"_links":{"self":[{"href":"https:\/\/debateplural.net\/site\/wp-json\/wp\/v2\/posts\/15753"}],"collection":[{"href":"https:\/\/debateplural.net\/site\/wp-json\/wp\/v2\/posts"}],"about":[{"href":"https:\/\/debateplural.net\/site\/wp-json\/wp\/v2\/types\/post"}],"author":[{"embeddable":true,"href":"https:\/\/debateplural.net\/site\/wp-json\/wp\/v2\/users\/1"}],"replies":[{"embeddable":true,"href":"https:\/\/debateplural.net\/site\/wp-json\/wp\/v2\/comments?post=15753"}],"version-history":[{"count":1,"href":"https:\/\/debateplural.net\/site\/wp-json\/wp\/v2\/posts\/15753\/revisions"}],"predecessor-version":[{"id":15755,"href":"https:\/\/debateplural.net\/site\/wp-json\/wp\/v2\/posts\/15753\/revisions\/15755"}],"wp:featuredmedia":[{"embeddable":true,"href":"https:\/\/debateplural.net\/site\/wp-json\/wp\/v2\/media\/15754"}],"wp:attachment":[{"href":"https:\/\/debateplural.net\/site\/wp-json\/wp\/v2\/media?parent=15753"}],"wp:term":[{"taxonomy":"category","embeddable":true,"href":"https:\/\/debateplural.net\/site\/wp-json\/wp\/v2\/categories?post=15753"},{"taxonomy":"post_tag","embeddable":true,"href":"https:\/\/debateplural.net\/site\/wp-json\/wp\/v2\/tags?post=15753"}],"curies":[{"name":"wp","href":"https:\/\/api.w.org\/{rel}","templated":true}]}}