{"id":15808,"date":"2017-04-21T10:03:06","date_gmt":"2017-04-21T14:03:06","guid":{"rendered":"http:\/\/www.debateplural.com\/?p=15808"},"modified":"2017-04-21T10:03:06","modified_gmt":"2017-04-21T14:03:06","slug":"asad-en-entrevista-a-sputnik-occidente-exagera-la-cifra-de-muertos-en-siria-para-tener-un-pretexto-para-la-invasion","status":"publish","type":"post","link":"https:\/\/debateplural.net\/site\/2017\/04\/21\/asad-en-entrevista-a-sputnik-occidente-exagera-la-cifra-de-muertos-en-siria-para-tener-un-pretexto-para-la-invasion\/","title":{"rendered":"Asad en entrevista a Sputnik: Occidente exagera la cifra de muertos en Siria para tener un pretexto para la invasi\u00f3n"},"content":{"rendered":"<p class=\"b-article__lead\">El presidente de Siria, Bashar Asad, afirm\u00f3 en una entrevista a Sputnik que las estimaciones de la ONU sobre el n\u00famero de muertos en el conflicto no son precisas y que Occidente exagera esa cifra para justificar la invasi\u00f3n.<\/p>\n<div class=\"b-article__text\">\n<p>A la pregunta de cu\u00e1ntas v\u00edctimas provoc\u00f3 la guerra desde 2011, Asad dijo que \"en realidad, s\u00f3lo podemos hablar de n\u00fameros oficiales\".<\/p>\n<p class=\"marker-quote1\">\"Son decenas de miles, no cientos de miles como dicen los medios de comunicaci\u00f3n\", declar\u00f3 el presidente de Siria.<\/p>\n<p class=\"marker-quote1\">Seg\u00fan Asad, Occidente incluye en el n\u00famero de muertos a los terroristas, entre ellos combatientes extranjeros, que no figuran en las estad\u00edsticas oficiales de las v\u00edctimas.<\/p>\n<p>\"Los n\u00fameros que hemos escuchado de los medios de comunicaci\u00f3n occidentales a lo largo de los \u00faltimos seis a\u00f1os no eran precisos, la cifra se infla solo para mostrar lo horrible que es la situaci\u00f3n y utilizarlo como pretexto humanitario para intervenir en Siria\", subray\u00f3.<\/p>\n<p>El presidente de Siria tampoco est\u00e1 de acuerdo con la estimaci\u00f3n de la ONU que \"no dispone de medios para hacer los c\u00e1lculos\".<\/p>\n<p class=\"marker-quote1\">\"Las Naciones Unidas no tienen ning\u00fan medio para calcular las cifras, en realidad nadie tiene como he dicho, porque est\u00e1n hablando de diferentes facciones, extranjeros, nacionales sirios, terroristas, etc\u00e9tera\", se\u00f1al\u00f3.<\/p>\n<p class=\"marker-quote1\">El mandatario sirio reafirm\u00f3 que \"lo \u00fanico que tenemos son los registros oficiales\".<\/p>\n<p>Adem\u00e1s, hablando sobre el reciente ataque de EEUU contra la base a\u00e9rea de Shairat, el mandatario afirm\u00f3 que el Ej\u00e9rcito gubernamental perdi\u00f3 m\u00e1s del 50% de su capacidad antia\u00e9rea en los seis a\u00f1os de la guerra, lo que explica la falta de respuesta al ataque estadounidense.<\/p>\n<p class=\"marker-quote1\">\"Los terroristas empezaron sus ataques destruyendo la defensa antia\u00e9rea de Siria (\u2026) Fue el primer objetivo\", se\u00f1al\u00f3 Asad.<\/p>\n<p>El presidente rehus\u00f3 dar un n\u00famero preciso, por tratarse de informaci\u00f3n militar, pero reconoci\u00f3 que es m\u00e1s de la mitad.<\/p>\n<p>\"Puedo decirles que m\u00e1s del cincuenta por ciento\", dijo a la pregunta de cu\u00e1ntos sistemas antia\u00e9reos hab\u00eda perdido Siria antes del ataque estadounidense.<\/p>\n<p>Asad dijo que Rusia hab\u00eda compensado en parte ese da\u00f1o con armas y sistemas de alta calidad, pero remarc\u00f3 que \"toma mucho tiempo restablecer la defensa antia\u00e9rea en su totalidad\".<\/p>\n<p>Siria lleva seis a\u00f1os sumida en una guerra en la que las tropas gubernamentales se enfrentan a grupos insurgentes y terroristas.<\/p>\n<p>Seg\u00fan los datos de altos cargos de la ONU, entre 300.000 y 400.000 personas perdieron la vida en el conflicto.<\/p>\n<\/div>\n","protected":false},"excerpt":{"rendered":"<p>El presidente de Siria, Bashar Asad, afirm\u00f3 en una entrevista a Sputnik que las estimaciones de la ONU sobre el n\u00famero de muertos en el conflicto no son precisas y que Occidente exagera esa cifra para justificar la invasi\u00f3n. A la pregunta de cu\u00e1ntas v\u00edctimas provoc\u00f3 la guerra desde 2011, Asad dijo que \"en realidad, [&hellip;]<\/p>\n","protected":false},"author":1,"featured_media":0,"comment_status":"open","ping_status":"open","sticky":false,"template":"","format":"standard","meta":{"footnotes":""},"categories":[14,12],"tags":[],"class_list":["post-15808","post","type-post","status-publish","format-standard","hentry","category-internacionales","category-politica-3"],"_links":{"self":[{"href":"https:\/\/debateplural.net\/site\/wp-json\/wp\/v2\/posts\/15808"}],"collection":[{"href":"https:\/\/debateplural.net\/site\/wp-json\/wp\/v2\/posts"}],"about":[{"href":"https:\/\/debateplural.net\/site\/wp-json\/wp\/v2\/types\/post"}],"author":[{"embeddable":true,"href":"https:\/\/debateplural.net\/site\/wp-json\/wp\/v2\/users\/1"}],"replies":[{"embeddable":true,"href":"https:\/\/debateplural.net\/site\/wp-json\/wp\/v2\/comments?post=15808"}],"version-history":[{"count":1,"href":"https:\/\/debateplural.net\/site\/wp-json\/wp\/v2\/posts\/15808\/revisions"}],"predecessor-version":[{"id":15809,"href":"https:\/\/debateplural.net\/site\/wp-json\/wp\/v2\/posts\/15808\/revisions\/15809"}],"wp:attachment":[{"href":"https:\/\/debateplural.net\/site\/wp-json\/wp\/v2\/media?parent=15808"}],"wp:term":[{"taxonomy":"category","embeddable":true,"href":"https:\/\/debateplural.net\/site\/wp-json\/wp\/v2\/categories?post=15808"},{"taxonomy":"post_tag","embeddable":true,"href":"https:\/\/debateplural.net\/site\/wp-json\/wp\/v2\/tags?post=15808"}],"curies":[{"name":"wp","href":"https:\/\/api.w.org\/{rel}","templated":true}]}}