{"id":16033,"date":"2017-04-29T12:54:54","date_gmt":"2017-04-29T16:54:54","guid":{"rendered":"http:\/\/www.debateplural.com\/?p=16033"},"modified":"2017-04-29T12:54:54","modified_gmt":"2017-04-29T16:54:54","slug":"exaltacion-de-caamano-mediante-un-cenotafio","status":"publish","type":"post","link":"https:\/\/debateplural.net\/site\/2017\/04\/29\/exaltacion-de-caamano-mediante-un-cenotafio\/","title":{"rendered":"\u00bfExaltaci\u00f3n de Caama\u00f1o mediante un cenotafio?"},"content":{"rendered":"<p>La comisi\u00f3n oficial designada por la Ley 4\/13 de 15 de febrero de 2013, para la organizaci\u00f3n y celebraci\u00f3n de los actos de exaltaci\u00f3n del Coronel Francisco Alberto Caama\u00f1o De\u00f1\u00f3 al Pante\u00f3n de la Patria, por su compromiso hist\u00f3rico y las obligaciones y facultades derivadas de dicha ley, desea anunciar al pa\u00eds, que en sus diferentes sesiones ha aprobado las siguientes resoluciones:<\/p>\n<p>1) Se fij\u00f3 el d\u00eda 24 de abril de 2013 para la realizaci\u00f3n de los actos de exaltaci\u00f3n del Coronel Francisco Alberto Caama\u00f1o De\u00f1\u00f3 al Pante\u00f3n Nacional.<\/p>\n<p>2) Se orden\u00f3 la realizaci\u00f3n de las pruebas de ADN a los restos que se encuentran en el Cementerio de la Avenida M\u00e1ximo G\u00f3mez, a caro del Instituto Nacional de Ciencias Forenses (INACIF), para determinar su autenticidad.<\/p>\n<p>3) Se aprob\u00f3 que debido a que la realizaci\u00f3n de las pruebas de ADN a los restos del cad\u00e1ver que descansa en su tumba no habr\u00e1n concluido para el 24 de abril de 2013, y con el fin de dar cumplimiento a la Ley 4\/13 de 15 de febrero de 2013, se exaltar\u00e1 al Coronel Francisco Alberto Caama\u00f1o De\u00f1\u00f3 a trav\u00e9s de un cenotafio, en el que habr\u00e1 una leyenda que dir\u00e1 \u201ca la espera de sus restos\u201d.<\/p>\n<p>4) Se aprob\u00f3 la realizaci\u00f3n de actos militares y civiles conforme al protocolo que para tan especial ocasi\u00f3n est\u00e1n establecidos en las normas vigentes a tales efectos.<\/p>\n<p>5) Se aprob\u00f3 el lugar del Pante\u00f3n de la Patria donde estar\u00e1 ubicado el cenotafio desde el d\u00eda 24 de abril de 2013, espec\u00edficamente en el lugar m\u00e1s alto y en el centro de la galer\u00eda que se encuentra en el ala derecha desde la entrada del Pante\u00f3n, inaugurando con ello dicha galer\u00eda, por no encontrarse ningunos restos ni cenotafios, la que ser\u00e1 llamada la galer\u00eda de los libertadores y restauradores contempor\u00e1neos. La lapida tendr\u00e1 la siguiente leyenda: Coronel Francisco Alberto Caama\u00f1o De\u00f1\u00f3, Presidente de la Rep\u00fablica (1965), fecha de nacimiento y a seguidas fecha de la muerte, 24 de abril 2013, a la espera de sus restos.<\/p>\n<p>6) Se confeccion\u00f3 y aprob\u00f3 la agenda del Ceremonial de exaltaci\u00f3n, as\u00ed como la distribuci\u00f3n de las responsabilidades de cada uno de los comisionados y los dem\u00e1s participantes en la sesi\u00f3n.<\/p>\n<p>7) Se aprob\u00f3 que una vez se constate la autenticidad de los restos del Coronel Caama\u00f1o, se realizar\u00e1 una ceremonia oficial, de car\u00e1cter p\u00fablico, mediante un recorrido con la urna contentiva de sus restos que iniciar\u00e1 en el Puente Duarte y continuar\u00e1 en la Fortaleza de Santo Domingo (Ozama), Edificio Copello y Puerta del Conde y descansar\u00e1n en la\u00a0 iglesia de las Mercedes de la Zona Colonial para que sean expuestos a todo el pa\u00eds. De igual manera se aprob\u00f3 el traslado de los restos al Palacio Nacional, en el lugar destinado a esos fines, para que est\u00e9n en capilla ardiente y les sean rendidos los honores correspondientes por parte del Presidente de la Rep\u00fablica y los funcionarios del gobierno y de los poderes p\u00fablicos. Posteriormente se realizar\u00e1n los actos de traslado al Pante\u00f3n de la Patria de los restos del \u201cCoronel de Abril\u201d en fecha que ser\u00e1 oportunamente comunicada al pa\u00eds.<\/p>\n<p>De igual forma la Comisi\u00f3n desea dejar constancia de las razones fundamentales por las cuales el Coronel de abril ser\u00e1 exaltado al Pante\u00f3n de la Patria.<\/p>\n<p>Luego del derrocamiento del presidente constitucional profesor Juan Bosch, el 25 de septiembre de 1963, golpe de Estado anti-democr\u00e1tico que indign\u00f3 a hombres y mujeres del pa\u00eds, importantes sectores de los cuerpos castrenses dominicanos liderados por el coronel Rafael Fern\u00e1ndez Dom\u00ednguez y por el coronel \u00a0Francisco Alberto Caama\u00f1o De\u00f1\u00f3, iniciaron acciones para lograr el restablecimiento del orden constitucional.<\/p>\n<p>El coronel Francisco Alberto Caama\u00f1o De\u00f1\u00f3 se convirti\u00f3 en el l\u00edder principal y figura emblem\u00e1tica, paradigm\u00e1tica y s\u00edmbolo de los dominicanos durante la Guerra de abril de 1965, destac\u00e1ndose su arrojo, patriotismo y profundo respeto y defensa de los principios y valores democr\u00e1ticos.<\/p>\n<p>Caama\u00f1o De\u00f1\u00f3 fue elegido por el Congreso Nacional, el 3 de mayo de 1965, Presidente Constitucional de la Rep\u00fablica Dominicana, tomando posesi\u00f3n de la presidencia el 4 de mayo del mismo a\u00f1o, permaneciendo al frente de los destinos del Estado hasta el 3 de septiembre, cuando se firm\u00f3 el Acta de Reconciliaci\u00f3n Nacional.<\/p>\n<p>Desde la presidencia de la Rep\u00fablica el \u201cCoronel de Abril\u201d defendi\u00f3 dignamente la soberan\u00eda nacional y dirigi\u00f3 el pa\u00eds con el objetivo esencial de procurar la preservaci\u00f3n de los derechos de las personas, la democracia y la justicia social, as\u00ed como el respeto por las libertades p\u00fablicas y reconocimiento de las gestas patri\u00f3ticas.<\/p>\n<p>Sus altos m\u00e9ritos patri\u00f3ticos lo convirtieron en h\u00e9roe nacional siendo merecedor de elevarlo al m\u00e1s alto lugar de la patria. \u00a1Honra y Loor a su nombre y a su ejemplo!.<\/p>\n","protected":false},"excerpt":{"rendered":"<p>La comisi\u00f3n oficial designada por la Ley 4\/13 de 15 de febrero de 2013, para la organizaci\u00f3n y celebraci\u00f3n de los actos de exaltaci\u00f3n del Coronel Francisco Alberto Caama\u00f1o De\u00f1\u00f3 al Pante\u00f3n de la Patria, por su compromiso hist\u00f3rico y las obligaciones y facultades derivadas de dicha ley, desea anunciar al pa\u00eds, que en sus [&hellip;]<\/p>\n","protected":false},"author":1,"featured_media":10081,"comment_status":"open","ping_status":"open","sticky":false,"template":"","format":"standard","meta":{"footnotes":""},"categories":[5,12],"tags":[],"class_list":["post-16033","post","type-post","status-publish","format-standard","has-post-thumbnail","hentry","category-nacionales","category-politica-3"],"_links":{"self":[{"href":"https:\/\/debateplural.net\/site\/wp-json\/wp\/v2\/posts\/16033"}],"collection":[{"href":"https:\/\/debateplural.net\/site\/wp-json\/wp\/v2\/posts"}],"about":[{"href":"https:\/\/debateplural.net\/site\/wp-json\/wp\/v2\/types\/post"}],"author":[{"embeddable":true,"href":"https:\/\/debateplural.net\/site\/wp-json\/wp\/v2\/users\/1"}],"replies":[{"embeddable":true,"href":"https:\/\/debateplural.net\/site\/wp-json\/wp\/v2\/comments?post=16033"}],"version-history":[{"count":1,"href":"https:\/\/debateplural.net\/site\/wp-json\/wp\/v2\/posts\/16033\/revisions"}],"predecessor-version":[{"id":16034,"href":"https:\/\/debateplural.net\/site\/wp-json\/wp\/v2\/posts\/16033\/revisions\/16034"}],"wp:featuredmedia":[{"embeddable":true,"href":"https:\/\/debateplural.net\/site\/wp-json\/wp\/v2\/media\/10081"}],"wp:attachment":[{"href":"https:\/\/debateplural.net\/site\/wp-json\/wp\/v2\/media?parent=16033"}],"wp:term":[{"taxonomy":"category","embeddable":true,"href":"https:\/\/debateplural.net\/site\/wp-json\/wp\/v2\/categories?post=16033"},{"taxonomy":"post_tag","embeddable":true,"href":"https:\/\/debateplural.net\/site\/wp-json\/wp\/v2\/tags?post=16033"}],"curies":[{"name":"wp","href":"https:\/\/api.w.org\/{rel}","templated":true}]}}