{"id":16226,"date":"2017-05-06T12:42:07","date_gmt":"2017-05-06T16:42:07","guid":{"rendered":"http:\/\/www.debateplural.com\/?p=16226"},"modified":"2017-05-06T12:42:07","modified_gmt":"2017-05-06T16:42:07","slug":"colombia-y-venezuela-momento-decisivo-de-dos-naciones-hermanas","status":"publish","type":"post","link":"https:\/\/debateplural.net\/site\/2017\/05\/06\/colombia-y-venezuela-momento-decisivo-de-dos-naciones-hermanas\/","title":{"rendered":"Colombia y Venezuela: momento decisivo de dos naciones hermanas"},"content":{"rendered":"<p>Oto Higuita (teleSur, 6-5-17)<\/p>\n<p>&nbsp;<\/p>\n<p>Colombia y Venezuela atraviesan un momento complejo de su historia como naciones. Ambas viven una encendida disputa entre fuerzas e intereses pol\u00edticos contrarios. La intensa batalla pol\u00edtica, ideol\u00f3gica, medi\u00e1tica y violenta que se vive a lado y lado, mantiene en permanente movimiento sus cimientos. Este escenario de disputa por el poder no es ajeno al inter\u00e9s de Estados Unidos por mantener su papel hegem\u00f3nico en la regi\u00f3n.<\/p>\n<p>Lo parad\u00f3jico es que mientras en Colombia se busca avanzar hacia una situaci\u00f3n pol\u00edtica que deje atr\u00e1s el enfrentamiento armado entre el Estado y la insurgencia, por medio del di\u00e1logo y los Acuerdos de paz, no exento de trabas y contradicciones; en Venezuela el desaf\u00edo temerario de la oposici\u00f3n golpista, parece que fuera en la direcci\u00f3n contraria, hacia una situaci\u00f3n de enfrentamiento armado abandonando el di\u00e1logo y la concertaci\u00f3n, negando la pol\u00edtica, con el objetivo de derrocar violentamente el gobierno legalmente constituido.<\/p>\n<p>En el caso colombiano la decisi\u00f3n de volver a la lucha pol\u00edtica para dirimir las contradicciones inherentes a la saciedad, tiene tan profundo significado que ha desatado un complejo proceso de polarizaci\u00f3n y divisi\u00f3n en dos grandes tendencias, con variables y configuraciones en desarrollo. Los que est\u00e1n por el fin del largo conflicto armado y la implementaci\u00f3n de los Acuerdos; y los que se oponen, incluso violentamente, al esperanzador intento de reconciliaci\u00f3n de la sociedad.<\/p>\n<p>El actual presidente Juan Manuel Santos, quien agrupa un importante sector pol\u00edtico y econ\u00f3mico dio el viraje y rompi\u00f3 el consenso que exist\u00eda en la clase dominante que a\u00fan en el 2012, cuando se inauguraron los di\u00e1logos de paz, cre\u00eda que era posible la derrota militar de las guerrillas; tiene como soporte poderosos grupos econ\u00f3micos ligados al capital financiero, la inversi\u00f3n extranjera, las \u00a0transnacionales, el modelo neoliberal y la pol\u00edtica extractiva como sus estandartes. Esta facci\u00f3n predominante busca, al m\u00ednimo costo, una paz barata que confiera unos m\u00ednimos a la insurgencia pero, sobre todo, que el Acuerdo no modifique sustancialmente la estructura de poder y garantice una mayor tasa de ganancia a sus capitales.<\/p>\n<p>La facci\u00f3n de extrema derecha que encabeza Alvaro Uribe, ex-presidente (2002-2010) quien con la \u201cseguridad democr\u00e1tica\u201d, el apoyo militar y la inteligencia aportada por Estados Unidos a trav\u00e9s del Plan Colombia, desat\u00f3 una guerra antinarc\u00f3ticos, que en realidad fue una guerra contrainsurgente que al cabo de 15 a\u00f1os y tras la oposici\u00f3n y resistencia popular y militar de la guerrilla (de la cual particip\u00f3 Santos como ministro de defensa del gobierno de Uribe) lo llev\u00f3 a un inevitable desgaste, deslegitimaci\u00f3n y debilitamiento, adem\u00e1s del desprestigio internacional por la masiva y sistem\u00e1tica violaci\u00f3n de Derechos Humanos.<\/p>\n<p>La situaci\u00f3n de Venezuela las dos \u00faltimas d\u00e9cadas ha sido completamente diferente a la colombiana. Su pol\u00edtica econ\u00f3mica no sigue el repetido gui\u00f3n de la mayor\u00eda de las naciones del continente, el neoliberalismo que esencialmente privatiz\u00f3 el patrimonio p\u00fablico. Por el contrario, all\u00ed se ha priorizando la distribuci\u00f3n de la principal riqueza de sus suelos, el ingreso petrolero, entre la mayor\u00eda social, pol\u00edtica y econ\u00f3micamente excluida por quienes antes gobernaron para sus intereses y los de la potencia del Norte. Renta petrolera que con la ca\u00edda de los precios internacionales, ha causado un debilitamiento de las finanzas p\u00fablicas y obligado al gobierno de Nicol\u00e1s Maduro a hacer reformas y cambios para superar los problemas por la ca\u00edda del precio. Esta situaci\u00f3n, ligada al d\u00e9bil crecimiento productivo del pa\u00eds, a la escasez de alimentos y el acaparamiento permanente de los grandes comerciantes, especuladores y contrabandista, ha profundizado la crisis que hoy quieren aprovechar para generar un estallido violento la oposici\u00f3n golpista con el asesoramiento y apoyo de Estado Unidos. Estas son las claves para entender el odio, violencia y permanente ataque de que es objeto la Rep\u00fablica Bolivariana por sus dos enemigos fundamentales.<\/p>\n<p>En Venezuela la lucha pol\u00edtica y las transformaciones democr\u00e1ticas que se han logrado en la sociedad, desde la estructura de poder del Estado, en educaci\u00f3n, salud, vivienda, cultura y mejoras salariales, requisitos fundamentales del buen vivir de toda la poblaci\u00f3n, est\u00e1n en juego, por la presi\u00f3n y ataque constante que est\u00e1 sufriendo. Conquistas resultado del amplio movimiento popular y social de base que desat\u00f3 Hugo Ch\u00e1vez a partir de la V Rep\u00fablica, durante su primer gobierno, con el objeto de generar prosperidad y paz entre el pueblo Bolivariano.<\/p>\n<p>Entre Colombia y Venezuela existen lasos hist\u00f3ricos de hermandad y solidaridad, que si bien se rompieron tempranamente un d\u00eda por los intereses sectarios de quienes quedaron al frente del destino de ambas rep\u00fablicas, hoy vuelven a estar a prueba en esta intensa y determinante batalla por la dignidad, la soberan\u00eda y el buen vivir de ambos pueblos. Hay que ampliar la lucha porque a Venezuela sus enemigos m\u00e1s enconados no le arrebaten el derecho a vivir en paz y prosperidad; ni a Colombia los suyos impedir el logro de la paz y la justicia social para el buen vivir de su pueblo. Retos gigantes de pueblos hermanados.<\/p>\n","protected":false},"excerpt":{"rendered":"<p>Oto Higuita (teleSur, 6-5-17) &nbsp; Colombia y Venezuela atraviesan un momento complejo de su historia como naciones. Ambas viven una encendida disputa entre fuerzas e intereses pol\u00edticos contrarios. La intensa batalla pol\u00edtica, ideol\u00f3gica, medi\u00e1tica y violenta que se vive a lado y lado, mantiene en permanente movimiento sus cimientos. Este escenario de disputa por el [&hellip;]<\/p>\n","protected":false},"author":1,"featured_media":15236,"comment_status":"open","ping_status":"open","sticky":false,"template":"","format":"standard","meta":{"footnotes":""},"categories":[14,12],"tags":[],"class_list":["post-16226","post","type-post","status-publish","format-standard","has-post-thumbnail","hentry","category-internacionales","category-politica-3"],"_links":{"self":[{"href":"https:\/\/debateplural.net\/site\/wp-json\/wp\/v2\/posts\/16226"}],"collection":[{"href":"https:\/\/debateplural.net\/site\/wp-json\/wp\/v2\/posts"}],"about":[{"href":"https:\/\/debateplural.net\/site\/wp-json\/wp\/v2\/types\/post"}],"author":[{"embeddable":true,"href":"https:\/\/debateplural.net\/site\/wp-json\/wp\/v2\/users\/1"}],"replies":[{"embeddable":true,"href":"https:\/\/debateplural.net\/site\/wp-json\/wp\/v2\/comments?post=16226"}],"version-history":[{"count":1,"href":"https:\/\/debateplural.net\/site\/wp-json\/wp\/v2\/posts\/16226\/revisions"}],"predecessor-version":[{"id":16227,"href":"https:\/\/debateplural.net\/site\/wp-json\/wp\/v2\/posts\/16226\/revisions\/16227"}],"wp:featuredmedia":[{"embeddable":true,"href":"https:\/\/debateplural.net\/site\/wp-json\/wp\/v2\/media\/15236"}],"wp:attachment":[{"href":"https:\/\/debateplural.net\/site\/wp-json\/wp\/v2\/media?parent=16226"}],"wp:term":[{"taxonomy":"category","embeddable":true,"href":"https:\/\/debateplural.net\/site\/wp-json\/wp\/v2\/categories?post=16226"},{"taxonomy":"post_tag","embeddable":true,"href":"https:\/\/debateplural.net\/site\/wp-json\/wp\/v2\/tags?post=16226"}],"curies":[{"name":"wp","href":"https:\/\/api.w.org\/{rel}","templated":true}]}}