{"id":16461,"date":"2017-05-17T09:55:36","date_gmt":"2017-05-17T13:55:36","guid":{"rendered":"http:\/\/www.debateplural.com\/?p=16461"},"modified":"2017-05-17T09:55:36","modified_gmt":"2017-05-17T13:55:36","slug":"si-yo-soy-marxista","status":"publish","type":"post","link":"https:\/\/debateplural.net\/site\/2017\/05\/17\/si-yo-soy-marxista\/","title":{"rendered":"\u201cS\u00ed, yo soy marxista\u201d"},"content":{"rendered":"<p>Matias Bosch (Listin, 20-9-13)<\/p>\n<div id=\"ArticleSourceDivMail\" class=\"article-body-author\"><b>\u00a0<\/b><\/div>\n<div id=\"ArticleBody\">\n<p><i>(A los que han sobrevivido sin venderse, y a Andr\u00e9s Blanco, joven estudiante dominicano desaparecido en Chile entre el 11 y 12 de septiembre de 1973.)<\/i><\/p>\n<p>Era apenas el d\u00eda siguiente al golpe de Estado fascista en Chile y ya se estaban ejecutando los allanamientos. Entre los primeros turnos le toc\u00f3 a las poblaciones populares, donde centenares de j\u00f3venes \u201cupelientos\u201d fueron cargados en camiones para no aparecer nunca m\u00e1s. Tambi\u00e9n le toc\u00f3 a otros sitios, donde resid\u00eda el sector profesional-clase media que prestaba servicios a la causa de la V\u00eda Chilena al Socialismo. Los primeros noventa d\u00edas de tiran\u00eda fascista-capitalista-entreguista fueron el s\u00fammum del genocidio: \u201climpieza\u201d pura y dura. Fue como los doce a\u00f1os de invasi\u00f3n y balaguerato, pero condensados y sin pausas.<\/p>\n<p>Fue el caso del residencial Torres San Borja, ubicado en Diagonal Paraguay con calle Lira, en el centro de Santiago de Chile. All\u00ed, en el \u00faltimo piso, viv\u00edan mis padres Patricio (27 a\u00f1os) y mi madre Rosario (37 a\u00f1os). \u00c9l, profesor de Historia para trabajadores, Ella coordinadora del \u00e1rea de Mujeres Pobladoras del programa de formaci\u00f3n de adultos del Ministerio de Educaci\u00f3n. Mi padre cubano, mi madre militante socialista.<\/p>\n<p>Llegaron los \u201cmilicos\u201d (los golpistas traidores, porque hubo otros muchos que no mancharon su uniforme, siendo eliminados), usando a aquellos muchachos soldados y conscriptos del servicio militar a los que drogaron para hacer atrocidades, e hicieron a todos bajar de sus casas al lobby. Abajo, un uruguayo que se hab\u00eda dedicado a ser el m\u00e1s radical de las juntas de vecinos, les indicaba uno a uno \u201cqui\u00e9n es qui\u00e9n\u201d.<\/p>\n<p>Mi padre fue uno de los primeros mandados afuera, a la acera, acostado boca abajo con fusiles apunt\u00e1ndoles. Mientras, algunos vecinos sal\u00edan a los pasillos y balcones, gritando: \u201c\u00a1M\u00e1tenlos a todos!\u201d \u201c\u00a1Comunistas de mierda!\u201d&#8230; Hubo quien sali\u00f3 con una botella de champagne, a brindar anticipadamente por la masacre de sus enemigos de clase y conciencia.<\/p>\n<p>Al otro d\u00eda, 13 de septiembre, un milagro permiti\u00f3 a mis padres salir con lo puesto y un peque\u00f1o bultito, rumbo a la casa de los abuelos. Despu\u00e9s vino la salida forzosa de ellos y mi t\u00eda Carmen Carcuro Leone, culminando en Cuba: mi madre desterrada con la tristemente famosa \u201cL\u201d en su pasaporte, sin poder entrar a su Patria hasta 1989, sin trabajo pero digna y echando pa\u2019lante a sus hijos; mi padre, igualmente, profesor de Historia para obreros; mi t\u00eda, maestra, viendo siempre c\u00f3mo retornar, hasta que lo logr\u00f3.<\/p>\n<p>Los tres podr\u00edan haberse quedado en M\u00e9xico, atendidos por la mism\u00edsima Primera Dama, con casa, trabajo, todo, o venir a Rep\u00fablica Dominicana, como familia del expresidente Juan Bosch. Pero no: eligieron la vida en que cre\u00edan y sent\u00edan el deber de vivir, con goce, alegr\u00eda y entrega total.<\/p>\n<p>Desde hace a\u00f1os venimos escuchando un discurso neoliberal-progresista-buenaonda que \u201ccondena\u201d el golpismo fascista y las tiran\u00edas porque practicaron la \u201cintolerancia\u201d y la \u201cviolencia\u201d, prohibiendo a la gente \u201cpensar libremente\u201d y \u201cpracticando el autoritarismo\u201d. Contra ese sofisma, mantengamos siempre claro que los soldados traidores, asesinos, s\u00f3lo fueron la cara visible de lo que son los golpes de Estado en el capitalismo dependiente: la v\u00eda violenta y radical de impedir que se constituya el PODER del PUEBLO y la democracia verdadera; garantizar las viejas relaciones de propiedad y de dominaci\u00f3n y llevarlas al extremo, como pas\u00f3 en Chile, primer pa\u00eds neoliberal del mundo. La \u201cintolerancia\u201d y el \u201cautoritarismo\u201d, la violaci\u00f3n de los \u201cderechos humanos\u201d (reducidos a especie de cl\u00e1usulas de un contrato social inexistente, falaz en una sociedad que vive de la competencia a muerte entre unos y otros, como bestias) son condiciones, mas no la causa ni el prop\u00f3sito de las dictaduras fascistas.<\/p>\n<p>La mejor definici\u00f3n de lo antes dicho la dio el propio Allende en su \u00faltimo discurso: \u201cQuiero que aprovechen la lecci\u00f3n: el capital for\u00e1neo, el imperialismo, unidos a la reacci\u00f3n, cre\u00f3 el clima para que las Fuerzas Armadas rompieran su tradici\u00f3n, la que les ense\u00f1ara el general Schneider y reafirmara el comandante Araya, v\u00edctimas del mismo sector social que hoy estar\u00e1 en sus casas esperando con mano ajena reconquistar el poder para seguir defendiendo sus granjer\u00edas y sus privilegios\u201d.<\/p>\n<p>Hoy mi padre es a\u00fan bibliotecario en Cuba, con su sueldo de empleado p\u00fablico, esperando jubilarse. Vive como puede. Mi madre es jubilada despu\u00e9s de haber retornado a Chile en 1992 y trabajar en el Servicio Nacional de la Mujer, espec\u00edficamente en el programa de prevenci\u00f3n de la violencia de g\u00e9nero. Mi t\u00eda Carmen falleci\u00f3 en 2011: pudo retornar a Chile en 1983, reintegr\u00e1ndose a la lucha en el pa\u00eds (aunque nunca dej\u00f3 de estar \u201cadentro\u201d), siendo secuestrada y torturada, y resisti\u00f3 sin hablar ni delatar. Ni mi madre ni mi t\u00eda volvieron al Partido Socialista despu\u00e9s de su \u201crenovaci\u00f3n\u201d, que signific\u00f3, como en otros tantos partidos de Am\u00e9rica Latina, la traici\u00f3n al Pueblo, a la lucha de nuestros pr\u00f3ceres, para convertirse en m\u00e1quinas electorales, clanes de poder y repartici\u00f3n de cargos.<\/p>\n<p>Tengo grabado en la memoria aquel relato de mi padre Patricio, con s\u00f3lo 27 a\u00f1os, en ese 12 de septiembre de 1973: tumbado en la acera, lo levantaron y registraron. Encontraron en sus bolsillos un almanaque (calendario) con el rostro de Fidel Castro. Rompieron en pedacitos el almanaque y, apunt\u00e1ndole con una ametralladora, el militar le pregunt\u00f3: \u201cEntonces, \u00bfusted es marxista?\u201d. Mi padre no demor\u00f3 un segundo en contestar \u00edntegro, sin aires de guerrero, pero tranquilo, seguro, valeroso: \u201cS\u00ed, yo soy marxista\u201d.<\/p>\n<p>Gracias a quienes sobrevivieron sin venderse, en Chile y en Rep\u00fablica Dominicana. A quienes no se han transado en el mercado de conciencias, pese a tanto dinero listo para compr\u00e1rselas, pese al cuento tantas veces repetido de que \u201ccambiaron los tiempos\u201d y que ahora vale el \u201cpragmatismo\u201d de \u201cllegar al poder\u201d como fin en s\u00ed mismo. Gracias a quienes se aman por el hecho de nacer en la tierra en que nacieron y sienten orgullo de su pueblo y sus luchas cotidianas, y sue\u00f1an a\u00fan con la liberaci\u00f3n definitiva, aut\u00e9ntica. Puede que no lleguen ya a ver la victoria que anhelaron, pero la han abonado y nos inspiran para lograrla, alg\u00fan d\u00eda, sin defraudarlos.<\/p>\n<\/div>\n","protected":false},"excerpt":{"rendered":"<p>Matias Bosch (Listin, 20-9-13) \u00a0 (A los que han sobrevivido sin venderse, y a Andr\u00e9s Blanco, joven estudiante dominicano desaparecido en Chile entre el 11 y 12 de septiembre de 1973.) Era apenas el d\u00eda siguiente al golpe de Estado fascista en Chile y ya se estaban ejecutando los allanamientos. Entre los primeros turnos le [&hellip;]<\/p>\n","protected":false},"author":1,"featured_media":16462,"comment_status":"open","ping_status":"open","sticky":false,"template":"","format":"standard","meta":{"footnotes":""},"categories":[5,12],"tags":[],"class_list":["post-16461","post","type-post","status-publish","format-standard","has-post-thumbnail","hentry","category-nacionales","category-politica-3"],"_links":{"self":[{"href":"https:\/\/debateplural.net\/site\/wp-json\/wp\/v2\/posts\/16461"}],"collection":[{"href":"https:\/\/debateplural.net\/site\/wp-json\/wp\/v2\/posts"}],"about":[{"href":"https:\/\/debateplural.net\/site\/wp-json\/wp\/v2\/types\/post"}],"author":[{"embeddable":true,"href":"https:\/\/debateplural.net\/site\/wp-json\/wp\/v2\/users\/1"}],"replies":[{"embeddable":true,"href":"https:\/\/debateplural.net\/site\/wp-json\/wp\/v2\/comments?post=16461"}],"version-history":[{"count":1,"href":"https:\/\/debateplural.net\/site\/wp-json\/wp\/v2\/posts\/16461\/revisions"}],"predecessor-version":[{"id":16463,"href":"https:\/\/debateplural.net\/site\/wp-json\/wp\/v2\/posts\/16461\/revisions\/16463"}],"wp:featuredmedia":[{"embeddable":true,"href":"https:\/\/debateplural.net\/site\/wp-json\/wp\/v2\/media\/16462"}],"wp:attachment":[{"href":"https:\/\/debateplural.net\/site\/wp-json\/wp\/v2\/media?parent=16461"}],"wp:term":[{"taxonomy":"category","embeddable":true,"href":"https:\/\/debateplural.net\/site\/wp-json\/wp\/v2\/categories?post=16461"},{"taxonomy":"post_tag","embeddable":true,"href":"https:\/\/debateplural.net\/site\/wp-json\/wp\/v2\/tags?post=16461"}],"curies":[{"name":"wp","href":"https:\/\/api.w.org\/{rel}","templated":true}]}}