{"id":16750,"date":"2017-05-29T10:06:39","date_gmt":"2017-05-29T14:06:39","guid":{"rendered":"http:\/\/www.debateplural.com\/?p=16750"},"modified":"2017-05-29T10:06:39","modified_gmt":"2017-05-29T14:06:39","slug":"canciller-denuncia-oea-alienta-violencia-fascista-en-venezuela","status":"publish","type":"post","link":"https:\/\/debateplural.net\/site\/2017\/05\/29\/canciller-denuncia-oea-alienta-violencia-fascista-en-venezuela\/","title":{"rendered":"Canciller denuncia OEA alienta violencia fascista en Venezuela"},"content":{"rendered":"<div class=\"subtitle\">La ministra Rodr\u00edguez se hizo eco de unas declaraciones del presidente Maduro, en las cuales \u00e9ste critica la doble moral del organismo internacional radicado en Washington.<\/div>\n<div id=\"div-gpt-ad-1472165573407-0\"><\/div>\n<div>Desde la Organizaci\u00f3n de los Estados Americanos (OEA) se arropa a voceros extremistas de la derecha venezolana para incitar la violencia en el pa\u00eds suramericano, denunci\u00f3 este domingo la canciller de Venezuela, Delcy Rodr\u00edguez.<\/div>\n<div class=\"txt_newworld\">\n<p>\"La OEA no solo no condenar\u00e1 la violencia en Venezuela sino que alienta y promociona a sus l\u00edderes para que no dialoguen y mantengan cr\u00edmenes\", expres\u00f3 Rodr\u00edguez por medio de su cuenta en Twitter.<\/p>\n<p>De esa manera, la canciller reafirm\u00f3 que los integrantes de la autodenominada Mesa de la Unidad Democr\u00e1tica (MUD) rechazan el di\u00e1logo convocado por el Gobierno venezolano, aupados por la OEA.<\/p>\n<p>Rodr\u00edguez acompa\u00f1\u00f3 su tuit con las palabras del presidente venezolano Nicol\u00e1s Maduro en las cuales \u00e9ste se\u00f1ala que la OEA no se manifiesta ante los cr\u00edmenes como el de Danny Jos\u00e9 Subero, oficial retirado de la Guardia Nacional Bolivariana (GNB).<\/p>\n<p>Este domingo el jefe de Estado repudi\u00f3 la muerte de Subero y la calific\u00f3 como un crimen de odio fascista que alimentan algunos voceros extremistas de la derecha.<\/p>\n<p>\"Es un crimen de odio, producto del fascismo, un crimen que no solo enluta a la familia, a la madre, al padre, al hermano, sino que llena de heridas al coraz\u00f3n de la patria\", dijo el mandatario durante la emisi\u00f3n del programa <em>Los Domingos con Maduro<\/em> que transmite el canal estatal <em>Venezolana de Televisi\u00f3n<\/em>.<\/p>\n<p>Subero fue v\u00edctima este s\u00e1bado de un grupo de personas que lo golpearon y luego le propinaron dos disparos, en la urbanizaci\u00f3n Valle Hondo, ubicada en la parroquia Cabudare, municipio Palavecino del estado Lara (oeste).<\/p>\n<\/div>\n","protected":false},"excerpt":{"rendered":"<p>La ministra Rodr\u00edguez se hizo eco de unas declaraciones del presidente Maduro, en las cuales \u00e9ste critica la doble moral del organismo internacional radicado en Washington. Desde la Organizaci\u00f3n de los Estados Americanos (OEA) se arropa a voceros extremistas de la derecha venezolana para incitar la violencia en el pa\u00eds suramericano, denunci\u00f3 este domingo la [&hellip;]<\/p>\n","protected":false},"author":1,"featured_media":16751,"comment_status":"open","ping_status":"open","sticky":false,"template":"","format":"standard","meta":{"footnotes":""},"categories":[14,12],"tags":[],"class_list":["post-16750","post","type-post","status-publish","format-standard","has-post-thumbnail","hentry","category-internacionales","category-politica-3"],"_links":{"self":[{"href":"https:\/\/debateplural.net\/site\/wp-json\/wp\/v2\/posts\/16750"}],"collection":[{"href":"https:\/\/debateplural.net\/site\/wp-json\/wp\/v2\/posts"}],"about":[{"href":"https:\/\/debateplural.net\/site\/wp-json\/wp\/v2\/types\/post"}],"author":[{"embeddable":true,"href":"https:\/\/debateplural.net\/site\/wp-json\/wp\/v2\/users\/1"}],"replies":[{"embeddable":true,"href":"https:\/\/debateplural.net\/site\/wp-json\/wp\/v2\/comments?post=16750"}],"version-history":[{"count":1,"href":"https:\/\/debateplural.net\/site\/wp-json\/wp\/v2\/posts\/16750\/revisions"}],"predecessor-version":[{"id":16752,"href":"https:\/\/debateplural.net\/site\/wp-json\/wp\/v2\/posts\/16750\/revisions\/16752"}],"wp:featuredmedia":[{"embeddable":true,"href":"https:\/\/debateplural.net\/site\/wp-json\/wp\/v2\/media\/16751"}],"wp:attachment":[{"href":"https:\/\/debateplural.net\/site\/wp-json\/wp\/v2\/media?parent=16750"}],"wp:term":[{"taxonomy":"category","embeddable":true,"href":"https:\/\/debateplural.net\/site\/wp-json\/wp\/v2\/categories?post=16750"},{"taxonomy":"post_tag","embeddable":true,"href":"https:\/\/debateplural.net\/site\/wp-json\/wp\/v2\/tags?post=16750"}],"curies":[{"name":"wp","href":"https:\/\/api.w.org\/{rel}","templated":true}]}}