{"id":16783,"date":"2017-05-30T10:50:57","date_gmt":"2017-05-30T14:50:57","guid":{"rendered":"http:\/\/www.debateplural.com\/?p=16783"},"modified":"2017-05-30T10:50:57","modified_gmt":"2017-05-30T14:50:57","slug":"bosch-el-traicionado","status":"publish","type":"post","link":"https:\/\/debateplural.net\/site\/2017\/05\/30\/bosch-el-traicionado\/","title":{"rendered":"Bosch, el traicionado"},"content":{"rendered":"<p>Guillermo Moreno (D. Libre, 29-5-17)<\/p>\n<p>&nbsp;<\/p>\n<div id=\"p_p_id_contentviewerportlet_WAR_newsportlet_INSTANCE_e21cd618898f45be8d7520a3cdb3afda_\" class=\"portlet-boundary portlet-boundary_contentviewerportlet_WAR_newsportlet_  portlet-static portlet-static-end content-viewer-portlet \">\n<div class=\"td-portlet\">\n<section id=\"portlet_contentviewerportlet_WAR_newsportlet_INSTANCE_e21cd618898f45be8d7520a3cdb3afda\" class=\"portlet\">\n<div class=\"portlet-content\">\n<div class=\" portlet-content-container\">\n<div class=\"portlet-body\">\n<div class=\"last td-viewer full-access\">\n<div class=\"detalle-texto\">\n<div class=\"text\">\n<p>La traici\u00f3n a Juan Bosch y su obra pol\u00edtica empez\u00f3 luego de las elecciones de 1990. En estas, el PLD triunf\u00f3 y, el PRSC, mediante el fraude se impuso, una vez m\u00e1s. Bosch, que ya contaba con 81 a\u00f1os llam\u00f3 a la protesta contra la presidencia espuria de Balaguer bajo la consigna \u201cQue se vaya ya\u201d. Pero los dirigentes del PLD ya estaban mirando para otro lado y lo dejaron solo. Incluso, algunos llegaron a expresar que \u201cese viejo est\u00e1 loco\u201d. Para ese momento ya un grupo de los dirigentes del PLD hab\u00eda accedido a representaciones en el Congreso y los ayuntamientos y comenzado a disfrutar de las mieles del poder. El acceso al poder pol\u00edtico, para muchos de ellos, pas\u00f3 a ser un medio para su realizaci\u00f3n personal y no para hacer \u201cla liberaci\u00f3n nacional\u201d. Bosch lleg\u00f3 a tener una clara percepci\u00f3n del retroceso ideol\u00f3gico del PLD y, en marzo de 1991, present\u00f3 su renuncia al PLD. A pesar de que retorn\u00f3, luego del compromiso expreso de los organismos de respetar los m\u00e9todos y principios propios del partido, muchos lo hicieron como una mera formalidad.<\/p>\n<p>As\u00ed, al llegar la crisis pol\u00edtica de 1994, derivada del nuevo fraude electoral de Balaguer, esta vez contra Pe\u00f1a G\u00f3mez, quien hab\u00eda ganado las elecciones, la camarilla que se hab\u00eda adue\u00f1ado de la direcci\u00f3n del PLD, en vez de conformar un frente pol\u00edtico con el PRD para sacar a Balaguer del poder, prefiri\u00f3 aliarse a Balaguer, lo que termin\u00f3 concret\u00e1ndose en el \u201cFrente Patri\u00f3tico\u201d que gan\u00f3 en segunda vuelta las elecciones de 1996. El pa\u00eds perd\u00eda as\u00ed la oportunidad, nueva vez, como pas\u00f3 en el 62 y en el 78, de liquidar las herencias del tirano y de Balaguer.<\/p>\n<p>\u00bfC\u00f3mo se produjo esta transformaci\u00f3n del PLD en la suma de todos los males de los partidos tradicionales que buscaba superar? Bosch hizo un aporte genuino al construir un partido de organismos, encarnando un proyecto hist\u00f3rico de liberaci\u00f3n nacional, en donde los miembros y simpatizantes ten\u00edan que formarse pol\u00edticamente y sujetarse a normas disciplinarias y m\u00e9todos de trabajo. Pero la verdad es que el PLD tuvo siempre un mal de origen. Bosch, en su esfuerzo por evitar que los pelede\u00edstas se \u2018perredeizaran\u2019 o actuaran como los reformistas, encerr\u00f3 al militante peledeista en el partido, priv\u00e1ndole de acompa\u00f1ar y educarse pol\u00edticamente al calor del pueblo y de sus luchas cotidianas. Esa visi\u00f3n qued\u00f3 plasmada en su lema: \u201cservir al partido para servir al pueblo\u201d. Algo muy distinto a \u201cconstruir el partido desde el pueblo, con el pueblo, para servirle al pueblo\u201d. Esa visi\u00f3n de construcci\u00f3n del partido contribuy\u00f3 a forjar al peledeista con aire de superioridad pol\u00edtica, le aliment\u00f3 el sectarismo y min\u00f3 en muchos el compromiso social, la solidaridad y las convicciones democr\u00e1ticas.<\/p>\n<p>Al t\u00e9rmino del segundo gobierno de Danilo Medina y, luego de tres gobiernos de Leonel Fern\u00e1ndez, es m\u00e1s que evidente la traici\u00f3n que desde el poder ha llevado a cabo la camarilla dirigente del PLD, no solo de los principios que orientaron y le dieron origen al PLD sino de la obra pol\u00edtica de Juan Bosch. Desde el 1996, con el ascenso de Leonel Fern\u00e1ndez la \u201cliberaci\u00f3n nacional\u201d se tir\u00f3 al zafac\u00f3n y se implant\u00f3 el modelo neoliberal, vendieron a precio de \u201cvaca muerta\u201d y depredaron las empresas del Estado, los ingenios y las tierras del CEA; han endeudado de forma irresponsable al pa\u00eds, comprometen cada vez m\u00e1s nuestra soberan\u00eda alimentaria, han hundido el aparato productivo nacional y nos hacen cada vez m\u00e1s dependiente de importaciones y propiciado la destrucci\u00f3n de r\u00edos y cordilleras poniendo en peligro la vida misma.<\/p>\n<p>El PLD ha hecho los gobiernos m\u00e1s corruptos de toda la historia republicana. La pandilla de \u201cpeque\u00f1os burgueses\u201d que se hizo del control del PLD y del poder, en estos 20 a\u00f1os se ha convertido en \u201cgrandes burgueses\u201d y algunos incluso en \u201coligarcas\u201d que compiten con los sectores econ\u00f3micos tradicionales del pa\u00eds.<\/p>\n<p>El PLD en sus gobiernos ha profundizado las debilidades de la \u201cfalsa democracia\u201d legada por el balaguerismo y el perredeismo; ha secuestrado los poderes del Estado y las altas cortes para garantizarse impunidad y reproducirse en el poder desde el poder mismo.<\/p>\n<p>El PLD, pr\u00f3ximo a cumplir 20 a\u00f1os en el poder, a pesar de haber manejado los recursos del Estado y los poderes p\u00fablicos a su antojo, no ha resuelto uno solo de los problemas fundamentales del pa\u00eds: persiste y profundiza la inseguridad p\u00fablica, los salarios de hambre y se mantiene la baja calidad de los sistemas educativo y de salud.<\/p>\n<p>Lo hecho por la camarilla de dirigentes del PLD con la obra pol\u00edtica de Bosch tiene la categor\u00eda de \u201cgenocidio pol\u00edtico\u201d de varias generaciones que se hab\u00edan congregado en el PLD en torno al discurso, pr\u00e1cticas y visi\u00f3n pol\u00edtica de Bosch, llevando a muchos a la frustraci\u00f3n y a adjurar de la pol\u00edtica.<\/p>\n<p>Cuando pienso en Bosch y la traici\u00f3n de su obra por sus m\u00e1s cercanos compa\u00f1eros, no siento pesar. Me alienta saber, para las batallas del presente, que si estuviera vivo estar\u00eda luchando en primera fila contra la pandilla gobernante, como hizo toda su vida contra las injusticias, la corrupci\u00f3n, las dictaduras, por la democracia verdadera, la independencia y soberan\u00eda nacionales.<\/p>\n<\/div>\n<\/div>\n<\/div>\n<\/div>\n<\/div>\n<\/div>\n<\/section>\n<\/div>\n<\/div>\n<div id=\"p_p_id_articletopicsportlet_WAR_newsportlet_INSTANCE_e4bda62b756f483db3b3023cbc47bde7_\" class=\"portlet-boundary portlet-boundary_articletopicsportlet_WAR_newsportlet_  portlet-static portlet-static-end article-topics-portlet detalle-metadatos\"><\/div>\n","protected":false},"excerpt":{"rendered":"<p>Guillermo Moreno (D. Libre, 29-5-17) &nbsp; La traici\u00f3n a Juan Bosch y su obra pol\u00edtica empez\u00f3 luego de las elecciones de 1990. En estas, el PLD triunf\u00f3 y, el PRSC, mediante el fraude se impuso, una vez m\u00e1s. Bosch, que ya contaba con 81 a\u00f1os llam\u00f3 a la protesta contra la presidencia espuria de Balaguer [&hellip;]<\/p>\n","protected":false},"author":1,"featured_media":13508,"comment_status":"open","ping_status":"open","sticky":false,"template":"","format":"standard","meta":{"footnotes":""},"categories":[5,12],"tags":[],"class_list":["post-16783","post","type-post","status-publish","format-standard","has-post-thumbnail","hentry","category-nacionales","category-politica-3"],"_links":{"self":[{"href":"https:\/\/debateplural.net\/site\/wp-json\/wp\/v2\/posts\/16783"}],"collection":[{"href":"https:\/\/debateplural.net\/site\/wp-json\/wp\/v2\/posts"}],"about":[{"href":"https:\/\/debateplural.net\/site\/wp-json\/wp\/v2\/types\/post"}],"author":[{"embeddable":true,"href":"https:\/\/debateplural.net\/site\/wp-json\/wp\/v2\/users\/1"}],"replies":[{"embeddable":true,"href":"https:\/\/debateplural.net\/site\/wp-json\/wp\/v2\/comments?post=16783"}],"version-history":[{"count":1,"href":"https:\/\/debateplural.net\/site\/wp-json\/wp\/v2\/posts\/16783\/revisions"}],"predecessor-version":[{"id":16784,"href":"https:\/\/debateplural.net\/site\/wp-json\/wp\/v2\/posts\/16783\/revisions\/16784"}],"wp:featuredmedia":[{"embeddable":true,"href":"https:\/\/debateplural.net\/site\/wp-json\/wp\/v2\/media\/13508"}],"wp:attachment":[{"href":"https:\/\/debateplural.net\/site\/wp-json\/wp\/v2\/media?parent=16783"}],"wp:term":[{"taxonomy":"category","embeddable":true,"href":"https:\/\/debateplural.net\/site\/wp-json\/wp\/v2\/categories?post=16783"},{"taxonomy":"post_tag","embeddable":true,"href":"https:\/\/debateplural.net\/site\/wp-json\/wp\/v2\/tags?post=16783"}],"curies":[{"name":"wp","href":"https:\/\/api.w.org\/{rel}","templated":true}]}}