{"id":1686,"date":"2015-10-27T19:28:57","date_gmt":"2015-10-27T19:28:57","guid":{"rendered":"http:\/\/debateplural.com\/?p=1686"},"modified":"2016-06-23T14:26:36","modified_gmt":"2016-06-23T14:26:36","slug":"paises-del-g-77-africa-y-asia-piden-fin-de-bloqueo-contra-cuba","status":"publish","type":"post","link":"https:\/\/debateplural.net\/site\/2015\/10\/27\/paises-del-g-77-africa-y-asia-piden-fin-de-bloqueo-contra-cuba\/","title":{"rendered":"Pa\u00edses del G-77, \u00c1frica y Asia piden fin de bloqueo contra Cuba"},"content":{"rendered":"<div id=\"attachment_1687\" style=\"width: 610px\" class=\"wp-caption aligncenter\"><a href=\"http:\/\/tripletecnologia.com\/website\/debateplural\/wp-content\/uploads\/2015\/10\/el-g77-china-condenc3b3-el-bloque-impuesto-contra-cuba-y-garantizc3b3-su-voto-a-favor-de-la-resolucic3b3n-que-lo-condena-1.jpg\"><img loading=\"lazy\" decoding=\"async\" aria-describedby=\"caption-attachment-1687\" class=\"size-full wp-image-1687\" src=\"http:\/\/tripletecnologia.com\/website\/debateplural\/wp-content\/uploads\/2015\/10\/el-g77-china-condenc3b3-el-bloque-impuesto-contra-cuba-y-garantizc3b3-su-voto-a-favor-de-la-resolucic3b3n-que-lo-condena-1.jpg\" alt=\"El G77+ China conden\u00f3 el bloque impuesto contra Cuba y garantiz\u00f3 su voto a favor de la resoluci\u00f3n que lo condena.\" width=\"600\" height=\"340\" \/><\/a><p id=\"caption-attachment-1687\" class=\"wp-caption-text\">El G77+ China conden\u00f3 el bloque impuesto contra Cuba y garantiz\u00f3 su voto a favor de la resoluci\u00f3n que lo condena.<\/p><\/div>\n<p style=\"text-align:justify;\">El Grupo 77 + China, lpa\u00edses africanos y la Asociaci\u00f3n de Naciones del Sudeste Asi\u00e1tico ratificaron su respaldo a la resoluci\u00f3n que pide el fin del bloqueo econ\u00f3mico y comercial impuesto por <a href=\"http:\/\/localhost\/debateplural\/tag\/estados-unidos\">Estados Unidos<\/a> a<a href=\"http:\/\/localhost\/debateplural\/tag\/cuba\"> Cuba<\/a>.<\/p>\n<p style=\"text-align:justify;\">El Grupo de los 77 (G-77)\u00a0+ China inst\u00f3 este martes a promover el di\u00e1logo transparente entre Cuba y Estados Unidos para poner fin al bloqueo econ\u00f3mico, comercial y financiero\u00a0impuesto contra\u00a0la naci\u00f3n caribe\u00f1a durante m\u00e1s de 50 a\u00f1os.<\/p>\n<p style=\"text-align:justify;\">Tal llamado fue realizado\u00a0en la Asamblea General de la<a href=\"http:\/\/localhost\/debateplural\/tag\/onu\"> ONU<\/a>, donde el G-77+China reiter\u00f3 su apoyo a la resoluci\u00f3n que establece el cese definitivo a las hist\u00f3ricas restricciones y medidas que han castigado por d\u00e9cadas al pueblo cubano.\u00a0<!--more--><\/p>\n<p style=\"text-align:justify;\">\u201cEn este contexto, celebramos la iniciativa entre los presidentes Ra\u00fal Castro y <a href=\"http:\/\/localhost\/debateplural\/tag\/barack-obama\">Barack Obama<\/a> de dar un paso importante por el restablecimiento de sus relaciones diplom\u00e1ticas, pero se debe incluir el necesario levantamiento del bloque financiero y comercial\u201d, enfatiz\u00f3 el representante de la organizaci\u00f3n.<\/p>\n<p style=\"text-align:justify;\">Al mismo tiempo, el G-77+China resalt\u00f3 la posici\u00f3n asumida por el mandatario estadounidense de sacar a la Isla de su infame lista de pa\u00edses terroristas, aunque critic\u00f3 que el Congreso norteamericano no haya derogado las leyes que establecen el injusto bloqueo econ\u00f3mico.<\/p>\n<p style=\"text-align:justify;\">\u201cEl grupo se suma a la comunidad internacional para condenar el bloqueo y pide a Estados Unidos que inicie medidas para eliminar este sufrimiento contra la naci\u00f3n caribe\u00f1a. Todos los pa\u00edses tienen derecho a comerciar y ese derecho se le ha negado a Cuba\u201d, puntualiz\u00f3 el grupo.<\/p>\n<p style=\"text-align:justify;\"><strong>Pa\u00edses africanos llaman al di\u00e1logo <\/strong><\/p>\n<p style=\"text-align:justify;\">Por su parte, un\u00a0representante de los\u00a0pa\u00edses africanos\u00a0consider\u00f3 un paso significativo este proceso, mientras conden\u00f3 que a\u00fan despu\u00e9s de tanto esfuerzos, no se haya puesto fin a la pol\u00edtica contra la naci\u00f3n antillana.<\/p>\n<p style=\"text-align:justify;\">\u201cLas sanciones econ\u00f3micas contin\u00faan causando penurias a los m\u00e1s pobres de Cuba. Continuamos alentando el esp\u00edritu de di\u00e1logo entre ambos pa\u00edses. Brindamos el apoyo a la resoluci\u00f3n y llamamos a que levante el bloqueo\u201d, indic\u00f3.<\/p>\n<p style=\"text-align:justify;\">El tambi\u00e9n representante de Sierra Leona\u00a0pidi\u00f3 que se corten todas las cadenas del pasado para que Cuba pueda levantarse en todos los aspectos y se le permita\u00a0un libre desarrollo.<\/p>\n<p style=\"text-align:justify;\">\u201cEsta Asamblea ha pedido la eliminaci\u00f3n del bloqueo y estamos en el lado correcto de la historia,\u00a0por lo que confiamos en que esto se va a lograr\u201d, sentenci\u00f3.<\/p>\n<p><strong>Kwait: el bloqueo entorpece el desarrollo de los cubanos<\/strong><\/p>\n<p style=\"text-align:justify;\">Entretanto,\u00a0el representante de Kuwait, afirm\u00f3 que las medidas unilaterales impuestas contra Cuba\u00a0han da\u00f1ado no s\u00f3lo la econom\u00eda del pa\u00eds, sino el bienestar social de millones de cubanos que han tenido que crecer bajo esas medidas.<\/p>\n<p style=\"text-align:justify;\">\u201cLas restricciones econ\u00f3micas e innecesarias, afectan tambi\u00e9n a otros pa\u00eds que lamentablemente se debe enfrentar a las multas impuesta contra Cuba\u201d, manifest\u00f3.<\/p>\n<p style=\"text-align:justify;\">El vocero de la naci\u00f3n \u00e1rabe\u00a0reiter\u00f3 su preocupaci\u00f3n al ver c\u00f3mo esta injusticia entorpece el desarrollo de los cubanos, \u201ceste severo sistema ha causado p\u00e9rdidas millonarias a la isla\u201d.<\/p>\n<p style=\"text-align:justify;\">Por \u00faltimo, exhort\u00f3 a votar a favor de la resoluci\u00f3n de Cuba que condena esa pol\u00edtica,\u00a0pues, a su juicio, el no hacerlo representar\u00e1 una injusticia mundial.<\/p>\n<p style=\"text-align:justify;\">La Asociaci\u00f3n de Naciones del Sudeste Asi\u00e1tico (ASEAN) tambi\u00e9n\u00a0expres\u00f3 su apoyo a la resoluci\u00f3n para poner fin al bloqueo econ\u00f3mico, comercial y financiero de EE.UU. contra Cuba.<\/p>\n<p style=\"text-align:justify;\">\u201cASEAN se alinea con la declaraci\u00f3n de Ir\u00e1n en nombre del Movimiento de Pa\u00edses No Alineados y con\u00a0la de Sud\u00e1frica. Desde la primera vez que se present\u00f3 esta resoluci\u00f3n, la Asamblea Nacional\u00a0la ha aprobado por mayor\u00eda abrumadora\u201d,\u00a0manifest\u00f3 el vocero de la asociaci\u00f3n.<\/p>\n<p style=\"text-align:justify;\">De acuerdo con el organismo,\u00a0conf\u00eda\u00a0firmemente en que las diferencias entre Estados deben resolverse por inclusi\u00f3n y no aislamiento, y en respeto a los principios fundamentales de igualdad soberana.<\/p>\n<p style=\"text-align:justify;\">Finalmente, la ASEAN\u00a0dijo acoger\u00a0con satisfacci\u00f3n la restauraci\u00f3n de las relaciones diplom\u00e1ticas entre Cuba y EE.UU. el pasado 20 de julio,\u00a0y la eliminaci\u00f3n de varias restricciones a los viajes y remesas.<\/p>\n<p style=\"text-align:justify;\">\n","protected":false},"excerpt":{"rendered":"<p>El Grupo 77 + China, lpa\u00edses africanos y la Asociaci\u00f3n de Naciones del Sudeste Asi\u00e1tico ratificaron su respaldo a la resoluci\u00f3n que pide el fin del bloqueo econ\u00f3mico y comercial impuesto por Estados Unidos a Cuba. El Grupo de los 77 (G-77)\u00a0+ China inst\u00f3 este martes a promover el di\u00e1logo transparente entre Cuba y Estados [&hellip;]<\/p>\n","protected":false},"author":1,"featured_media":8762,"comment_status":"open","ping_status":"open","sticky":false,"template":"","format":"standard","meta":{"footnotes":""},"categories":[14],"tags":[19,20,8,43],"class_list":["post-1686","post","type-post","status-publish","format-standard","has-post-thumbnail","hentry","category-internacionales","tag-barack-obama","tag-cuba","tag-estados-unidos","tag-onu"],"_links":{"self":[{"href":"https:\/\/debateplural.net\/site\/wp-json\/wp\/v2\/posts\/1686"}],"collection":[{"href":"https:\/\/debateplural.net\/site\/wp-json\/wp\/v2\/posts"}],"about":[{"href":"https:\/\/debateplural.net\/site\/wp-json\/wp\/v2\/types\/post"}],"author":[{"embeddable":true,"href":"https:\/\/debateplural.net\/site\/wp-json\/wp\/v2\/users\/1"}],"replies":[{"embeddable":true,"href":"https:\/\/debateplural.net\/site\/wp-json\/wp\/v2\/comments?post=1686"}],"version-history":[{"count":1,"href":"https:\/\/debateplural.net\/site\/wp-json\/wp\/v2\/posts\/1686\/revisions"}],"predecessor-version":[{"id":8763,"href":"https:\/\/debateplural.net\/site\/wp-json\/wp\/v2\/posts\/1686\/revisions\/8763"}],"wp:featuredmedia":[{"embeddable":true,"href":"https:\/\/debateplural.net\/site\/wp-json\/wp\/v2\/media\/8762"}],"wp:attachment":[{"href":"https:\/\/debateplural.net\/site\/wp-json\/wp\/v2\/media?parent=1686"}],"wp:term":[{"taxonomy":"category","embeddable":true,"href":"https:\/\/debateplural.net\/site\/wp-json\/wp\/v2\/categories?post=1686"},{"taxonomy":"post_tag","embeddable":true,"href":"https:\/\/debateplural.net\/site\/wp-json\/wp\/v2\/tags?post=1686"}],"curies":[{"name":"wp","href":"https:\/\/api.w.org\/{rel}","templated":true}]}}