{"id":1703,"date":"2015-10-28T20:54:21","date_gmt":"2015-10-28T20:54:21","guid":{"rendered":"http:\/\/debateplural.com\/?p=1703"},"modified":"2016-06-23T14:26:26","modified_gmt":"2016-06-23T14:26:26","slug":"las-negociaciones-sobre-siria-en-viena-dejan-fuera-a-la-ue","status":"publish","type":"post","link":"https:\/\/debateplural.net\/site\/2015\/10\/28\/las-negociaciones-sobre-siria-en-viena-dejan-fuera-a-la-ue\/","title":{"rendered":"Las negociaciones sobre Siria en Viena dejan fuera a la UE"},"content":{"rendered":"<div id=\"attachment_1704\" style=\"width: 715px\" class=\"wp-caption aligncenter\"><a href=\"http:\/\/tripletecnologia.com\/website\/debateplural\/wp-content\/uploads\/2015\/10\/la-bandera-de-la-ue-y-signo-de-no-entrada-1.jpg\"><img loading=\"lazy\" decoding=\"async\" aria-describedby=\"caption-attachment-1704\" class=\"size-full wp-image-1704\" src=\"http:\/\/tripletecnologia.com\/website\/debateplural\/wp-content\/uploads\/2015\/10\/la-bandera-de-la-ue-y-signo-de-no-entrada-1.jpg\" alt=\"La bandera de la UE y signo de no entrada\" width=\"705\" height=\"381\" \/><\/a><p id=\"caption-attachment-1704\" class=\"wp-caption-text\">La bandera de la UE y signo de no entrada<\/p><\/div>\n<p style=\"text-align:justify;\">La Uni\u00f3n Europea fue excluida de la participaci\u00f3n en las negociaciones internacionales en Viena sobre el arreglo del conflicto en <a href=\"http:\/\/localhost\/debateplural\/tag\/siria\">Siria<\/a>, ni siquiera en calidad de observador, escribi\u00f3 el portal de Bruselas B-2.<\/p>\n<p style=\"text-align:justify;\">\"Los europeos ya fueron excluidos de la reuni\u00f3n en Viena la semana pasada (\u2026), esta exclusi\u00f3n debe sonar como una seria advertencia para ellos\", seg\u00fan el portal.<!--more--><\/p>\n<p style=\"text-align:justify;\">Una fuente de la Canciller\u00eda rusa inform\u00f3 a RIA Novosti que dos reuniones internacionales sobre la crisis siria tendr\u00e1n lugar en los pr\u00f3ximos dos d\u00edas en Viena.<\/p>\n<p style=\"text-align:justify;\">\"Para ma\u00f1ana se planea un encuentro ministerial de Arabia Saud\u00ed, <a href=\"http:\/\/localhost\/debateplural\/tag\/estados-unidos\">Estados Unidos<\/a>, Turqu\u00eda y <a href=\"http:\/\/localhost\/debateplural\/tag\/rusia\">Rusia<\/a>, y para el viernes una amplia reuni\u00f3n, cuya lista de participantes se elabora ahora\", dijo la fuente.<\/p>\n<p style=\"text-align:justify;\">El profesor de la Universidad Libre de Bruselas Andrea Rea, por su parte, considera que la UE no tiene una posici\u00f3n precisa sobre Siria.<\/p>\n<p style=\"text-align:justify;\">\"Se puede presentar quejas a EEUU (por la situaci\u00f3n en Siria) pero esto no proh\u00edbe preguntarse sobre el papel de Europa, ya que ella se porta de un modo ambiguo\", indic\u00f3 Rea, precisando que la UE no quiere pronunciarse por el l\u00edder sirio, Bashar Asad, ni por la oposici\u00f3n siria.<\/p>\n<p style=\"text-align:justify;\">Siria vive desde marzo de 2011 un conflicto armado que ha causado m\u00e1s de 250.000 muertos, seg\u00fan estimaciones de la <a href=\"http:\/\/localhost\/debateplural\/tag\/onu\">ONU<\/a>.<\/p>\n<p style=\"text-align:justify;\">Las tropas gubernamentales se enfrentan a distintos grupos armados, incluidos el Estado Isl\u00e1mico y el Frente al Nusra, vinculado con Al Qaeda.<\/p>\n<p style=\"text-align:justify;\">\n","protected":false},"excerpt":{"rendered":"<p>La Uni\u00f3n Europea fue excluida de la participaci\u00f3n en las negociaciones internacionales en Viena sobre el arreglo del conflicto en Siria, ni siquiera en calidad de observador, escribi\u00f3 el portal de Bruselas B-2. \"Los europeos ya fueron excluidos de la reuni\u00f3n en Viena la semana pasada (\u2026), esta exclusi\u00f3n debe sonar como una seria advertencia [&hellip;]<\/p>\n","protected":false},"author":1,"featured_media":8751,"comment_status":"open","ping_status":"open","sticky":false,"template":"","format":"standard","meta":{"footnotes":""},"categories":[14],"tags":[8,43,40,41],"class_list":["post-1703","post","type-post","status-publish","format-standard","has-post-thumbnail","hentry","category-internacionales","tag-estados-unidos","tag-onu","tag-rusia","tag-siria"],"_links":{"self":[{"href":"https:\/\/debateplural.net\/site\/wp-json\/wp\/v2\/posts\/1703"}],"collection":[{"href":"https:\/\/debateplural.net\/site\/wp-json\/wp\/v2\/posts"}],"about":[{"href":"https:\/\/debateplural.net\/site\/wp-json\/wp\/v2\/types\/post"}],"author":[{"embeddable":true,"href":"https:\/\/debateplural.net\/site\/wp-json\/wp\/v2\/users\/1"}],"replies":[{"embeddable":true,"href":"https:\/\/debateplural.net\/site\/wp-json\/wp\/v2\/comments?post=1703"}],"version-history":[{"count":1,"href":"https:\/\/debateplural.net\/site\/wp-json\/wp\/v2\/posts\/1703\/revisions"}],"predecessor-version":[{"id":8752,"href":"https:\/\/debateplural.net\/site\/wp-json\/wp\/v2\/posts\/1703\/revisions\/8752"}],"wp:featuredmedia":[{"embeddable":true,"href":"https:\/\/debateplural.net\/site\/wp-json\/wp\/v2\/media\/8751"}],"wp:attachment":[{"href":"https:\/\/debateplural.net\/site\/wp-json\/wp\/v2\/media?parent=1703"}],"wp:term":[{"taxonomy":"category","embeddable":true,"href":"https:\/\/debateplural.net\/site\/wp-json\/wp\/v2\/categories?post=1703"},{"taxonomy":"post_tag","embeddable":true,"href":"https:\/\/debateplural.net\/site\/wp-json\/wp\/v2\/tags?post=1703"}],"curies":[{"name":"wp","href":"https:\/\/api.w.org\/{rel}","templated":true}]}}