{"id":17201,"date":"2017-06-17T06:04:23","date_gmt":"2017-06-17T10:04:23","guid":{"rendered":"http:\/\/www.debateplural.com\/?p=17201"},"modified":"2017-06-16T12:02:53","modified_gmt":"2017-06-16T16:02:53","slug":"y-que-es-realmente-el-caribe","status":"publish","type":"post","link":"https:\/\/debateplural.net\/site\/2017\/06\/17\/y-que-es-realmente-el-caribe\/","title":{"rendered":"Y&#8230; \u00bfQu\u00e9 es realmente el Caribe?"},"content":{"rendered":"<p>Mu-Kien Adriana Sang (El Caribe, 27-4-12)<\/p>\n<article class=\"contenidoArticulo\">\n<div class=\"cuerpoNoticia\">\n<p>Sin descanso, sopla el viento muy suave, que amansa&#8230; y aviva con ritmo fogoso&#8230; las llamas!&#8230; esparciendo el aroma del negro caf\u00e9 campesino&#8230; que humea caliente, en las jarras! Una hamaca, all\u00ed mece cual palma pausada&#8230; la hermosa mujer campesina que cose atareada&#8230; las puchas de flores bordadas, en la colcha&#8230; rosada, que estrenar\u00e1, al llegar las pr\u00f3ximas Pascuas.<\/p>\n<p>Merengue y ron, isla de sabor, color y encanto! descendencia de indios, espa\u00f1ol y mulatos! Histora de siglos&#8230; para gloria de tantos! orgullo de todos, en lomas, ciudades y campos! Olores a pi\u00f1as, claveles, trinitarias y mangos! Locuras de mares turquesa; orillados de playas&#8230; tendidas al sol; adornando&#8230; a Quisqueya! La bella mujer, que hunde sus formas en el mar&#8230;<br \/>\nAntillano!<\/p>\n<p>Mercedes Virginia Guti\u00e9rrez (1939)<\/p>\n<p>El historiador puertorrique\u00f1o Antonio Gatztambide explica que el Caribe debe analizarse desde estas perspectivas:<\/p>\n<p>1. El Caribe insular o etno-hist\u00f3rico. Esta concepci\u00f3n se refiere a las islas que se extienden desde las Bahamas hasta las Antillas Menores. Es la m\u00e1s utilizada en la historiograf\u00eda. Esta visi\u00f3n, enfatiza a la experiencia com\u00fan de la plantaci\u00f3n azucarera esclavista. Esta visi\u00f3n tiene la dificultad de que al Caribe antillano o hispano, no le aplica el modelo de plantaci\u00f3n impuesto por los colonizadores ingleses y franceses.<\/p>\n<p>2. El Caribe antillano o antillan\u00eda. Se aplica a las islas de las Antillas Mayores colonizadas por Espa\u00f1a. Gatztambide se pregunta \u00bfCu\u00e1ndo se comienza a hablar de \u00abCaribe\u00bb, aunque se refiera a las Antillas? Afirma que su uso coincide con el expansionismo estadounidense.<\/p>\n<p>3. El Caribe geopol\u00edtico. Este Caribe se refiere a una visi\u00f3n que integra tanto al Caribe insular como a Centroam\u00e9rica y Panam\u00e1. Fue un t\u00e9rmino que se asimil\u00f3 despu\u00e9s de 1945. Como dice el historiador Gatztambide, hasta ese momento, las islas eran llamadas las rep\u00fablicas antillanas y Centroam\u00e9rica, incluyendo Panam\u00e1. Esta acepci\u00f3n es la m\u00e1s utilizada en la historiograf\u00eda, especialmente la que se refiere a las\u00a0 relaciones con Estados Unidos. A partir de 1980, el historiador puertorrique\u00f1o sostiene que se han diversificado las percepciones y las pol\u00edticas, especialmente relativas a M\u00e9xico y la Comunidad del Caribe. Est\u00e1 convencido que la regi\u00f3n del mar Caribe mantiene una centralidad en las pol\u00edticas y las relaciones, por esta raz\u00f3n en la mayor\u00eda de los organismos se habla ahora de Am\u00e9rica Latina y el Caribe. Sin embargo, sostiene el amigo historiador, que esta tendencia no ha tenido tanto eco\u00a0 en la regi\u00f3n. Los centroamericanos nunca se plantearon una identidad internacional caribe\u00f1a hasta que se vieron forzados por la contraofensiva norteamericana.<\/p>\n<p>4. El Gran Caribe (o Cuenca del Caribe). El historiador amigo se\u00f1ala que en las definiciones anteriores no se inclu\u00eda a Venezuela, M\u00e9xico y Colombia. La nueva visi\u00f3n integra a estos pa\u00edses por compartir el mar Caribe, junto a las naciones centroamericanas y el inmenso archipi\u00e9lago de islas. Es la tendencia m\u00e1s reciente. Naci\u00f3 en los a\u00f1os 80 gracias a la Iniciativa de la Cuenca del Caribe creada por el presidente Ronald Reagan en 1983, para lograr detener el proceso revolucionario que se produc\u00eda en Nicaragua y El Salvador.<\/p>\n<p>5. Comunidad del Caribe (Caricom). En julio de 1994 se cre\u00f3 la Asociaci\u00f3n de Estados del Caribe (AEC). A partir de sus insumos de su fundaci\u00f3n, la AEC, ha incorporado a intelectuales y movimientos sociales de toda la regi\u00f3n.<br \/>\nComo puede verse en el trabajo del historiador puertorrique\u00f1o, el Caribe ha sido concebido de diferentes maneras.\u00a0 A partir de la segunda mitad del siglo XX, los diferentes sectores han estado planteando la necesidad de la integraci\u00f3n caribe\u00f1a. Muchos esfuerzos se han realizado. Como se dijo, en los a\u00f1os 80, el presidente Reagan desarroll\u00f3 la Iniciativa de la Cuenca del Caribe, un fondo millonario en d\u00f3lares para incentivar la econom\u00eda del gran Caribe, es decir, el insular y el continental. Posteriormente, la Comunidad Europea, cre\u00f3 Lom\u00e9 IV para financiar diversas experiencias de integraci\u00f3n. Una de las m\u00e1s interesantes fueron los programas de maestr\u00edas que se desarrollaron con la participaci\u00f3n de muchos profesionales caribe\u00f1os franc\u00f3fonos, angl\u00f3fonos y por supuesto hispan\u00f3fonos. Desde hace varias d\u00e9cadas se ha creado la Asociaci\u00f3n de Estados del Caribe, pero no ha tenido los resultados esperados.<\/p>\n<p>Tambi\u00e9n se han desarrollado iniciativas particulares de los diferentes gobiernos. La Universidad de Puerto Rico cre\u00f3 el Proyecto Atlantea, cuyo nombre se debe a una hermosa mariposa oriunda de estas islas. La iniciativa dur\u00f3 una d\u00e9cada. Se realizaron diversas investigaciones en el marco de estudios comparados en diferentes disciplinas, tales como, historia, econom\u00eda, medicina, antropolog\u00eda y literatura. A principios del a\u00f1o 2000, Francia, desarroll\u00f3 el Caribe Plural con el prop\u00f3sito de crear un espacio de reflexi\u00f3n con universidades francesas y caribe\u00f1as. Se realizaron encuentros en Rep\u00fablica Dominicana, Martinica, Burdeos y Jamaica. De esta iniciativa salieron a la luz interesantes publicaciones que recogen las discusiones de los acad\u00e9micos participantes. Ambas iniciativas desaparecieron por la crisis econ\u00f3mica en Europa y en Puerto Rico. Cuba, mantiene desde hace m\u00e1s de 30 a\u00f1os el Festival del Caribe. Lo triste del caso, es que muchas iniciativas muy valiosas desaparecen, se pierden porque no hay continuidad en las pol\u00edticas. Las agencias internacionales a veces cambian sus prioridades.<\/p>\n<p>El Caribe emerge, desaparece para volver a emerger en el horizonte de los presidentes de las potencias, de acuerdo a las prioridades estrat\u00e9gicas que hayan defendido. Seguimos en el vaiv\u00e9n, pero hay que detenerlo y exigir pol\u00edticas permanentes y no coyunturales. Se impone que el Caribe, sus islas y las tierras continentales que est\u00e1n ba\u00f1adas por ese hist\u00f3rico mar, no sigan mirando hacia los continentes y sus potencias. Tenemos que aprender a mirarnos nosotros mismos sencillamente para conocernos.<\/p>\n<\/div>\n<\/article>\n<p>&#8211; See more at: http:\/\/www.elcaribe.com.do\/2012\/04\/27\/&#8230;-que-realmente-caribe#sthash.h74QTNl1.dpuf<\/p>\n<p>&nbsp;<\/p>\n","protected":false},"excerpt":{"rendered":"<p>Mu-Kien Adriana Sang (El Caribe, 27-4-12) Sin descanso, sopla el viento muy suave, que amansa&#8230; y aviva con ritmo fogoso&#8230; las llamas!&#8230; esparciendo el aroma del negro caf\u00e9 campesino&#8230; que humea caliente, en las jarras! Una hamaca, all\u00ed mece cual palma pausada&#8230; la hermosa mujer campesina que cose atareada&#8230; las puchas de flores bordadas, en [&hellip;]<\/p>\n","protected":false},"author":1,"featured_media":13896,"comment_status":"open","ping_status":"open","sticky":false,"template":"","format":"standard","meta":{"footnotes":""},"categories":[18,5],"tags":[],"class_list":["post-17201","post","type-post","status-publish","format-standard","has-post-thumbnail","hentry","category-cultura","category-nacionales"],"_links":{"self":[{"href":"https:\/\/debateplural.net\/site\/wp-json\/wp\/v2\/posts\/17201"}],"collection":[{"href":"https:\/\/debateplural.net\/site\/wp-json\/wp\/v2\/posts"}],"about":[{"href":"https:\/\/debateplural.net\/site\/wp-json\/wp\/v2\/types\/post"}],"author":[{"embeddable":true,"href":"https:\/\/debateplural.net\/site\/wp-json\/wp\/v2\/users\/1"}],"replies":[{"embeddable":true,"href":"https:\/\/debateplural.net\/site\/wp-json\/wp\/v2\/comments?post=17201"}],"version-history":[{"count":1,"href":"https:\/\/debateplural.net\/site\/wp-json\/wp\/v2\/posts\/17201\/revisions"}],"predecessor-version":[{"id":17202,"href":"https:\/\/debateplural.net\/site\/wp-json\/wp\/v2\/posts\/17201\/revisions\/17202"}],"wp:featuredmedia":[{"embeddable":true,"href":"https:\/\/debateplural.net\/site\/wp-json\/wp\/v2\/media\/13896"}],"wp:attachment":[{"href":"https:\/\/debateplural.net\/site\/wp-json\/wp\/v2\/media?parent=17201"}],"wp:term":[{"taxonomy":"category","embeddable":true,"href":"https:\/\/debateplural.net\/site\/wp-json\/wp\/v2\/categories?post=17201"},{"taxonomy":"post_tag","embeddable":true,"href":"https:\/\/debateplural.net\/site\/wp-json\/wp\/v2\/tags?post=17201"}],"curies":[{"name":"wp","href":"https:\/\/api.w.org\/{rel}","templated":true}]}}