{"id":17314,"date":"2017-06-21T11:32:24","date_gmt":"2017-06-21T15:32:24","guid":{"rendered":"http:\/\/www.debateplural.com\/?p=17314"},"modified":"2017-06-21T11:32:24","modified_gmt":"2017-06-21T15:32:24","slug":"paises-se-pronuncian-en-favor-a-venezuela-en-la-onu","status":"publish","type":"post","link":"https:\/\/debateplural.net\/site\/2017\/06\/21\/paises-se-pronuncian-en-favor-a-venezuela-en-la-onu\/","title":{"rendered":"Pa\u00edses se pronuncian en favor a Venezuela en la ONU"},"content":{"rendered":"<div class=\"subtitle\">Este mi\u00e9rcoles se celebr\u00f3 en Ginebra, Suiza, el Consejo de Derechos Humanos de las Naciones Unidas, en el que pa\u00edses ratificaron su respaldo al pueblo venezolano para consolidar la paz en el pa\u00eds.<\/div>\n<div id=\"div-gpt-ad-1472165573407-0\"><\/div>\n<div>Representantes de Cuba y Nicaragua expresaron este mi\u00e9rcoles en el Consejo de Derechos Humanos de las Naciones Unidas (ONU)\u00a0su respaldo al pueblo de Venezuela y al Gobierno Bolivariano.<\/div>\n<div class=\"txt_newworld\">\n<p>Ambas naciones integrantes de la Alianza Bolivariana para los Pueblos de Nuestra Am\u00e9rica\u00a0(Alba) insistieron en el respeto de la soberan\u00eda de los pueblos, en referencia a las constantes denuncias del Gobierno de Nicol\u00e1s Maduro respecto a la injerencia del secretario general de la Organizaci\u00f3n de Estados Americanos (OEA), Luis Almagro\u00a0y Estados Unidos (EE.UU.).<\/p>\n<p>Tambi\u00e9n este mi\u00e9rcoles el embajador de Venezuela ante el organismo internacional, Jorge Valero, ratific\u00f3 la vocaci\u00f3n del Gobierno Bolivariano para consolidar la paz en el pa\u00eds y garantizar la protecci\u00f3n de los derechos humanos.<\/p>\n<p>\"Vinieron a tratar de presionar a los pa\u00edses para que emitieran una declaraci\u00f3n para condenar a Venezuela\", explic\u00f3 Varelo\u00a0y asegur\u00f3 que su pa\u00eds ha triunfado con el respaldo de las naciones que respetan la soberan\u00eda, la democracia y la paz.<\/p>\n<p>Asegur\u00f3 que en el seno de la ONU han reconocido las pol\u00edticas de solidaridad de Venezuela con el mundo. En funcionario venezolano destac\u00f3 que en Venezuela est\u00e1 garantizada la participaci\u00f3n popular y afirm\u00f3 que la ruta electoral es el camino para avanzar en la soluci\u00f3n de los conflictos en el pa\u00eds.<\/p>\n<p>Desde abril, la derecha en Venezuela ha impulsado protestas que terminan en actos violentos para desestabilizar al Gobierno de Maduro. Hasta el momento, decenas de personas han muerto y cientas han quedado heridas en medio de estos actos violentos.<\/p>\n<p>\"Est\u00e1n tratando de deformar la realidad de Venezuela\", asever\u00f3 Valero y destac\u00f3 que la realidad internacional ha cambiado y avanza hacia la multipolaridad.<\/p>\n<p>Los pa\u00edses participaron en la 35 sesi\u00f3n del Consejo de Derecho Humanos de la ONU en Ginebra, Suiza.<\/p>\n<\/div>\n","protected":false},"excerpt":{"rendered":"<p>Este mi\u00e9rcoles se celebr\u00f3 en Ginebra, Suiza, el Consejo de Derechos Humanos de las Naciones Unidas, en el que pa\u00edses ratificaron su respaldo al pueblo venezolano para consolidar la paz en el pa\u00eds. Representantes de Cuba y Nicaragua expresaron este mi\u00e9rcoles en el Consejo de Derechos Humanos de las Naciones Unidas (ONU)\u00a0su respaldo al pueblo [&hellip;]<\/p>\n","protected":false},"author":1,"featured_media":17315,"comment_status":"open","ping_status":"open","sticky":false,"template":"","format":"standard","meta":{"footnotes":""},"categories":[14,12],"tags":[],"class_list":["post-17314","post","type-post","status-publish","format-standard","has-post-thumbnail","hentry","category-internacionales","category-politica-3"],"_links":{"self":[{"href":"https:\/\/debateplural.net\/site\/wp-json\/wp\/v2\/posts\/17314"}],"collection":[{"href":"https:\/\/debateplural.net\/site\/wp-json\/wp\/v2\/posts"}],"about":[{"href":"https:\/\/debateplural.net\/site\/wp-json\/wp\/v2\/types\/post"}],"author":[{"embeddable":true,"href":"https:\/\/debateplural.net\/site\/wp-json\/wp\/v2\/users\/1"}],"replies":[{"embeddable":true,"href":"https:\/\/debateplural.net\/site\/wp-json\/wp\/v2\/comments?post=17314"}],"version-history":[{"count":1,"href":"https:\/\/debateplural.net\/site\/wp-json\/wp\/v2\/posts\/17314\/revisions"}],"predecessor-version":[{"id":17316,"href":"https:\/\/debateplural.net\/site\/wp-json\/wp\/v2\/posts\/17314\/revisions\/17316"}],"wp:featuredmedia":[{"embeddable":true,"href":"https:\/\/debateplural.net\/site\/wp-json\/wp\/v2\/media\/17315"}],"wp:attachment":[{"href":"https:\/\/debateplural.net\/site\/wp-json\/wp\/v2\/media?parent=17314"}],"wp:term":[{"taxonomy":"category","embeddable":true,"href":"https:\/\/debateplural.net\/site\/wp-json\/wp\/v2\/categories?post=17314"},{"taxonomy":"post_tag","embeddable":true,"href":"https:\/\/debateplural.net\/site\/wp-json\/wp\/v2\/tags?post=17314"}],"curies":[{"name":"wp","href":"https:\/\/api.w.org\/{rel}","templated":true}]}}