{"id":17459,"date":"2017-06-27T11:58:07","date_gmt":"2017-06-27T15:58:07","guid":{"rendered":"http:\/\/www.debateplural.com\/?p=17459"},"modified":"2017-06-27T11:58:07","modified_gmt":"2017-06-27T15:58:07","slug":"haciendo-memoria-sobre-hechos-y-casos-de-corrupcion-en-republica-dominicana-lxxviii-2","status":"publish","type":"post","link":"https:\/\/debateplural.net\/site\/2017\/06\/27\/haciendo-memoria-sobre-hechos-y-casos-de-corrupcion-en-republica-dominicana-lxxviii-2\/","title":{"rendered":"Haciendo memoria sobre hechos y casos de corrupci\u00f3n en Rep\u00fablica Dominicana (LXXVIII)"},"content":{"rendered":"<h2 style=\"text-align: center;\">F\u00e9lix Bautista: \u201cTengo seis sentencias a favor\u201d<\/h2>\n<p>Federico Mendez (D. Libre, 27-10-15)<\/p>\n<p>El senador F\u00e9lix Bautista proclam\u00f3 que ha sido favorecido con seis decisiones de la Suprema Corte Justicia, declarando su no responsabilidad penal de acusaciones sobre presuntos actos de corrupci\u00f3n.<\/p>\n<p>\u201cY si usted sigue insistiendo de que yo soy culpable, donde la justicia dice que no, entonces no nos entendemos\u201d, sostuvo el secretario de Organizaci\u00f3n del Partido de la Liberaci\u00f3n Dominicana (PLD), refiri\u00e9ndose a la demanda por difamaci\u00f3n e injuria entablada en contra del periodista Juan Taveras Hern\u00e1ndez.<\/p>\n<p>Espera que el comunicador se retracte de lo expresado, porque el comentario en su contra no tiene raz\u00f3n de ser. \u201c\u00bfDespu\u00e9s de decisiones de la Justicia, usted cree que tiene raz\u00f3n de ser?\u201d, se pregunt\u00f3 el senador por San Juan.<\/p>\n<p>\u201cRespecto de F\u00e9lix Bautista, ha habido ya seis sentencias de la Suprema Corte de Justicia favorables, y si usted sigue insistiendo en algo que la justicia dice que no, entonces no nos entendemos\u201d, sostuvo.<\/p>\n<p>La jueza de la Cuarta Sala de la C\u00e1mara Penal del Juzgado de Primera Instancia del Distrito Nacional, Awilda Reyes Beltr\u00e9, aplaz\u00f3 la demanda por difamaci\u00f3n e injuria para el lunes pr\u00f3ximo.<\/p>\n<p>La magistrada tom\u00f3 la decisi\u00f3n para continuar con el proceso o que se produzca una conciliaci\u00f3n entre el propietario de la emisora Z-101, Bienvenido Rodr\u00edguez, y el legislador.<\/p>\n<p>Bautista dijo que siempre los acuerdos est\u00e1n abiertos. \u201cY siempre estuvo abierta la posibilidad de un acuerdo desde hace un a\u00f1o\u201d, signific\u00f3. Consider\u00f3 que ese acuerdo debe respetar la dignidad de ambas partes. Sostuvo que lo que procede es una retractaci\u00f3n de lo dicho en su contra por el periodista Juan TH.<\/p>\n<p>El mi\u00e9rcoles pasado, con el voto mayoritario de tres de cinco jueces, la Segunda Sala de la Suprema Corte de Justicia ratific\u00f3 el auto de No Ha Lugar, dictado a favor del senador F\u00e9lix Bautista y otras seis personas, acusadas de supuesta corrupci\u00f3n y lavado de activos en contra del Estado.<\/p>\n<p>Los jueces Frank Soto S\u00e1nchez, Juan Hirohito Reyes y Mariana Daneira Garc\u00eda rechazaron el recurso de apelaci\u00f3n interpuesto por el procurador General de la Rep\u00fablica, Francisco Dom\u00ednguez Brito, y confirmaron en todas sus partes la decisi\u00f3n emitida el 27 de marzo por el juez de la Instrucci\u00f3n Especial, Alejandro Moscoso Segarra.<\/p>\n","protected":false},"excerpt":{"rendered":"<p>F\u00e9lix Bautista: \u201cTengo seis sentencias a favor\u201d Federico Mendez (D. Libre, 27-10-15) El senador F\u00e9lix Bautista proclam\u00f3 que ha sido favorecido con seis decisiones de la Suprema Corte Justicia, declarando su no responsabilidad penal de acusaciones sobre presuntos actos de corrupci\u00f3n. \u201cY si usted sigue insistiendo de que yo soy culpable, donde la justicia dice [&hellip;]<\/p>\n","protected":false},"author":1,"featured_media":17004,"comment_status":"open","ping_status":"open","sticky":false,"template":"","format":"standard","meta":{"footnotes":""},"categories":[5,12],"tags":[],"class_list":["post-17459","post","type-post","status-publish","format-standard","has-post-thumbnail","hentry","category-nacionales","category-politica-3"],"_links":{"self":[{"href":"https:\/\/debateplural.net\/site\/wp-json\/wp\/v2\/posts\/17459"}],"collection":[{"href":"https:\/\/debateplural.net\/site\/wp-json\/wp\/v2\/posts"}],"about":[{"href":"https:\/\/debateplural.net\/site\/wp-json\/wp\/v2\/types\/post"}],"author":[{"embeddable":true,"href":"https:\/\/debateplural.net\/site\/wp-json\/wp\/v2\/users\/1"}],"replies":[{"embeddable":true,"href":"https:\/\/debateplural.net\/site\/wp-json\/wp\/v2\/comments?post=17459"}],"version-history":[{"count":1,"href":"https:\/\/debateplural.net\/site\/wp-json\/wp\/v2\/posts\/17459\/revisions"}],"predecessor-version":[{"id":17460,"href":"https:\/\/debateplural.net\/site\/wp-json\/wp\/v2\/posts\/17459\/revisions\/17460"}],"wp:featuredmedia":[{"embeddable":true,"href":"https:\/\/debateplural.net\/site\/wp-json\/wp\/v2\/media\/17004"}],"wp:attachment":[{"href":"https:\/\/debateplural.net\/site\/wp-json\/wp\/v2\/media?parent=17459"}],"wp:term":[{"taxonomy":"category","embeddable":true,"href":"https:\/\/debateplural.net\/site\/wp-json\/wp\/v2\/categories?post=17459"},{"taxonomy":"post_tag","embeddable":true,"href":"https:\/\/debateplural.net\/site\/wp-json\/wp\/v2\/tags?post=17459"}],"curies":[{"name":"wp","href":"https:\/\/api.w.org\/{rel}","templated":true}]}}