{"id":17461,"date":"2017-06-27T12:08:41","date_gmt":"2017-06-27T16:08:41","guid":{"rendered":"http:\/\/www.debateplural.com\/?p=17461"},"modified":"2017-06-27T12:08:41","modified_gmt":"2017-06-27T16:08:41","slug":"el-kremlin-considera-inadmisibles-las-amenazas-contra-el-gobierno-sirio","status":"publish","type":"post","link":"https:\/\/debateplural.net\/site\/2017\/06\/27\/el-kremlin-considera-inadmisibles-las-amenazas-contra-el-gobierno-sirio\/","title":{"rendered":"El Kremlin considera inadmisibles las amenazas contra el Gobierno sirio"},"content":{"rendered":"<p class=\"b-article__lead\">Mosc\u00fa considera inadmisibles las amenazas contra el Gobierno leg\u00edtimo de Siria por presuntos preparativos para un ataque qu\u00edmico, declar\u00f3 el portavoz del Kremlin, Dmitri Peskov.<\/p>\n<div class=\"b-article__text\">\n<p>Este 27 de junio la Casa Blanca acus\u00f3 a Damasco de preparar un ataque qu\u00edmico y declar\u00f3 que, en caso de que se produzca, las autoridades sirias pagar\u00e1n \"un alto precio\".<\/p>\n<p class=\"marker-quote1\">\"Por supuesto, consideramos inadmisibles las amenazas de este tipo contra el Gobierno leg\u00edtimo de Siria\", dijo a los periodistas.<\/p>\n<p>A la vez, expres\u00f3 su desacuerdo respecto al uso de la palabra \"nuevo\" para el supuesto ataque.<\/p>\n<p class=\"marker-quote1\">\"Sin duda, rechazamos categ\u00f3ricamente la expresi\u00f3n de 'un nuevo ataque' (\u2026) y consideramos imposible responsabilizar a las fuerzas armadas sirias\" de la tragedia con armas qu\u00edmicas que tuvo lugar en Siria el pasado abril.<\/p>\n<p>El portavoz mencion\u00f3, adem\u00e1s, que son posibles nuevas provocaciones con el uso de armas qu\u00edmicas por parte de los terroristas de Daesh (autodenominado Estado Isl\u00e1mico, proscrito en Rusia y otros pa\u00edses), aunque indic\u00f3 que no dispone de informaci\u00f3n precisa al respecto.<\/p>\n<p>La oposici\u00f3n siria denunci\u00f3 el 4 de abril un supuesto ataque con armas qu\u00edmicas en la ciudad de Jan Sheijun (provincia de Idlib), que se sald\u00f3 con m\u00e1s de 80 muertos, seg\u00fan la Organizaci\u00f3n Mundial de la Salud.<\/p>\n<p>Adem\u00e1s, culp\u00f3 a Damasco por la tragedia, pero las autoridades sirias rechazaron la acusaci\u00f3n alegando que todos sus arsenales qu\u00edmicos fueron retirados del pa\u00eds y eliminados en 2016 bajo la supervisi\u00f3n de la Organizaci\u00f3n para la Prohibici\u00f3n de Armas Qu\u00edmicas (OPAQ).<\/p>\n<p>El Gobierno sirio subray\u00f3 que nunca emple\u00f3 sustancias t\u00f3xicas ni contra la poblaci\u00f3n, ni contra la oposici\u00f3n o los terroristas.<\/p>\n<p>Por su parte, Rusia supuso que la tragedia de Jan Sheijun fue un montaje o resultado del bombardeo de la aviaci\u00f3n siria a arsenales donde los terroristas de Daesh guardaban armas qu\u00edmicas.<\/p>\n<p>Sin embargo, el 7 de abril EEUU atac\u00f3 con misiles de crucero la base a\u00e9rea siria de Shairat (provincia de Homs) sin esperar ninguna investigaci\u00f3n ni presentar pruebas irrefutables.<\/p>\n<\/div>\n","protected":false},"excerpt":{"rendered":"<p>Mosc\u00fa considera inadmisibles las amenazas contra el Gobierno leg\u00edtimo de Siria por presuntos preparativos para un ataque qu\u00edmico, declar\u00f3 el portavoz del Kremlin, Dmitri Peskov. Este 27 de junio la Casa Blanca acus\u00f3 a Damasco de preparar un ataque qu\u00edmico y declar\u00f3 que, en caso de que se produzca, las autoridades sirias pagar\u00e1n \"un alto [&hellip;]<\/p>\n","protected":false},"author":1,"featured_media":6537,"comment_status":"open","ping_status":"open","sticky":false,"template":"","format":"standard","meta":{"footnotes":""},"categories":[14,12],"tags":[],"class_list":["post-17461","post","type-post","status-publish","format-standard","has-post-thumbnail","hentry","category-internacionales","category-politica-3"],"_links":{"self":[{"href":"https:\/\/debateplural.net\/site\/wp-json\/wp\/v2\/posts\/17461"}],"collection":[{"href":"https:\/\/debateplural.net\/site\/wp-json\/wp\/v2\/posts"}],"about":[{"href":"https:\/\/debateplural.net\/site\/wp-json\/wp\/v2\/types\/post"}],"author":[{"embeddable":true,"href":"https:\/\/debateplural.net\/site\/wp-json\/wp\/v2\/users\/1"}],"replies":[{"embeddable":true,"href":"https:\/\/debateplural.net\/site\/wp-json\/wp\/v2\/comments?post=17461"}],"version-history":[{"count":1,"href":"https:\/\/debateplural.net\/site\/wp-json\/wp\/v2\/posts\/17461\/revisions"}],"predecessor-version":[{"id":17462,"href":"https:\/\/debateplural.net\/site\/wp-json\/wp\/v2\/posts\/17461\/revisions\/17462"}],"wp:featuredmedia":[{"embeddable":true,"href":"https:\/\/debateplural.net\/site\/wp-json\/wp\/v2\/media\/6537"}],"wp:attachment":[{"href":"https:\/\/debateplural.net\/site\/wp-json\/wp\/v2\/media?parent=17461"}],"wp:term":[{"taxonomy":"category","embeddable":true,"href":"https:\/\/debateplural.net\/site\/wp-json\/wp\/v2\/categories?post=17461"},{"taxonomy":"post_tag","embeddable":true,"href":"https:\/\/debateplural.net\/site\/wp-json\/wp\/v2\/tags?post=17461"}],"curies":[{"name":"wp","href":"https:\/\/api.w.org\/{rel}","templated":true}]}}