{"id":17533,"date":"2017-06-30T10:25:09","date_gmt":"2017-06-30T14:25:09","guid":{"rendered":"http:\/\/www.debateplural.com\/?p=17533"},"modified":"2017-06-30T10:25:09","modified_gmt":"2017-06-30T14:25:09","slug":"impedimento-de-salida-para-fiscal-venezolana","status":"publish","type":"post","link":"https:\/\/debateplural.net\/site\/2017\/06\/30\/impedimento-de-salida-para-fiscal-venezolana\/","title":{"rendered":"Impedimento de salida para fiscal venezolana"},"content":{"rendered":"<p>El Tribunal Supremo de Justicia prohibi\u00f3 ayer mi\u00e9rcoles a la fiscal general Luisa Ortega D\u00edaz abandonar el pa\u00eds y le congel\u00f3 sus cuentas bancarias, como parte de un proceso que le sigue por supuestas irregularidades en el ejercicio de su cargo.<\/p>\n<p>En medio de una creciente tensi\u00f3n tras la denuncia de un supuesto complot contra el gobierno a ra\u00edz de un ataque a dos organismos p\u00fablicos, la Corte inform\u00f3 en un comunicado que Ortega D\u00edaz tampoco puede enajenar y gravar sus bienes mientras se decide sobre una solicitud para retirarle la inmunidad y enjuiciarla.<\/p>\n<p>Ortega D\u00edaz era una defensora del gobierno socialista establecido por el expresidente Hugo Ch\u00e1vez, pero recientemente se convirti\u00f3 en una cr\u00edtica del actual mandatario Nicol\u00e1s Maduro. El m\u00e1ximo tribunal inici\u00f3 este mes un proceso contra la fiscal a solicitud del diputado oficialista Pedro Carre\u00f1o.<\/p>\n<p>El Tribunal Supremo fij\u00f3 para el 4 de julio la audiencia en la que se escuchar\u00e1n los alegatos de la fiscal y otros funcionarios sobre el caso. El anuncio de la sentencia se dio pocas horas despu\u00e9s que Ortega D\u00edaz se declar\u00f3 en rebeld\u00eda contra el m\u00e1ximo tribunal y dijo que desconocer\u00eda las sentencias de la v\u00edspera en la que se le otorg\u00f3 a la Defensor\u00eda del Pueblo parte de las atribuciones del Ministerio P\u00fablico para la investigaci\u00f3n de procesos penales que tengan que ver con los casos de violaciones de derechos humanos.<\/p>\n<p>\u201cContinuamos en presencia de la ruptura del orden constitucional\u201d, dijo en rueda de prensa y llam\u00f3 a los venezolanos a acogerse al texto de la Constituci\u00f3n que obliga a colaborar en el restablecimiento de la vigencia de la carta magna. \u00a0\u00a0 \u00a0 Ortega D\u00edaz, quien hasta hace unos meses era identificada como cercana al oficialismo, tambi\u00e9n critic\u00f3 la actuaci\u00f3n del gobierno y las fuerzas de seguridad durante las protestas antigubernamentales.<\/p>\n<p><strong>EL ACTOR Y EL HELIC\u00d3PTERO<\/strong><br \/>\nEl vicepresidente venezolano, Tareck El Aissami, inform\u00f3 ayer que el helic\u00f3ptero usado el martes para atacar el Tribunal Supremo de Justicia fue localizado por las autoridades en una localidad del estado Vargas, cercano a Caracas, e indic\u00f3 que hasta el momento no hay detenidos por estos hechos. Seg\u00fan el Gobierno, un agente de la polic\u00eda cient\u00edfica venezolana (CICPC), llamado Oscar P\u00e9rez, hurt\u00f3 antier un helic\u00f3ptero con el que sobrevol\u00f3 las sedes del Ministerio de Interior y del Tribunal Supremo de Justicia (TSJ) en Caracas, donde lanz\u00f3 cuatro granadas y realiz\u00f3 disparos. El Aissami explic\u00f3 que la aeronave fue hallada en la poblaci\u00f3n de Osma, una zona norte costera del litoral central venezolano, y \u201cest\u00e1 en este momento siendo inspeccionada\u201d para su posterior traslado hasta Caracas donde se \u201char\u00e1n experticias\u201d.<\/p>\n","protected":false},"excerpt":{"rendered":"<p>El Tribunal Supremo de Justicia prohibi\u00f3 ayer mi\u00e9rcoles a la fiscal general Luisa Ortega D\u00edaz abandonar el pa\u00eds y le congel\u00f3 sus cuentas bancarias, como parte de un proceso que le sigue por supuestas irregularidades en el ejercicio de su cargo. En medio de una creciente tensi\u00f3n tras la denuncia de un supuesto complot contra [&hellip;]<\/p>\n","protected":false},"author":1,"featured_media":17534,"comment_status":"open","ping_status":"open","sticky":false,"template":"","format":"standard","meta":{"footnotes":""},"categories":[14,12],"tags":[],"class_list":["post-17533","post","type-post","status-publish","format-standard","has-post-thumbnail","hentry","category-internacionales","category-politica-3"],"_links":{"self":[{"href":"https:\/\/debateplural.net\/site\/wp-json\/wp\/v2\/posts\/17533"}],"collection":[{"href":"https:\/\/debateplural.net\/site\/wp-json\/wp\/v2\/posts"}],"about":[{"href":"https:\/\/debateplural.net\/site\/wp-json\/wp\/v2\/types\/post"}],"author":[{"embeddable":true,"href":"https:\/\/debateplural.net\/site\/wp-json\/wp\/v2\/users\/1"}],"replies":[{"embeddable":true,"href":"https:\/\/debateplural.net\/site\/wp-json\/wp\/v2\/comments?post=17533"}],"version-history":[{"count":1,"href":"https:\/\/debateplural.net\/site\/wp-json\/wp\/v2\/posts\/17533\/revisions"}],"predecessor-version":[{"id":17535,"href":"https:\/\/debateplural.net\/site\/wp-json\/wp\/v2\/posts\/17533\/revisions\/17535"}],"wp:featuredmedia":[{"embeddable":true,"href":"https:\/\/debateplural.net\/site\/wp-json\/wp\/v2\/media\/17534"}],"wp:attachment":[{"href":"https:\/\/debateplural.net\/site\/wp-json\/wp\/v2\/media?parent=17533"}],"wp:term":[{"taxonomy":"category","embeddable":true,"href":"https:\/\/debateplural.net\/site\/wp-json\/wp\/v2\/categories?post=17533"},{"taxonomy":"post_tag","embeddable":true,"href":"https:\/\/debateplural.net\/site\/wp-json\/wp\/v2\/tags?post=17533"}],"curies":[{"name":"wp","href":"https:\/\/api.w.org\/{rel}","templated":true}]}}