{"id":17544,"date":"2017-06-30T11:04:01","date_gmt":"2017-06-30T15:04:01","guid":{"rendered":"http:\/\/www.debateplural.com\/?p=17544"},"modified":"2017-06-30T11:04:01","modified_gmt":"2017-06-30T15:04:01","slug":"terrorismo-golpista","status":"publish","type":"post","link":"https:\/\/debateplural.net\/site\/2017\/06\/30\/terrorismo-golpista\/","title":{"rendered":"Terrorismo golpista"},"content":{"rendered":"<p>Miguel Angel Ferrer (teleSur, 29-6-17)<\/p>\n<p>Como es del dominio p\u00fablico, el pasado martes 27 de junio fue secuestrado un helic\u00f3ptero gubernamental, y desde el aparato fueron lanzadas varias granadas y disparos de armas de fuego contra lo edificios del Tribunal de Justicia y del Ministerio del Interior. Por fortuna o calculadamente no hubo heridos ni v\u00edctimas fatales.<\/p>\n<p>Por medio de las redes sociales, el autor del ataque se reconoci\u00f3 como responsable de los hechos y llam\u00f3 a un levantamiento armado contra el gobierno del presidente Nicol\u00e1s Maduro.<\/p>\n<p>De estas informaciones plenamente verificadas pueden desprenderse algunas reflexiones. Primeramente que se trat\u00f3 de actos delictivos que, por su gravedad, pueden ser calificados de criminales: secuestro de aeronave, da\u00f1os a bienes p\u00fablicos, llamado a la insurrecci\u00f3n armada, tentativa de multihomicidio y terrorismo.<\/p>\n<p>Ante la indisimulable gravedad de los sucesos, el presidente Maduro llam\u00f3 a la alianza opositora Mesa de Unidad Democr\u00e1tica (MUD) a deslindarse de los hechos y a condenarlos en\u00e9rgicamente. Pero la MUD, por boca del dirigente Henrique Capriles, celebr\u00f3 el ataque y lo consider\u00f3 un \u201caliciente\u201d para continuar con los esfuerzos por derrocar al gobierno venezolano.<\/p>\n<p>Hasta aqu\u00ed los hechos. Pero cabe preguntarse qu\u00e9 se buscaba con el ataque armado. Obviamente, y en las propias palabras de Capriles, se trat\u00f3 de un eslab\u00f3n m\u00e1s de la cadena de actos violentos que buscan derrocar a Maduro. \u00a0Pero \u00bfs\u00f3lo se trat\u00f3 de un acto propagand\u00edstico? \u00bfO fue una provocaci\u00f3n para obligar a Maduro a la realizaci\u00f3n de acciones represivas? \u00bfFue un equivalente del tanquetazo del 29 de junio de 1973 en Chile, al que dos meses y medio despu\u00e9s sigui\u00f3 el pinochetazo? \u00bfSe buscaba generar una escisi\u00f3n en las fuerzas armadas para pavimentar el camino a un golpe de Estado militar?<\/p>\n<p>\u00bfO acaso fue una muestra de desesperaci\u00f3n por cuenta de la MUD ante el evidente fracaso de la prolongada violencia callejera que pretende derrocar a Maduro y frente a la constatable p\u00e9rdida de gas de la masividad de las manifestaciones antigubernamentales? \u00bfO fue una planeada combinaci\u00f3n de todos estos prop\u00f3sitos a fin de hacer un recuento de las fuerzas insurreccionales y de la fortaleza del gobierno madurista?<\/p>\n<p>Sea de ello lo que fuere, es evidente que el helicopterazo tuvo y tiene saldos negativos para Estados Unidos, para la MUD y para otros grupos insurreccionales. Primeramente, porque salvo los elementos m\u00e1s exaltados e irracionales, como Capriles, por ejemplo, la poblaci\u00f3n reprueba y rechaza el terrorismo, modalidad superior de la violencia.<\/p>\n<p>En segundo t\u00e9rmino, porque la condena a esa forma de terrorismo insurreccional y golpista ha sido duramente condenada por la sociedad venezolana y por la comunidad internacional. En el helicopterazo los golpistas se quedaron solos y, sobre todo, aislados.<\/p>\n<p>Un tercer saldo negativo fue la falta de respaldo de alguna o algunas unidades militares que hicieran pensar a los golpistas que podr\u00eda sumar soldados y armas a sus prop\u00f3sitos de insurrecci\u00f3n y golpe de Estado. No parece, en consecuencia, que el helicopterazo sea una r\u00e9plica del tanquetazo contra el gobierno del presidente Salvador Allende.<\/p>\n<p>Pero en cualquier caso, los sucesos del martes 27 de junio deben ser valorados como un aviso y una constataci\u00f3n de que la MUD no renunciar\u00e1 a la violencia criminal con tal de tumbar a Maduro. Y frente a estas constataciones no queda sino reforzar la defensa contra los prop\u00f3sitos insurreccionales y golpistas de la MUD y de sus mandantes en Washington.<\/p>\n","protected":false},"excerpt":{"rendered":"<p>Miguel Angel Ferrer (teleSur, 29-6-17) Como es del dominio p\u00fablico, el pasado martes 27 de junio fue secuestrado un helic\u00f3ptero gubernamental, y desde el aparato fueron lanzadas varias granadas y disparos de armas de fuego contra lo edificios del Tribunal de Justicia y del Ministerio del Interior. Por fortuna o calculadamente no hubo heridos ni [&hellip;]<\/p>\n","protected":false},"author":1,"featured_media":17545,"comment_status":"open","ping_status":"open","sticky":false,"template":"","format":"standard","meta":{"footnotes":""},"categories":[14,12],"tags":[],"class_list":["post-17544","post","type-post","status-publish","format-standard","has-post-thumbnail","hentry","category-internacionales","category-politica-3"],"_links":{"self":[{"href":"https:\/\/debateplural.net\/site\/wp-json\/wp\/v2\/posts\/17544"}],"collection":[{"href":"https:\/\/debateplural.net\/site\/wp-json\/wp\/v2\/posts"}],"about":[{"href":"https:\/\/debateplural.net\/site\/wp-json\/wp\/v2\/types\/post"}],"author":[{"embeddable":true,"href":"https:\/\/debateplural.net\/site\/wp-json\/wp\/v2\/users\/1"}],"replies":[{"embeddable":true,"href":"https:\/\/debateplural.net\/site\/wp-json\/wp\/v2\/comments?post=17544"}],"version-history":[{"count":1,"href":"https:\/\/debateplural.net\/site\/wp-json\/wp\/v2\/posts\/17544\/revisions"}],"predecessor-version":[{"id":17546,"href":"https:\/\/debateplural.net\/site\/wp-json\/wp\/v2\/posts\/17544\/revisions\/17546"}],"wp:featuredmedia":[{"embeddable":true,"href":"https:\/\/debateplural.net\/site\/wp-json\/wp\/v2\/media\/17545"}],"wp:attachment":[{"href":"https:\/\/debateplural.net\/site\/wp-json\/wp\/v2\/media?parent=17544"}],"wp:term":[{"taxonomy":"category","embeddable":true,"href":"https:\/\/debateplural.net\/site\/wp-json\/wp\/v2\/categories?post=17544"},{"taxonomy":"post_tag","embeddable":true,"href":"https:\/\/debateplural.net\/site\/wp-json\/wp\/v2\/tags?post=17544"}],"curies":[{"name":"wp","href":"https:\/\/api.w.org\/{rel}","templated":true}]}}