{"id":17585,"date":"2017-07-01T14:55:25","date_gmt":"2017-07-01T18:55:25","guid":{"rendered":"http:\/\/www.debateplural.com\/?p=17585"},"modified":"2017-07-01T14:55:25","modified_gmt":"2017-07-01T18:55:25","slug":"nueve-voces-contando-hasta-diez","status":"publish","type":"post","link":"https:\/\/debateplural.net\/site\/2017\/07\/01\/nueve-voces-contando-hasta-diez\/","title":{"rendered":"Nueve voces contando hasta diez"},"content":{"rendered":"<p>Jos\u00e9 Rafael Lantigua, ex ministro de cultura Rep\u00fablica Dominicana (D. Libre 13-5-17)<\/p>\n<div class=\"text\">\n<p>DE LEOPOLDO LUGONES Y\u00a0Horacio Quiroga a Sergio Ram\u00edrez y Ana Mar\u00eda Shua, de Jorge Luis Borges y Lino Nov\u00e1s Calvo a Juan Jos\u00e9 Arreola y Julio Cort\u00e1zar, para solo poner estos ejemplos, el cuento ha sido uno de los g\u00e9neros m\u00e1s asumidos por los oficiantes literarios del siglo veinte en el \u00e1mbito hisp\u00e1nico.<\/p>\n<p>En Rep\u00fablica Dominicana, el g\u00e9nero ha hecho una andadura f\u00e9rtil, teniendo en Juan Bosch su figura de mayor relieve, pero hay otros cuentistas que han hecho una oferta trascendente, cultores y piezas de enorme val\u00eda en cualquier contexto de la geograf\u00eda literaria de lengua hispana.<\/p>\n<p>A los concursos de cuento tradicionales \u2013en Santo Domingo, La Vega, Puerto Plata\u2013 se agreg\u00f3, hace diez a\u00f1os, el premio literario de Funglode. Acaba de celebrar su primer decenio con la publicaci\u00f3n de los relatos ganadores de los primeros premios en las convocatorias del 2007 al 2016, un conjunto de cuentos con tonos, temas, estilos y ritmos diferentes. Fanny Vargas Bautista es una capitale\u00f1a que ejerce como economista. Su relato\u00a0<i>El intercambio<\/i>\u00a0revela a una narradora que sabe otorgarle a la narraci\u00f3n el ritmo propio que ha de fortalecer la historia. El suyo es un relato de car\u00e1cter donde se descarga una historia de singular urdimbre que la autora maneja con destreza hasta la l\u00ednea final. No ha de ignorarse el tono po\u00e9tico del relato que es muy propio de los mejores trabajadores del g\u00e9nero en todas las \u00e9pocas.<\/p>\n<p>F\u00e9lix Ger\u00f3nimo es un abogado, nativo de San Jos\u00e9 de Ocoa, que ha realizado estudios en Espa\u00f1a y que ya ha obtenido premios. Su relato es uno de los mejores de los diez a\u00f1os de este concurso.\u00a0<i>El cali\u00e9<\/i>\u00a0tiene un ritmo incesante, atornillado a una realidad espec\u00edfica pero con sus agravantes m\u00faltiples distribuidas convenientemente a todo lo largo y ancho del cuento hasta su vibrante y nost\u00e1lgico final.<\/p>\n<p>Fernando Berroa es un escritor joven de las nuevas hornadas literarias que ha logrado internarse en varios g\u00e9neros con singulares logros. Nativo de Santo Domingo, con\u00a0<i>La verdadera muerte de Pedro Henr\u00edquez Ure\u00f1a<\/i>\u00a0construye una historia diferente a la oficial con respecto a la forma en que falleci\u00f3 en Buenos Aires el humanista dominicano. El relato de fondo hist\u00f3rico \u2013la verdad hist\u00f3rica es su mero centro\u2013 alcanza la ficci\u00f3n en sus tramos iniciales y finales cuando al lector se le revelan los motivos que causaron la muerte de don Pedro.<\/p>\n<p>Gerhard Viktor Schmidt Haberl es un austr\u00edaco que se asent\u00f3 desde ni\u00f1o junto a sus padres en Rep\u00fablica Dominicana.\u00a0<i>Su Men\u00fa para dos<\/i>\u00a0es un relato de una contextualidad soportada sobre ejes r\u00fasticos. Dividido en tres partes, la narraci\u00f3n se centra en un amor desbordante de libidinosidad, fren\u00e9tico y de brutal lascivia. Sencilla, pero bien delineada, esta historia marca una pauta sobre la variedad que puebla el espectro narrativo de este concurso durante sus diez a\u00f1os de historia. Schmidt Haberl que, al parecer, dej\u00f3 libros escritos sin publicar, nunca pudo recoger su premio pues falleci\u00f3, a los 54 a\u00f1os de edad, antes de conocer el veredicto que favoreci\u00f3 su cuento con el primer lugar.<\/p>\n<p>Johanna D\u00edaz L\u00f3pez es abogada, nacida en Santiago de los Caballeros.\u00a0<i>Silverio de Tal<\/i>\u00a0es una pieza narrativa sicod\u00e9lica, ambientada en el inframundo social, con notas\u00a0<i>underground<\/i>\u00a0que patentizan una realidad real y, no obstante, desconocida para muchos. Bien manejado el armaz\u00f3n del relato, una prosa ajustada y precisa, y un ritmo subyugante, convierten a esta cuentista pr\u00e1cticamente desconocida en los medios literarios en una aut\u00e9ntica revelaci\u00f3n.<\/p>\n<p><i>La casa solariega<\/i>, de Juan Freddy Armando, es un relato donde el halo po\u00e9tico que siempre ha distinguido a este escritor hatomayorense hace galas presenciales, a caballo entre cierto surrealismo existencial y una met\u00e1fora anfibia, \u00e9sa que se llena de humedad por todos sus costados, porque de las aguas sale su fortaleza. El relato navega pues entre dos aguas. O entre tres, haciendo que su lectura se constituya en una verdadera delicia.<\/p>\n<p>Leo Silverio alcanza el estrellato con su relato\u00a0<i>El s\u00edndrome de Heinz<\/i>, luego de bucear con \u00e9xito entre plat\u00f3s televisivos y proyectos cinematogr\u00e1ficos. Santiaguero, pero como Juan Freddy afincado en Santo Domingo, levanta su capacidad narrativa, puesta a prueba en decenas de guiones, sobre una historia academicista y, de alguna manera, compleja. El relato tiene su epicentro en la ciudad brasile\u00f1a de Sao Paulo. Un cient\u00edfico, un s\u00edndrome y una prosa especializada, hacen la historia. El de Silverio es un cuento extra\u00f1o, por su fondo m\u00e1s que por su forma, en la cuent\u00edstica dominicana.<\/p>\n<p>Reynaldo Paulino Chevalier, Nan Chevalier, es un literato y profesor universitario muy conocido en los medios literarios y acad\u00e9micos. Puertoplate\u00f1o de nacimiento, realiz\u00f3 sus estudios y fij\u00f3 estancia en la capital dominicana.\u00a0<i>El mu\u00f1eco de trapos\u00a0<\/i>es el primer relato, que recordemos, que aborda la tragedia haitiana del devastador terremoto del a\u00f1o 2010. Y el autor construye su historia sobre una voz on\u00edrica que enlaza con la realidad sacudiendo nuestra sensibilidad y abrumando las perspectivas de aquel hecho inolvidable por los estragos que caus\u00f3 en la desfavorecida poblaci\u00f3n del vecino pa\u00eds.<\/p>\n<p>Finalmente, Vladimir Tatis P\u00e9rez es un caso peculiar. Nacido en Santo Domingo, se domicili\u00f3 desde hace casi veinte a\u00f1os en la capital espa\u00f1ola. Madrid es el centro de su relato, como el de Silverio fue la ciudad paulina. All\u00ed ambient\u00f3 \u2013hasta con su aire castizo\u2013\u00a0<i>Con la misma moneda<\/i>, logrando que se convirtiese en un cuento de atractiva historia, de sencilla trama, pero con un encanto especial en medio de la fuerza que imprime a su prosa narrativa.<\/p>\n<p>Estos nueve ejemplos marcan, sin dudas, un derrotero en el cuento dominicano de los \u00faltimos dos lustros. Hay que contar con ellos para la construcci\u00f3n de la historia narrativa de la presente centuria. Sus autores no son\u00a0<i>millenials<\/i>. Es gente adulta que, o prueba a ser cuentista con evidente fortaleza, o ya tiene hecho un camino sobre las patas de ese caballo agitado de nuestra traba literaria. Nueve autores que dignifican el oficio y que han permitido, con su presencia y con sus piezas laureadas, ir construyendo la historia de este certamen durante diez a\u00f1os.<\/p>\n<\/div>\n<div class=\"text\">\n<p><i>www.jrlantigua.com<\/i><\/p>\n<\/div>\n<div class=\"insert_headline\">\n<div class=\"insert_title\">Nueve voces contando hasta diez. Antolog\u00eda de cuentos premiados.<\/div>\n<div class=\"insert_Image\">\n<div><img decoding=\"async\" class=\" lazyloaded\" title=\"Nueve voces contando hasta diez. Antolog\u00eda de cuentos premiados.\" src=\"data:;base64,<svg xmlns='http:\/\/www.w3.org\/2000\/svg' viewBox='0 0 185 134'\/>\" srcset=\"\/\/www.diariolibre.com\/documents\/10157\/0\/186&#215;273\/0c0\/185d134\/none\/10904\/ITCO\/image_content_8236651_20170512134231.jpg 185w\" alt=\"Nueve voces contando hasta diez. Antolog\u00eda de cuentos premiados.\" width=\"185&#8243; height=\"134&#8243; data-srcset=\"\/\/www.diariolibre.com\/documents\/10157\/0\/186&#215;273\/0c0\/185d134\/none\/10904\/ITCO\/image_content_8236651_20170512134231.jpg 185w\" \/><\/div>\n<\/div>\n<div class=\"insert_text\">\n<p><b>Johanna D\u00edaz L\u00f3pez<\/b>\u00a0et al. (Editorial Funglode, 2017. 133 p\u00e1gs.)<\/p>\n<p>Nueve muestras de la que tal vez podamos considerar una nueva cuent\u00edstica dominicana: la surgida en los \u00faltimos diez a\u00f1os en el concurso anual de Funglode.<\/p>\n<\/div>\n<\/div>\n<div class=\"insert_headline\">\n<div class=\"insert_title\">De ni\u00f1os, hombres y fantasmas<\/div>\n<div class=\"insert_Image\">\n<div><img decoding=\"async\" class=\" lazyloaded\" title=\"De ni\u00f1os, hombres y fantasmas\" src=\"data:;base64,<svg xmlns='http:\/\/www.w3.org\/2000\/svg' viewBox='0 0 185 134'\/>\" srcset=\"\/\/www.diariolibre.com\/documents\/10157\/0\/186&#215;277\/0c30\/185d134\/none\/10904\/LTCY\/image_content_8236655_20170512134232.jpg 185w\" alt=\"De ni\u00f1os, hombres y fantasmas\" width=\"185&#8243; height=\"134&#8243; data-srcset=\"\/\/www.diariolibre.com\/documents\/10157\/0\/186&#215;277\/0c30\/185d134\/none\/10904\/LTCY\/image_content_8236655_20170512134232.jpg 185w\" \/><\/div>\n<\/div>\n<div class=\"insert_text\">\n<p><b>Virgilio D\u00edaz Grull\u00f3n<\/b>\u00a0(Pr\u00f3logo: Juan Bosch. Editora Taller, 1982. 381 p\u00e1gs.)<\/p>\n<p>Siempre es bueno volver a los cl\u00e1sicos de nuestra literatura narrativa. Este volumen \u2013originalmente publicado en la colecci\u00f3n Montesinos de A\u00edda Cartagena Portalat\u00edn- re\u00fane el conjunto de la obra de una de las figuras centrales de nuestra cuent\u00edstica.<\/p>\n<\/div>\n<\/div>\n<div class=\"insert_headline\">\n<div class=\"insert_title\">Cuentos completos<\/div>\n<div class=\"insert_Image\">\n<div><img decoding=\"async\" class=\" lazyloaded\" title=\"Cuentos completos\" src=\"data:;base64,<svg xmlns='http:\/\/www.w3.org\/2000\/svg' viewBox='0 0 185 134'\/>\" srcset=\"\/\/www.diariolibre.com\/documents\/10157\/0\/186&#215;269\/0c0\/185d134\/none\/10904\/YTJO\/image_content_8236659_20170512134232.jpg 185w\" alt=\"Cuentos completos\" width=\"185&#8243; height=\"134&#8243; data-srcset=\"\/\/www.diariolibre.com\/documents\/10157\/0\/186&#215;269\/0c0\/185d134\/none\/10904\/YTJO\/image_content_8236659_20170512134232.jpg 185w\" \/><\/div>\n<\/div>\n<div class=\"insert_text\">\n<p><b>N\u00e9stor Caro<\/b>\u00a0(Biblioteca Nacional, 2000. 121 p\u00e1gs.)<\/p>\n<p>Una obra narrativa corta, pero intensa y valiosa, poco conocida por las nuevas generaciones. Elogiada por escritores de la talla de S\u00f3crates Nolasco, Manuel Valdeperes, Pedro Peix y Jos\u00e9 Enrique Garc\u00eda.<\/p>\n<\/div>\n<\/div>\n<div class=\"insert_headline\">\n<div class=\"insert_title\">Los cuentos que Nueva York no sabe<\/div>\n<div class=\"insert_Image\">\n<div><img decoding=\"async\" class=\" lazyloaded\" title=\"Los cuentos que Nueva York no sabe\" src=\"data:;base64,<svg xmlns='http:\/\/www.w3.org\/2000\/svg' viewBox='0 0 185 134'\/>\" srcset=\"\/\/www.diariolibre.com\/documents\/10157\/0\/186&#215;277\/0c62\/185d134\/none\/10904\/GTFY\/image_content_8236663_20170512134232.jpg 185w\" alt=\"Los cuentos que Nueva York no sabe\" width=\"185&#8243; height=\"134&#8243; data-srcset=\"\/\/www.diariolibre.com\/documents\/10157\/0\/186&#215;277\/0c62\/185d134\/none\/10904\/GTFY\/image_content_8236663_20170512134232.jpg 185w\" \/><\/div>\n<\/div>\n<div class=\"insert_text\">\n<p><b>Angel Rafael Lamarche<\/b>\u00a0(Cielonaranja, 2012. 180 p\u00e1gs.)<\/p>\n<p>Publicado originalmente en 1949, hace 67 a\u00f1os, y redescubierta por Miguel D. Mena para su Biblioteca de Narrativa Dominicana, este es un libro esencial que obliga a que leamos a uno de los grandes desconocidos del cuento dominicano.<\/p>\n<\/div>\n<\/div>\n<div class=\"insert_headline\">\n<div class=\"insert_title\">La cuent\u00edstica dominicana<\/div>\n<div class=\"insert_Image\">\n<div><img decoding=\"async\" class=\" lazyloaded\" title=\"La cuent\u00edstica dominicana\" src=\"data:;base64,<svg xmlns='http:\/\/www.w3.org\/2000\/svg' viewBox='0 0 185 134'\/>\" srcset=\"\/\/www.diariolibre.com\/documents\/10157\/0\/185&#215;271\/0c0\/185d134\/none\/10904\/KTAR\/image_content_8236667_20170512134232.jpg 185w\" alt=\"La cuent\u00edstica dominicana\" width=\"185&#8243; height=\"134&#8243; data-srcset=\"\/\/www.diariolibre.com\/documents\/10157\/0\/185&#215;271\/0c0\/185d134\/none\/10904\/KTAR\/image_content_8236667_20170512134232.jpg 185w\" \/><\/div>\n<\/div>\n<div class=\"insert_text\">\n<p><b>Jenny Montero<\/b>\u00a0(Biblioteca Nacional, 1986. 221 p\u00e1gs.)<\/p>\n<p>Estudio literario laureado a unanimidad con el Premio Nacional de Ensayo hace treinta a\u00f1os por un jurado compuesto por Federico Henr\u00edquez Gratereaux, Di\u00f3genes C\u00e9spedes y Jos\u00e9 Rafael Lantigua.<\/p>\n<\/div>\n<\/div>\n","protected":false},"excerpt":{"rendered":"<p>Jos\u00e9 Rafael Lantigua, ex ministro de cultura Rep\u00fablica Dominicana (D. Libre 13-5-17) DE LEOPOLDO LUGONES Y\u00a0Horacio Quiroga a Sergio Ram\u00edrez y Ana Mar\u00eda Shua, de Jorge Luis Borges y Lino Nov\u00e1s Calvo a Juan Jos\u00e9 Arreola y Julio Cort\u00e1zar, para solo poner estos ejemplos, el cuento ha sido uno de los g\u00e9neros m\u00e1s asumidos por [&hellip;]<\/p>\n","protected":false},"author":1,"featured_media":17586,"comment_status":"open","ping_status":"open","sticky":false,"template":"","format":"standard","meta":{"footnotes":""},"categories":[18,16],"tags":[],"class_list":["post-17585","post","type-post","status-publish","format-standard","has-post-thumbnail","hentry","category-cultura","category-libros"],"_links":{"self":[{"href":"https:\/\/debateplural.net\/site\/wp-json\/wp\/v2\/posts\/17585"}],"collection":[{"href":"https:\/\/debateplural.net\/site\/wp-json\/wp\/v2\/posts"}],"about":[{"href":"https:\/\/debateplural.net\/site\/wp-json\/wp\/v2\/types\/post"}],"author":[{"embeddable":true,"href":"https:\/\/debateplural.net\/site\/wp-json\/wp\/v2\/users\/1"}],"replies":[{"embeddable":true,"href":"https:\/\/debateplural.net\/site\/wp-json\/wp\/v2\/comments?post=17585"}],"version-history":[{"count":1,"href":"https:\/\/debateplural.net\/site\/wp-json\/wp\/v2\/posts\/17585\/revisions"}],"predecessor-version":[{"id":17587,"href":"https:\/\/debateplural.net\/site\/wp-json\/wp\/v2\/posts\/17585\/revisions\/17587"}],"wp:featuredmedia":[{"embeddable":true,"href":"https:\/\/debateplural.net\/site\/wp-json\/wp\/v2\/media\/17586"}],"wp:attachment":[{"href":"https:\/\/debateplural.net\/site\/wp-json\/wp\/v2\/media?parent=17585"}],"wp:term":[{"taxonomy":"category","embeddable":true,"href":"https:\/\/debateplural.net\/site\/wp-json\/wp\/v2\/categories?post=17585"},{"taxonomy":"post_tag","embeddable":true,"href":"https:\/\/debateplural.net\/site\/wp-json\/wp\/v2\/tags?post=17585"}],"curies":[{"name":"wp","href":"https:\/\/api.w.org\/{rel}","templated":true}]}}