{"id":17795,"date":"2017-07-11T15:02:55","date_gmt":"2017-07-11T19:02:55","guid":{"rendered":"http:\/\/www.debateplural.com\/?p=17795"},"modified":"2017-07-11T15:02:55","modified_gmt":"2017-07-11T19:02:55","slug":"venezuela-la-constituyente-va-y-es-el-escudo-protector-contra-el-fascismo","status":"publish","type":"post","link":"https:\/\/debateplural.net\/site\/2017\/07\/11\/venezuela-la-constituyente-va-y-es-el-escudo-protector-contra-el-fascismo\/","title":{"rendered":"Venezuela: La Constituyente Va y es el escudo protector contra el fascismo"},"content":{"rendered":"<p>Carlos Aznarez (teleSur, 11-7-17)<\/p>\n<p>El autor intelectual de m\u00faltiples cr\u00edmenes contra ciudadanos y ciudadanas venezolanas ha vuelto a su domicilio. Goza de un beneficio que en varios pa\u00edses del continente se le concede solamente a quienes han pasado los 70 a\u00f1os de edad o padecen de una enfermedad grave.<\/p>\n<p>Sin embargo Leopoldo L\u00f3pez no entra en ninguna de esas dos variantes: ronda los 46 a\u00f1os y apenas llegado a su domicilio trep\u00f3 \u00e1gilmente a una escalera, gesticul\u00f3 ante sus escu\u00e1lidos seguidores y prometi\u00f3 seguir luchando \u201cpor la libertad de Venezuela\u201d. A esa altura, parec\u00eda no recordar su promesa de que \u201cvoy a salir de la c\u00e1rcel cuando ya no haya ning\u00fan otro preso pol\u00edtico\u201d.<\/p>\n<p>El hecho, sin duda, ha conmocionado a unos y a otros. A sus adeptos porque creen recuperar un gur\u00fa. Nost\u00e1lgicos, recuerdan sus gestos hist\u00e9ricos, discursos altisonantes y ataques brutales contra el gobierno leg\u00edtimo. Tambi\u00e9n, su comportamiento de pandillero prepotente en las movilizaciones que luego derivaban en escenas de gran violencia, con bombas, guayas degolladoras, linchamientos y la pr\u00e1ctica de rociar con gasolina y quemar vivos a quienes sospechaban de chavistas. A todos ellos y ellas L\u00f3pez los alentaba desde la prisi\u00f3n de Ramo Verde a seguir destrozando todo lo que encontraran a su alcance en cada una de las grandes ciudades que les tocaba \u201cintervenir\u201d.<\/p>\n<p>Es l\u00f3gico que frente a tanta muerte y dolor repartido en nombre de cumplir con el mandato de Washington para apoderarse de Venezuela,\u00a0 la \u201ccasa por c\u00e1rcel\u201d de L\u00f3pez resulta bastante indigerible,\u00a0 precisamente porque por primera vez en mucho tiempo, aparte de los ejecutores materiales de los actos terroristas tambi\u00e9n se hab\u00eda enviado a prisi\u00f3n a algunos de sus confesos mentores intelectuales.<\/p>\n<p>A pesar de todo, es entendible lo que se mueve detr\u00e1s de esta libertad a medias. El intento de descomprimir el espiral de locura fascista que alientan los que est\u00e1n tratando de convertir a Caracas en Aleppo y a Maracay en los barrios perif\u00e9ricos de Damasco, por citar solo algunos ejemplos. Se comprende tambi\u00e9n que despu\u00e9s de las presiones recibidas por los \u201cgestores de paz\u201d llegados de distintos pa\u00edses, el Tribunal Superior de Justicia encarara la tarea de aliviar la prisi\u00f3n del genocida L\u00f3pez para tratar de dejar sin discurso a sus cachorros neonazis. Parec\u00eda necesario encarar la posibilidad de arrebatarle excusas a los que internacionalmente alentaban la revuelta y pon\u00edan como pantalla la existencia de algunos pol\u00edticos presos, no precisamente por hacer pol\u00edtica.<\/p>\n<p>Por otro lado, resulta indiscutible que tanto el presidente Nicol\u00e1s Maduro, como las organizaciones de v\u00edctimas de las atrocidades cometidas por la oposici\u00f3n violenta, hayan apelado a toda su paciencia y deseos leg\u00edtimos de paz al acatar la determinaci\u00f3n judicial. Lo mismo ocurre con los miembros de la Guardia Nacional y las Fuerzas Armadas Bolivarianas, alcanzados por las balas provocadoras de los francotiradores. Algo similar ocurre con el sentimiento encontrado de los sectores populares que viven poniendo el cuerpo para sostener las conquistas revolucionarias, pero no dudaron en cerrar filas junto a su Gobierno. Otra cosa muy distinta es creer que todos ellos puedan ser demasiado optimistas ante el paso dado, a sabiendas que tienen que lidiar con enemigos de la talla de quienes acosan a la Revoluci\u00f3n Bolivariana.<\/p>\n<p>El regreso de L\u00f3pez al ruedo y algunas declaraciones de su esposa, visualizadas desde las atalayas m\u00e1s extremistas de la oposici\u00f3n como una \u201cabierta traici\u00f3n\u201d generaron cruces de reconvenciones y finalmente una serie de divididos llamamientos a seguir con la violencia. La derecha necesita reconfigurarse ya que L\u00f3pez entre rejas era una bandera y ahora se convierte en un escollo para algunos sectores. Hay disputa de liderazgos y nuevamente aparece el perfil golpista y agresivo de Henrique Capriles, al que algunos intentaron mostrar como el \u201clado moderado\u201d del fascismo. El resultado han sido m\u00e1s guarimbas, \u201ctrancazos\u201d prolongados, con menos gente, es cierto, pero igual de terror\u00edficos. All\u00ed est\u00e1n de muestra el asesinato de un candidato a Constituyente en Aragua y la bomba colocada con mando a distancia para hacer todo el mal posible al paso de los motorizados de la GNB, siete de cuyos integrantes fueron alcanzados por el explosivo. No faltaron tampoco las recomendaciones injerencistas del presidente espa\u00f1ol Mariano Rajoy o las del vecino mandatario colombiano, pidiendo m\u00e1s y m\u00e1s a \u201cla dictadura\u201d. El Nobel Santos lleg\u00f3 a la groser\u00eda de exigir que Maduro desconvoque la Constituyente.<\/p>\n<p>Frente a este panorama, los mejores hijos e hijas del bravo pueblo no se arredran y se aprestan a demostrarle al mundo que la Constituyente va, a pesar de los pesares.\u00a0 Que all\u00ed debe estar puesta la mira para fortalecer una Revoluci\u00f3n, que despu\u00e9s de la Cubana, ha sido una de las que m\u00e1s beneficios ha otorgados a los sectores populares.<\/p>\n<p>La Constituyente es el escudo protector pero tambi\u00e9n el arma ofensiva frente a tanto irrespeto por la vida y semejante complicidad de la burgues\u00eda venezolana con el imperialismo. En funci\u00f3n de ello, por Bol\u00edvar y Hugo Ch\u00e1vez, por Guacaipuro y Manuelita S\u00e1enz, pero tambi\u00e9n por toda Nuestra Am\u00e9rica acosada por el neoliberalismo, que el\u00a030 de julio, nadie se quede sin ir a votar. Hacerlo as\u00ed derivar\u00e1 en una gran victoria colectiva frente a los L\u00f3pez, los Capriles, los Almagro y los Trump.<\/p>\n","protected":false},"excerpt":{"rendered":"<p>Carlos Aznarez (teleSur, 11-7-17) El autor intelectual de m\u00faltiples cr\u00edmenes contra ciudadanos y ciudadanas venezolanas ha vuelto a su domicilio. Goza de un beneficio que en varios pa\u00edses del continente se le concede solamente a quienes han pasado los 70 a\u00f1os de edad o padecen de una enfermedad grave. Sin embargo Leopoldo L\u00f3pez no entra [&hellip;]<\/p>\n","protected":false},"author":1,"featured_media":9765,"comment_status":"open","ping_status":"open","sticky":false,"template":"","format":"standard","meta":{"footnotes":""},"categories":[14,12],"tags":[],"class_list":["post-17795","post","type-post","status-publish","format-standard","has-post-thumbnail","hentry","category-internacionales","category-politica-3"],"_links":{"self":[{"href":"https:\/\/debateplural.net\/site\/wp-json\/wp\/v2\/posts\/17795"}],"collection":[{"href":"https:\/\/debateplural.net\/site\/wp-json\/wp\/v2\/posts"}],"about":[{"href":"https:\/\/debateplural.net\/site\/wp-json\/wp\/v2\/types\/post"}],"author":[{"embeddable":true,"href":"https:\/\/debateplural.net\/site\/wp-json\/wp\/v2\/users\/1"}],"replies":[{"embeddable":true,"href":"https:\/\/debateplural.net\/site\/wp-json\/wp\/v2\/comments?post=17795"}],"version-history":[{"count":1,"href":"https:\/\/debateplural.net\/site\/wp-json\/wp\/v2\/posts\/17795\/revisions"}],"predecessor-version":[{"id":17796,"href":"https:\/\/debateplural.net\/site\/wp-json\/wp\/v2\/posts\/17795\/revisions\/17796"}],"wp:featuredmedia":[{"embeddable":true,"href":"https:\/\/debateplural.net\/site\/wp-json\/wp\/v2\/media\/9765"}],"wp:attachment":[{"href":"https:\/\/debateplural.net\/site\/wp-json\/wp\/v2\/media?parent=17795"}],"wp:term":[{"taxonomy":"category","embeddable":true,"href":"https:\/\/debateplural.net\/site\/wp-json\/wp\/v2\/categories?post=17795"},{"taxonomy":"post_tag","embeddable":true,"href":"https:\/\/debateplural.net\/site\/wp-json\/wp\/v2\/tags?post=17795"}],"curies":[{"name":"wp","href":"https:\/\/api.w.org\/{rel}","templated":true}]}}