{"id":17871,"date":"2017-07-13T14:57:05","date_gmt":"2017-07-13T18:57:05","guid":{"rendered":"http:\/\/www.debateplural.com\/?p=17871"},"modified":"2017-07-13T14:57:05","modified_gmt":"2017-07-13T18:57:05","slug":"lula-reitera-que-condena-en-su-contra-busca-sacarlo-del-juego-politico","status":"publish","type":"post","link":"https:\/\/debateplural.net\/site\/2017\/07\/13\/lula-reitera-que-condena-en-su-contra-busca-sacarlo-del-juego-politico\/","title":{"rendered":"Lula reitera que condena en su contra busca sacarlo del juego pol\u00edtico"},"content":{"rendered":"<div class=\"subtitle\">\"Sergio Moro debe rendirle\u00a0cuenta a la historia\", dijo Lula en referencia a la condena que emiti\u00f3 en primera instancia \"sin pruebas verdaderas\".<\/div>\n<div><\/div>\n<div id=\"div-gpt-ad-1472165573407-0\">El presidente de Brasil Luiz In\u00e1cio Lula da Silva se manifest\u00f3 \"indignado\" por la reciente condena en primera instancia del juez Sergio Moro por supuesta corrupci\u00f3n en el caso de Lava Jato.<\/div>\n<div class=\"txt_newworld\">\n<p>El l\u00edder del Partido de los Trabajadores (PT) reiter\u00f3 que la condena de este\u00a0mi\u00e9rcoles es un intento de sacarlo del juego pol\u00edtico, pero asever\u00f3 que pese a estos esfuerzos el se mantendr\u00e1 en la contienda para las elecciones presidenciales de 2018.<\/p>\n<p>\"Yo sigo en el juego pol\u00edtico\", asever\u00f3 frente a decenas de periodistas y militantes de la izquierda desde la sede de prensa del partido.<\/p>\n<p>Lula record\u00f3 que esta sentencia no es una sorpresa y ley\u00f3 un\u00a0art\u00edculo que escribi\u00f3 recientemente en el que dio fe de que esta acusaci\u00f3n en su contra seguir\u00eda en curso hasta lograr su condena a pesar de no tener \"pruebas verdaderas\".<\/p>\n<p>\"Tenemos que comprender esto como una disputa pol\u00edtica. Ellos no quieren condenar a Lula, quieren condenar a un proyecto pol\u00edtico que representa un avance, quieren destruir una corriente de pensamiento\", dice el art\u00edculo.<\/p>\n<p>Asimismo, denunci\u00f3 que buscan \"destruir las conquistas de los trabajadores y la industria nacional\".<\/p>\n<p>\"La\u00a0gente no necesita ser gobernado por la \u00e9lite. La gente necesita ser gobernado por quienes conocen la vida dura del trabajador\", afirm\u00f3.<\/p>\n<p>Da Silva fue sentenciado este mi\u00e9rcoles por la Corte de primera instancia a nueve a\u00f1os y seis meses de prisi\u00f3n. el juez Sergio Moro dictamin\u00f3 la sentencia tras encontrar al exmandatario culpable de los supuestos delitos de corrupci\u00f3n pasiva y lavado de dinero. Sin embargo, los abogados del expresidente brasile\u00f1o aseguran que la condena se basa en delaciones de delincuentes confesos y no en pruebas reales.<\/p>\n<\/div>\n","protected":false},"excerpt":{"rendered":"<p>\"Sergio Moro debe rendirle\u00a0cuenta a la historia\", dijo Lula en referencia a la condena que emiti\u00f3 en primera instancia \"sin pruebas verdaderas\". El presidente de Brasil Luiz In\u00e1cio Lula da Silva se manifest\u00f3 \"indignado\" por la reciente condena en primera instancia del juez Sergio Moro por supuesta corrupci\u00f3n en el caso de Lava Jato. El [&hellip;]<\/p>\n","protected":false},"author":1,"featured_media":17872,"comment_status":"open","ping_status":"open","sticky":false,"template":"","format":"standard","meta":{"footnotes":""},"categories":[14,12],"tags":[],"class_list":["post-17871","post","type-post","status-publish","format-standard","has-post-thumbnail","hentry","category-internacionales","category-politica-3"],"_links":{"self":[{"href":"https:\/\/debateplural.net\/site\/wp-json\/wp\/v2\/posts\/17871"}],"collection":[{"href":"https:\/\/debateplural.net\/site\/wp-json\/wp\/v2\/posts"}],"about":[{"href":"https:\/\/debateplural.net\/site\/wp-json\/wp\/v2\/types\/post"}],"author":[{"embeddable":true,"href":"https:\/\/debateplural.net\/site\/wp-json\/wp\/v2\/users\/1"}],"replies":[{"embeddable":true,"href":"https:\/\/debateplural.net\/site\/wp-json\/wp\/v2\/comments?post=17871"}],"version-history":[{"count":1,"href":"https:\/\/debateplural.net\/site\/wp-json\/wp\/v2\/posts\/17871\/revisions"}],"predecessor-version":[{"id":17873,"href":"https:\/\/debateplural.net\/site\/wp-json\/wp\/v2\/posts\/17871\/revisions\/17873"}],"wp:featuredmedia":[{"embeddable":true,"href":"https:\/\/debateplural.net\/site\/wp-json\/wp\/v2\/media\/17872"}],"wp:attachment":[{"href":"https:\/\/debateplural.net\/site\/wp-json\/wp\/v2\/media?parent=17871"}],"wp:term":[{"taxonomy":"category","embeddable":true,"href":"https:\/\/debateplural.net\/site\/wp-json\/wp\/v2\/categories?post=17871"},{"taxonomy":"post_tag","embeddable":true,"href":"https:\/\/debateplural.net\/site\/wp-json\/wp\/v2\/tags?post=17871"}],"curies":[{"name":"wp","href":"https:\/\/api.w.org\/{rel}","templated":true}]}}