{"id":17992,"date":"2017-07-18T16:14:31","date_gmt":"2017-07-18T20:14:31","guid":{"rendered":"http:\/\/www.debateplural.com\/?p=17992"},"modified":"2017-07-18T16:14:31","modified_gmt":"2017-07-18T20:14:31","slug":"el-concepto-de-revolucion-de-fidel-castro","status":"publish","type":"post","link":"https:\/\/debateplural.net\/site\/2017\/07\/18\/el-concepto-de-revolucion-de-fidel-castro\/","title":{"rendered":"El concepto de revoluci\u00f3n de Fidel Castro"},"content":{"rendered":"<p>Roberto J. Qui\u00f1ones H. (Cubanet, 14-6-16)<\/p>\n<p>El pasado 1ro de mayo, el concepto de revoluci\u00f3n enunciado por el l\u00edder del castrismo cumpli\u00f3 15 a\u00f1os. Ahora ha sido incorporado oficialmente al ideario del partido \u00fanico en el apartado siete de la introducci\u00f3n del documento titulado \u201cConceptualizaci\u00f3n del modelo econ\u00f3mico y social cubano de desarrollo socialista\u201d, aprobado en el S\u00e9ptimo Congreso de la organizaci\u00f3n pol\u00edtica, que comenzar\u00e1 a discutirse p\u00fablicamente en breve seg\u00fan ha anunciado la prensa oficialista.<\/p>\n<p>Creo que el concepto es hermoso y lo ser\u00eda m\u00e1s si realmente se cumpliera. No voy a analizar todas las ideas presentes en \u00e9l; s\u00f3lo me detendr\u00e9 en algunas y las relacionar\u00e9 con el legado del comandante.<\/p>\n<p>Fidel afirm\u00f3 que \u201crevoluci\u00f3n es sentido del momento hist\u00f3rico; es cambiar todo lo que debe ser cambiado\u201d. Cabe preguntarse cu\u00e1l es el sentido del momento hist\u00f3rico al que se refiri\u00f3, pues habiendo copiado de la antigua Uni\u00f3n de Rep\u00fablicas Socialistas Sovi\u00e9ticas (URSS) las estructuras de gobierno, control y represi\u00f3n de los ciudadanos, debi\u00f3 percatarse en 1991, con la debacle de la URSS y todo el campo socialista europeo, que Cuba tambi\u00e9n deb\u00eda cambiar. Mucho m\u00e1s cuando luego confes\u00f3 a un periodista norteamericano que \u201cen Cuba no funcionaba nada\u201d.<\/p>\n<p>Estoy convencido de que el capitalismo salvaje y contaminador del medio ambiente no es el camino. Tambi\u00e9n creo que ese camino tampoco debe ser el de las dictaduras autonombradas socialistas que en el siglo XX existieron en Europa y hoy persisten en la Rep\u00fablica Popular China, Corea del Norte, Vietnam y Cuba.<\/p>\n<p>Si \u201crevoluci\u00f3n es cambiar todo lo que debe ser cambiado\u201d, nunca antes como entre 1991 y hasta el \u00faltimo congreso del partido dictatorial, el castrismo tuvo la oportunidad de comenzar a construir \u2013\u00a1por fin!\u2013 el socialismo; aunque dudo mucho que se arribe a tal sistema privando de empoderamiento real a las masas, mucho menos si no se alcanza un alt\u00edsimo nivel del desarrollo de las fuerzas productivas vinculado indisolublemente con la maduraci\u00f3n total del ser humano y de la democracia.<\/p>\n<p>La filosof\u00eda marxista que me ense\u00f1aron apuntaba que el socialismo era superior al capitalismo, pero la pr\u00e1ctica hist\u00f3rica demostr\u00f3 que no lo super\u00f3 econ\u00f3micamente ni fue m\u00e1s democr\u00e1tico, sino todo lo contrario: todos los pa\u00edses que se autoproclamaron socialistas derivaron en oprobiosas dictaduras unipersonales o de grupos. Por eso cada d\u00eda me convenzo de que hay un plan de Dios para la humanidad, lo cual no contradice que los hombres tenemos la obligaci\u00f3n moral de luchar por un mundo mejor para nuestros hijos.<\/p>\n<p>El concepto proyecta una notoria dicotom\u00eda: De un lado est\u00e1 el humanismo de sus enunciados; del otro la vida de su autor, muy separada del concepto. Si revoluci\u00f3n es \u201cigualdad y libertad plenas, es ser tratado y tratar a los dem\u00e1s como seres humanos y no mentir jam\u00e1s\u201d, lo que ha hecho Fidel Castro difiere mucho de ello. En cuanto a lo de la libertad e igualdad plenas y tratar a los dem\u00e1s como seres humanos, baste decir que en Cuba desde 1959 hasta la fecha ha existido una pr\u00e1ctica pol\u00edtica y social discriminatoria donde los \u201crevolucionarios\u201d est\u00e1n por encima de quienes no lo son. Mientras los primeros pueden ocupar todos los cargos y gozar de privilegios \u2013en dependencia del lugar ocupado en la sociedad\u2013, los otros son vigilados, condenados a maltratos \u2013como ocurre semanalmente con las Damas de Blanco\u2013, a la c\u00e1rcel, al pared\u00f3n y al ostracismo.<\/p>\n<p>Incluso, entre los \u201crevolucionarios\u201d hay diferencias marcadas pues s\u00f3lo los de la \u00e9lite castrista viven en mansiones de lujo, disfrutan de vacaciones en el extranjero, usan autos modernos, visitan lugares vedados para la mayor\u00eda y hasta escandalizan con viajes como el que hizo hace unos meses Antonio Castro Soto del Valle por Europa, o por su protagonismo en la segregaci\u00f3n vergonzante apreciada en el reciente desfile de modas de Chanel en el Paseo del Prado. \u00bfDe qu\u00e9 igualdad plena habla Fidel Castro?<\/p>\n<p>Acerca de \u201cno mentir jam\u00e1s\u201d, all\u00e1 quien se lo crea. Fidel Castro y los miles de j\u00f3venes que se rebelaron contra Batista plasmaron sus ideas en el Programa del Moncada y los Pactos de M\u00e9xico y de la Sierra, donde prometieron elecciones libres, el restablecimiento de la Constituci\u00f3n de 1940 y de la democracia. El 8 de enero de 1959, desde el campamento de Columbia y durante su periplo por los EE.UU., en los primeros meses de ese a\u00f1o, Fidel Castro reafirm\u00f3 que la revoluci\u00f3n convocar\u00eda a elecciones libres y restablecer\u00eda la democracia. Igualmente se declar\u00f3 anticomunista. Sin embargo apenas tom\u00f3 el poder empoder\u00f3 a los comunistas y en abril de 1961 declar\u00f3 el car\u00e1cter \u201csocialista\u201d de la revoluci\u00f3n, que nunca ha tenido nada de socialista y s\u00ed mucho de dictadura totalitaria. Luego no se ha cansado de repetir que siempre fue comunista. \u00bfMinti\u00f3 o no?<\/p>\n<p>Concluyendo, el concepto de marras es totalmente incongruente con la pr\u00e1ctica pol\u00edtica y social del castrismo. Por eso no pasa de ser otra entelequia dentro de la desmesurada y contradictoria verborrea del comandante.<\/p>\n","protected":false},"excerpt":{"rendered":"<p>Roberto J. Qui\u00f1ones H. (Cubanet, 14-6-16) El pasado 1ro de mayo, el concepto de revoluci\u00f3n enunciado por el l\u00edder del castrismo cumpli\u00f3 15 a\u00f1os. Ahora ha sido incorporado oficialmente al ideario del partido \u00fanico en el apartado siete de la introducci\u00f3n del documento titulado \u201cConceptualizaci\u00f3n del modelo econ\u00f3mico y social cubano de desarrollo socialista\u201d, aprobado [&hellip;]<\/p>\n","protected":false},"author":1,"featured_media":10251,"comment_status":"open","ping_status":"open","sticky":false,"template":"","format":"standard","meta":{"footnotes":""},"categories":[14,12],"tags":[],"class_list":["post-17992","post","type-post","status-publish","format-standard","has-post-thumbnail","hentry","category-internacionales","category-politica-3"],"_links":{"self":[{"href":"https:\/\/debateplural.net\/site\/wp-json\/wp\/v2\/posts\/17992"}],"collection":[{"href":"https:\/\/debateplural.net\/site\/wp-json\/wp\/v2\/posts"}],"about":[{"href":"https:\/\/debateplural.net\/site\/wp-json\/wp\/v2\/types\/post"}],"author":[{"embeddable":true,"href":"https:\/\/debateplural.net\/site\/wp-json\/wp\/v2\/users\/1"}],"replies":[{"embeddable":true,"href":"https:\/\/debateplural.net\/site\/wp-json\/wp\/v2\/comments?post=17992"}],"version-history":[{"count":1,"href":"https:\/\/debateplural.net\/site\/wp-json\/wp\/v2\/posts\/17992\/revisions"}],"predecessor-version":[{"id":17993,"href":"https:\/\/debateplural.net\/site\/wp-json\/wp\/v2\/posts\/17992\/revisions\/17993"}],"wp:featuredmedia":[{"embeddable":true,"href":"https:\/\/debateplural.net\/site\/wp-json\/wp\/v2\/media\/10251"}],"wp:attachment":[{"href":"https:\/\/debateplural.net\/site\/wp-json\/wp\/v2\/media?parent=17992"}],"wp:term":[{"taxonomy":"category","embeddable":true,"href":"https:\/\/debateplural.net\/site\/wp-json\/wp\/v2\/categories?post=17992"},{"taxonomy":"post_tag","embeddable":true,"href":"https:\/\/debateplural.net\/site\/wp-json\/wp\/v2\/tags?post=17992"}],"curies":[{"name":"wp","href":"https:\/\/api.w.org\/{rel}","templated":true}]}}