{"id":18060,"date":"2017-07-21T12:45:49","date_gmt":"2017-07-21T16:45:49","guid":{"rendered":"http:\/\/www.debateplural.com\/?p=18060"},"modified":"2017-07-21T12:45:49","modified_gmt":"2017-07-21T16:45:49","slug":"inicia-en-venezuela-despliegue-de-efectivos-militares-de-cara-a-comicios-del-30-de-julio","status":"publish","type":"post","link":"https:\/\/debateplural.net\/site\/2017\/07\/21\/inicia-en-venezuela-despliegue-de-efectivos-militares-de-cara-a-comicios-del-30-de-julio\/","title":{"rendered":"Inicia en Venezuela despliegue de efectivos militares de cara a comicios del 30 de julio"},"content":{"rendered":"<p>El despliegue del Plan Rep\u00fablica inicia\u00a0este viernes en resguardo del material electoral y centros de votaci\u00f3n para la Asamblea Nacional Constituyente.<\/p>\n<p>El ministro del Poder Popular para la Defensa, Vlad\u00edmir Padrino L\u00f3pez, encabeza este viernes el despliegue de m\u00e1s de 200 mil\u00a0efectivos de la Fuerza Armada Nacional Bolivariana (FANB) que resguardaran\u00a0el material electoral\u00a0y el proceso\u00a0en los centros de votaciones de cara a la Asamblea Nacional Constituyente (ANC), que se llevar\u00e1 a cabo el\u00a0pr\u00f3ximo 30 de julio.<\/p>\n<p>Padrino L\u00f3pez indic\u00f3 que, \u201cla FANB apoyar\u00e1 este nuevo proceso electoral democr\u00e1tico que se ha planteado el Estado venezolano y que ha convocado al pueblo en su poder soberano originario\".<\/p>\n<p>Asimismo, manifest\u00f3 que el Plan Rep\u00fablica Constituyente 2017 estar\u00e1n integrados efectivos castrenses, que resguardar\u00e1n las maquinarias, el material electoral, los centros de votaciones y los electores.<\/p>\n<p><strong>Violencia opositora<\/strong><\/p>\n<p>El titular de Defensa inform\u00f3 que un total de 415 efectivos de la FANB\u00a0han sido v\u00edctimas de la actuaci\u00f3n terroristas promovidos por la oposici\u00f3n venezolana, algunos quemados y otros heridos de bala.<\/p>\n","protected":false},"excerpt":{"rendered":"<p>El despliegue del Plan Rep\u00fablica inicia\u00a0este viernes en resguardo del material electoral y centros de votaci\u00f3n para la Asamblea Nacional Constituyente. El ministro del Poder Popular para la Defensa, Vlad\u00edmir Padrino L\u00f3pez, encabeza este viernes el despliegue de m\u00e1s de 200 mil\u00a0efectivos de la Fuerza Armada Nacional Bolivariana (FANB) que resguardaran\u00a0el material electoral\u00a0y el proceso\u00a0en [&hellip;]<\/p>\n","protected":false},"author":1,"featured_media":18061,"comment_status":"open","ping_status":"open","sticky":false,"template":"","format":"standard","meta":{"footnotes":""},"categories":[14,12],"tags":[],"class_list":["post-18060","post","type-post","status-publish","format-standard","has-post-thumbnail","hentry","category-internacionales","category-politica-3"],"_links":{"self":[{"href":"https:\/\/debateplural.net\/site\/wp-json\/wp\/v2\/posts\/18060"}],"collection":[{"href":"https:\/\/debateplural.net\/site\/wp-json\/wp\/v2\/posts"}],"about":[{"href":"https:\/\/debateplural.net\/site\/wp-json\/wp\/v2\/types\/post"}],"author":[{"embeddable":true,"href":"https:\/\/debateplural.net\/site\/wp-json\/wp\/v2\/users\/1"}],"replies":[{"embeddable":true,"href":"https:\/\/debateplural.net\/site\/wp-json\/wp\/v2\/comments?post=18060"}],"version-history":[{"count":1,"href":"https:\/\/debateplural.net\/site\/wp-json\/wp\/v2\/posts\/18060\/revisions"}],"predecessor-version":[{"id":18062,"href":"https:\/\/debateplural.net\/site\/wp-json\/wp\/v2\/posts\/18060\/revisions\/18062"}],"wp:featuredmedia":[{"embeddable":true,"href":"https:\/\/debateplural.net\/site\/wp-json\/wp\/v2\/media\/18061"}],"wp:attachment":[{"href":"https:\/\/debateplural.net\/site\/wp-json\/wp\/v2\/media?parent=18060"}],"wp:term":[{"taxonomy":"category","embeddable":true,"href":"https:\/\/debateplural.net\/site\/wp-json\/wp\/v2\/categories?post=18060"},{"taxonomy":"post_tag","embeddable":true,"href":"https:\/\/debateplural.net\/site\/wp-json\/wp\/v2\/tags?post=18060"}],"curies":[{"name":"wp","href":"https:\/\/api.w.org\/{rel}","templated":true}]}}