{"id":18132,"date":"2017-07-24T12:10:52","date_gmt":"2017-07-24T16:10:52","guid":{"rendered":"http:\/\/www.debateplural.com\/?p=18132"},"modified":"2017-07-24T12:10:52","modified_gmt":"2017-07-24T16:10:52","slug":"el-fracaso-de-macri-y-faurie-se-llama-venezuela","status":"publish","type":"post","link":"https:\/\/debateplural.net\/site\/2017\/07\/24\/el-fracaso-de-macri-y-faurie-se-llama-venezuela\/","title":{"rendered":"El fracaso de Macri y Faurie se llama Venezuela"},"content":{"rendered":"<div class=\"topblogleft\">Martin Granovsky (teleSur, 22-7-17)<\/div>\n<p>El Presidente argentino Mauricio Macri sufri\u00f3 el segundo gran fracaso diplom\u00e1tico en 19 meses de gobierno. Como anfitri\u00f3n de la cumbre de presidentes del Mercosur no consigui\u00f3 que el bloque aumentara de manera irreversible el castigo contra Venezuela. Macri y su canciller Jorge Faurie se quedaron sin lograr la virtual expulsi\u00f3n del pa\u00eds que gobierna Nicol\u00e1s Maduro. La oposici\u00f3n venezolana qued\u00f3 m\u00e1s d\u00e9bil. Quer\u00eda una sanci\u00f3n dura en Mendoza.<\/p>\n<div class=\"qnewworld\"><\/div>\n<p>La curiosidad es qui\u00e9n protagoniz\u00f3 el primer gran fracaso. Se trat\u00f3 de la primera canciller de Macri, Susana Malcorra. Macri buscaba alzarse con el triunfo que supondr\u00eda su designaci\u00f3n como secretaria general de la Organizaci\u00f3n de las Naciones Unidas. Malcorra no lleg\u00f3. En lugar del coreano Ban Ki-moon fue elegido el portugu\u00e9s Ant\u00f3nio Guterres. El costado parad\u00f3jico es que Malcorra no era precisamente chavista pero pon\u00eda sus fichas en el di\u00e1logo dentro de Venezuela. En sinton\u00eda con un sector del establishment norteamericano, Malcorra argumentaba que una explosi\u00f3n en el norte de Sudam\u00e9rica tornar\u00eda inestable la situaci\u00f3n de todo el Caribe y har\u00eda peligrar la paz en Colombia. Las diferencias con Macri, la derrota en la ONU y el desgaste de las concesiones al Reino Unido por las Malvinas precipitaron su salida.<\/p>\n<p>Faurie, en cambio, evit\u00f3 desde el primer momento de su gesti\u00f3n cualquier palabra que pudiera ser interpretada como un desmarque respecto del Presidente. Y en los \u00faltimos d\u00edas, adem\u00e1s, subi\u00f3 la apuesta. En la tarde y la noche del jueves se lanz\u00f3 a una serie de declaraciones agresivas contra Venezuela dando por sentado que no se trata de una democracia, criticando abiertamente al Presidente Maduro y pidiendo una suspensi\u00f3n definitiva de los venezolanos, equivalente a una expulsi\u00f3n aunque esa figura no existe literalmente en las normas del bloque.<\/p>\n<p>No consigui\u00f3 la separaci\u00f3n definitiva por la negativa de Uruguay, que a trav\u00e9s del presidente Tabar\u00e9 V\u00e1zquez y el canciller Rodolfo Nin Novoa termin\u00f3 torciendo el texto del documento final sobre Venezuela.<\/p>\n<p>La Argentina y Brasil quer\u00edan que el texto advirtiera expl\u00edcitamente que si Nicol\u00e1s Maduro insist\u00eda en convocar a elecciones constituyentes el 30 de julio, es decir dentro de pocos d\u00edas, el Mercosur considerar\u00eda inexistente la vocaci\u00f3n de di\u00e1logo por parte de Caracas.<\/p>\n<p>Pero el texto consensuado por los presidentes no hizo una menci\u00f3n abierta. Dice textualmente sobre los Estados: \u201cExhortan al Gobierno y a la oposici\u00f3n a no llevar a cabo ninguna iniciativa que pueda dividir a\u00fan m\u00e1s a la sociedad venezolana o agravar conflictos institucionales\u201d. Primera conclusi\u00f3n: en diplomacia no es lo mismo hablar de algo con todas las palabras que aludirlo para que se interprete libremente. Lo segundo es m\u00e1s d\u00e9bil. Segunda conclusi\u00f3n: la alusi\u00f3n podr\u00eda apuntar a la Constituyente pero tambi\u00e9n al plebiscito informal realizado por la oposici\u00f3n el 16 de julio o, incluso, a la construcci\u00f3n de un Estado paralelo cuya \u00faltima noticia es la designaci\u00f3n de jueces.<\/p>\n<p>En otro p\u00e1rrafo, los presidentes \u201chacen un urgente llamado al cese de toda violencia y a la liberaci\u00f3n de todos los detenidos por razones pol\u00edticas, instando al restablecimiento del orden institucional, la vigencia del Estado de derecho y la separaci\u00f3n de poderes, en el marco del pleno respeto de las garant\u00edas constitucionales y los derechos humanos\u201d.<\/p>\n<p>El matiz uruguayo se descubre en este tramo: \u201cConvencidos que la soluci\u00f3n a la crisis s\u00f3lo podr\u00e1 ser resuelta por los venezolanos, instan al Gobierno y a las fuerzas opositoras de la hermana Rep\u00fablica Bolivariana de Venezuela al di\u00e1logo,\u00a0que permita una concertaci\u00f3n pol\u00edtica\u00a0cre\u00edble\u201d.<\/p>\n<p>Los Estados, al final, \u201creiteran su plena disposici\u00f3n a acompa\u00f1ar ese proceso de di\u00e1logo entre venezolanos de la manera en que sus actores estimen m\u00e1s conveniente\u201d.<\/p>\n<p>Aun cuando el texto no era el que quer\u00edan Macri y Temer, Evo Morales fue el \u00fanico presidente que no acompa\u00f1\u00f3 con su firma a los colegas de la Argentina, Brasil, Uruguay, Paraguay, Chile, Colombia, M\u00e9xico y Guyana.<\/p>\n<p>\u201cNosotros ven\u00edamos explicando desde antes que no hay que intervenir en los asuntos internos de Venezuela y que Nicol\u00e1s Maduro es un presidente democr\u00e1tico\u201d, dijo a este cronista en Mendoza, junto a la Cordillera de los Andes, el embajador\u00a0 boliviano Santos Tito, ex senador, ex gobernador de Oruro y dirigente del Movimiento al Socialismo liderado por Morales.<\/p>\n<p>Antes de llegar a la Argentina desde Nicaragua Evo ya ten\u00eda en sus manos el documento emitido por la Cumbre de los Pueblos que sesion\u00f3 el jueves en Mendoza con la coordinaci\u00f3n del diputado Parlasur Oscar Laborde y el cierre del diputado nacional por Mendoza Guillermo Carmona. El encuentro tuvo un sello de solidaridad con Venezuela. En la cumbre de los presidentes Evo se\u00f1al\u00f3 tres cosas:<\/p>\n<p>*\u201dNi como pa\u00edses de Mercosur ni como organismos de Am\u00e9rica podemos ser c\u00f3mplices de una intervenci\u00f3n norteamericana en Venezuela\u201d.<\/p>\n<p>*\u201dLas intervenciones en Libia, Irak y otros pa\u00edses son para apropiarse de recursos naturales. Detr\u00e1s de la intervenci\u00f3n en Venezuela est\u00e1 el petr\u00f3leo\u201d.<\/p>\n<p>*\u201dNuestro Mercosur no puede repetir la amarga historia de la OEA: por razones pol\u00edticas o ideol\u00f3gicas expulsar o excluir a pa\u00edses\u201d.<br \/>\n<strong>Identidad<\/strong><\/p>\n<p>Macri eligi\u00f3 la cuesti\u00f3n venezolana desde el inicio de su gesti\u00f3n para distinguirse del resto de los presidentes. El tema est\u00e1 en su ADN. En diciembre de 2015, a pocos d\u00edas de asumir la Presidencia, plante\u00f3 la cr\u00edtica abierta en la cumbre del Mercosur de Asunci\u00f3n, la anterior a la de Mendoza. Todav\u00eda gobernaba Dilma Rousseff en Brasil y no se hab\u00edan producido ni el juicio pol\u00edtico ni el golpe contra la presidenta electa en 2014 por 54 millones de votos. Luego la presencia de Michel Temer en el Planalto, la Casa Rosada de Brasilia, le dio a Macri un aliado impopular pero incondicional. Los dos cancilleres del presidente de facto, primero Jos\u00e9 Serra y ahora Aloysio Nunes, convirtieron la lucha contra Maduro en la clave de la pol\u00edtica exterior y, como en la Argentina, interior. Ante la imposibilidad de tildar a Dilma de \u201ccorrupta\u201d, el adjetivo utilizado fue \u201cchavista\u201d. Igual que en la Argentina, la idea parece asumir que cualquier pol\u00edtico sufrir\u00e1 un costo si resulta asociado a Venezuela. \u00bfY si fuera al rev\u00e9s? \u00bfY si algunos pensaran, con o sin simpat\u00edas chavistas, que hist\u00f3ricamente el intervencionismo y la condena solo empeoran las cosas?<\/p>\n<p>El uruguayo Nin Novoa coment\u00f3 a sus colegas en la cumbre de Mendoza que el caso venezolano podr\u00eda ser abordado con un esp\u00edritu sancionatorio, colaborativo o prescindente. Por si les quedaba alguna duda tambi\u00e9n lo dijo en p\u00fablico, de modo que qued\u00f3 comprometido. Explic\u00f3 a la prensa de su pa\u00eds: \u201cUruguay no tiene ni el primero ni el tercero. Tiene el segundo, que es un esp\u00edritu de colaboraci\u00f3n para tratar de superar la crisis que existe hoy en Venezuela, que ha llevado en el transcurso de algunos meses a una cantidad importante de fallecidos producto de manifestaciones que hay en las calles\u201d.<\/p>\n<p>La \u00faltima frase son\u00f3 como un gui\u00f1o a Maduro. El Palacio de Miraflores, sede del Ejecutivo, no niega la responsabilidad sobre muertes callejeras a manos de fuerzas de seguridad, aunque los organismos de derechos humanos le reprochan debilidad en las sanciones a los efectivos. Pero suele repetir que parte de las v\u00edctimas se debe a la acci\u00f3n de terroristas con cobertura log\u00edstica de la oposici\u00f3n o a linchamientos. El solo hecho de no sostener que todos los muertos son obra del Estado basta para separar a Uruguay de la posici\u00f3n com\u00fan mantenida por Macri, Temer y el paraguayo Horacio Cart\u00e9s.<\/p>\n<p>Macri conoc\u00eda esta posici\u00f3n de primera mano porque el viernes \u00a0por la ma\u00f1ana se la transmiti\u00f3 Tabar\u00e9. Nin Novoa se la hab\u00eda dicho a Faurie. El canciller argentino tiene la experiencia suficiente para saber que los cuatro miembros plenos del Mercosur (la Argentina, Uruguay, Paraguay y Brasil) no votan sino que act\u00faan por consenso. \u00bfPor qu\u00e9 Faurie carg\u00f3 igual contra Venezuela y hasta adelant\u00f3 que podr\u00eda ser sancionada por el bloque? Si fue por c\u00e1lculo diplom\u00e1tico, esa estimaci\u00f3n fall\u00f3. Si confiaba en una presi\u00f3n p\u00fablica contra Tabar\u00e9, cada vez m\u00e1s cuestionado en su pa\u00eds por los conservadores blancos y colorados, tambi\u00e9n fall\u00f3. Y si el Presidente y su ministro de Relaciones Exteriores pensaron en el r\u00e9dito interno, y nada m\u00e1s que en eso, pagaron un costo diplom\u00e1tico porque el pa\u00eds anfitri\u00f3n suele tener peso. Tercera falla que el factor Tabar\u00e9 contribuy\u00f3 a poner de relieve. Es que ser intervencionista en Am\u00e9rica Latina no est\u00e1 bien visto. La regi\u00f3n alguna experiencia tiene. Solo hay que estar dispuesto a recordarla.<\/p>\n<p>&nbsp;<\/p>\n","protected":false},"excerpt":{"rendered":"<p>Martin Granovsky (teleSur, 22-7-17) El Presidente argentino Mauricio Macri sufri\u00f3 el segundo gran fracaso diplom\u00e1tico en 19 meses de gobierno. Como anfitri\u00f3n de la cumbre de presidentes del Mercosur no consigui\u00f3 que el bloque aumentara de manera irreversible el castigo contra Venezuela. Macri y su canciller Jorge Faurie se quedaron sin lograr la virtual expulsi\u00f3n [&hellip;]<\/p>\n","protected":false},"author":1,"featured_media":8206,"comment_status":"open","ping_status":"open","sticky":false,"template":"","format":"standard","meta":{"footnotes":""},"categories":[14,12],"tags":[],"class_list":["post-18132","post","type-post","status-publish","format-standard","has-post-thumbnail","hentry","category-internacionales","category-politica-3"],"_links":{"self":[{"href":"https:\/\/debateplural.net\/site\/wp-json\/wp\/v2\/posts\/18132"}],"collection":[{"href":"https:\/\/debateplural.net\/site\/wp-json\/wp\/v2\/posts"}],"about":[{"href":"https:\/\/debateplural.net\/site\/wp-json\/wp\/v2\/types\/post"}],"author":[{"embeddable":true,"href":"https:\/\/debateplural.net\/site\/wp-json\/wp\/v2\/users\/1"}],"replies":[{"embeddable":true,"href":"https:\/\/debateplural.net\/site\/wp-json\/wp\/v2\/comments?post=18132"}],"version-history":[{"count":1,"href":"https:\/\/debateplural.net\/site\/wp-json\/wp\/v2\/posts\/18132\/revisions"}],"predecessor-version":[{"id":18133,"href":"https:\/\/debateplural.net\/site\/wp-json\/wp\/v2\/posts\/18132\/revisions\/18133"}],"wp:featuredmedia":[{"embeddable":true,"href":"https:\/\/debateplural.net\/site\/wp-json\/wp\/v2\/media\/8206"}],"wp:attachment":[{"href":"https:\/\/debateplural.net\/site\/wp-json\/wp\/v2\/media?parent=18132"}],"wp:term":[{"taxonomy":"category","embeddable":true,"href":"https:\/\/debateplural.net\/site\/wp-json\/wp\/v2\/categories?post=18132"},{"taxonomy":"post_tag","embeddable":true,"href":"https:\/\/debateplural.net\/site\/wp-json\/wp\/v2\/tags?post=18132"}],"curies":[{"name":"wp","href":"https:\/\/api.w.org\/{rel}","templated":true}]}}