{"id":18167,"date":"2017-07-25T12:55:42","date_gmt":"2017-07-25T16:55:42","guid":{"rendered":"http:\/\/www.debateplural.com\/?p=18167"},"modified":"2017-07-25T12:55:42","modified_gmt":"2017-07-25T16:55:42","slug":"tse-ejemplo-ominoso","status":"publish","type":"post","link":"https:\/\/debateplural.net\/site\/2017\/07\/25\/tse-ejemplo-ominoso\/","title":{"rendered":"\u00a1TSE: Ejemplo ominoso!"},"content":{"rendered":"<p>Oscar Medina (Listin, 24-7-17)<\/p>\n<p>Con excepci\u00f3n de segmentos minoritarios de la oposici\u00f3n que se oponen a cualquier iniciativa donde est\u00e9 presente el Poder Ejecutivo -\u00a1y hasta ellos mismos!-, las designaciones del Consejo Nacional de la Magistratura en la Suprema Corte de Justicia y en el Tribunal Superior Electoral han sido bien acogidas por la sociedad.<\/p>\n<p>No pod\u00eda ser de otra forma porque se trata de profesionales de trayectoria meritoria, de capacidad probada y de conducta intachable. Tres de los nuevos miembros de la Suprema provienen de la carrera judicial, llevan d\u00e9cadas al servicio de la judicatura y han avanzado gracias a sus condiciones humanas y profesionales, actuando en la vida p\u00fablica\u00a0 con sobriedad y decencia, sin haber sido nunca vinculados a actos indecorosos.<\/p>\n<p>Los magistrados Manuel Alexis Read, Pilar Jim\u00e9nez Ortiz y Blas Fern\u00e1ndez G\u00f3mez no s\u00f3lo merecen el ascenso, sino que ir\u00e1n a la Suprema Corte a servir con decoro al Poder Judicial y al pa\u00eds. El cuarto magistrado designado, Mois\u00e9s Ferrer Landr\u00f3n, llega a la Suprema como parte de la cuota de la sociedad. Es un abogado de muchos a\u00f1os de ejercicio que ha ocupado importantes posiciones dentro del Ministerio P\u00fablico y sus referencias personales y profesionales son intachables.<\/p>\n<p>En el caso del Tribunal Superior Electoral, sus cinco nuevos titulares son, por igual, profesionales de capacidad y honorabilidad probadas, con experiencia en el \u00e1rea electoral, lo que dar\u00e1 credibilidad a sus decisiones. Su nuevo presidente, Rom\u00e1n J\u00e1quez, era suplente del anterior presidente, Mariano Rodr\u00edguez, y es un connotado acad\u00e9mico -decano de la Facultad de Ciencias Jur\u00eddicas y Pol\u00edticas de la Universidad Cat\u00f3lica de Santo Domingo-, a quien no se le conocen v\u00ednculos pol\u00edticos directos.<\/p>\n<p>Rafelina Peralta fue miembro titular de la Junta Central Electoral en el per\u00edodo 2002-2006, y antes se hab\u00eda desempe\u00f1ado como oficial del Estado Civil, directora de la Oficina Central y consultora jur\u00eddica; Cristian Perdomo Hern\u00e1ndez tambi\u00e9n proviene de la JCE, donde labor\u00f3 por casi veinte a\u00f1os en los departamentos de Registro Electoral, en la direcci\u00f3n de Cedulaci\u00f3n, en la direcci\u00f3n de Inspector\u00eda y en la Junta Electoral del municipio Santo Domingo Este; Santiago Sosa procede de la sociedad civil, fue coordinador nacional de Participaci\u00f3n Ciudadana y en los \u00faltimos procesos se desempe\u00f1\u00f3 como presidente de la Junta Electoral del Distrito Nacional, y Ram\u00f3n Madera ha sido procurador adjunto desde el a\u00f1o 2001 y ocupado diversos puestos en el Ministerio P\u00fablico.<\/p>\n<p>Se le critica al Consejo Nacional de la Magistratura, sin embargo, que barriera con el anterior Tribunal Superior Electoral. Porque no es verdad que estuviera compuesto por personas indignas, como alegan sectores de la oposici\u00f3n radical, o que hubiesen actuado con la parcialidad que le atribuyen esos mismos grupos que montaron una campa\u00f1a de irrespeto en el plano personal llegando incluso a las agresiones f\u00edsicas.<\/p>\n<p>A despecho de que se pueda estar en desacuerdo con algunas de sus decisiones, la prueba m\u00e1s evidente de que el anterior TSE actu\u00f3 apegado al derecho y a la Constituci\u00f3n es el hecho de que s\u00f3lo un m\u00ednimo porcentaje de m\u00e1s de 700 sentencias que emiti\u00f3 fue recurrido ante el Tribunal Constitucional\u00d6 Y de poco m\u00e1s de treinta que llegaron a esa instancia, todas fueron ratificadas.<\/p>\n<p>Esos magistrados resistieron todas las presiones de las hordas medi\u00e1ticas opositoras, y se mantuvieron apegados a sus principios jur\u00eddicos, aunque hoy salen del Tribunal Superior Electoral bajo una estela de sospechas que de alguna forma el CNM valid\u00f3 al sustituirlos a todos.<\/p>\n<p>Se podr\u00eda pensar que existen razones para que, en lo adelante, profesionales que se respeten a s\u00ed mismos lo piensen bien antes de aceptar ese tipo de responsabilidad p\u00fablica o que &#8211;una vez designados, incluyendo a los nuevos miembros de las altas cortes&#8211;, se calcule bien el precio de tomar decisiones apegadas a la conciencia sin importar las presiones de sectores interesados, porque es excesivamente riesgoso actuar con cabalidad y responsabilidad en consonancia con principios y valores sociales, morales y familiares.<\/p>\n<p>\u00a1\u00d6 En definitiva, que no vale la pena ofrendar la cabeza para que el poder pol\u00edtico la exhiba en bandeja de plata y en altares contrarios!<\/p>\n","protected":false},"excerpt":{"rendered":"<p>Oscar Medina (Listin, 24-7-17) Con excepci\u00f3n de segmentos minoritarios de la oposici\u00f3n que se oponen a cualquier iniciativa donde est\u00e9 presente el Poder Ejecutivo -\u00a1y hasta ellos mismos!-, las designaciones del Consejo Nacional de la Magistratura en la Suprema Corte de Justicia y en el Tribunal Superior Electoral han sido bien acogidas por la sociedad. [&hellip;]<\/p>\n","protected":false},"author":1,"featured_media":18168,"comment_status":"open","ping_status":"open","sticky":false,"template":"","format":"standard","meta":{"footnotes":""},"categories":[5,12],"tags":[],"class_list":["post-18167","post","type-post","status-publish","format-standard","has-post-thumbnail","hentry","category-nacionales","category-politica-3"],"_links":{"self":[{"href":"https:\/\/debateplural.net\/site\/wp-json\/wp\/v2\/posts\/18167"}],"collection":[{"href":"https:\/\/debateplural.net\/site\/wp-json\/wp\/v2\/posts"}],"about":[{"href":"https:\/\/debateplural.net\/site\/wp-json\/wp\/v2\/types\/post"}],"author":[{"embeddable":true,"href":"https:\/\/debateplural.net\/site\/wp-json\/wp\/v2\/users\/1"}],"replies":[{"embeddable":true,"href":"https:\/\/debateplural.net\/site\/wp-json\/wp\/v2\/comments?post=18167"}],"version-history":[{"count":1,"href":"https:\/\/debateplural.net\/site\/wp-json\/wp\/v2\/posts\/18167\/revisions"}],"predecessor-version":[{"id":18169,"href":"https:\/\/debateplural.net\/site\/wp-json\/wp\/v2\/posts\/18167\/revisions\/18169"}],"wp:featuredmedia":[{"embeddable":true,"href":"https:\/\/debateplural.net\/site\/wp-json\/wp\/v2\/media\/18168"}],"wp:attachment":[{"href":"https:\/\/debateplural.net\/site\/wp-json\/wp\/v2\/media?parent=18167"}],"wp:term":[{"taxonomy":"category","embeddable":true,"href":"https:\/\/debateplural.net\/site\/wp-json\/wp\/v2\/categories?post=18167"},{"taxonomy":"post_tag","embeddable":true,"href":"https:\/\/debateplural.net\/site\/wp-json\/wp\/v2\/tags?post=18167"}],"curies":[{"name":"wp","href":"https:\/\/api.w.org\/{rel}","templated":true}]}}