{"id":18201,"date":"2017-07-26T12:12:06","date_gmt":"2017-07-26T16:12:06","guid":{"rendered":"http:\/\/www.debateplural.com\/?p=18201"},"modified":"2017-07-26T12:12:06","modified_gmt":"2017-07-26T16:12:06","slug":"asalto-cuartel-moncada-preludio-de-la-revolucion-cubana","status":"publish","type":"post","link":"https:\/\/debateplural.net\/site\/2017\/07\/26\/asalto-cuartel-moncada-preludio-de-la-revolucion-cubana\/","title":{"rendered":"Asalto Cuartel Moncada: Preludio de la Revoluci\u00f3n Cubana"},"content":{"rendered":"<p>Freddy Medrano (El Nuevo Diario, 26-7-17)<\/p>\n<p>En las lides universitarias de La Habana, el estudiante de Derecho Fidel Castro Ruz, comenz\u00f3 los preparativos para organizar movimientos sociales que dieran al traste con la dictadura de Fulgencio Batista, que hab\u00eda llegado al poder en\u00a0Cuba\u00a0por medio de un golpe de Estado, en 1952.<\/p>\n<p>Ya graduado como abogado,\u00a0Castro\u00a0Ruz organiza a un grupo de j\u00f3venes cubanos, a trav\u00e9s del Partido Ortodoxo, junto a su hermano Ra\u00fal, hoy Presidente de Cuba, y Abel Santamar\u00eda.<\/p>\n<p>Esos j\u00f3venes, con las orientaciones de Fidel, asaltan el 26 julio de 1953 al cuartel Moncada, porque ese d\u00eda, que era domingo, se celebraba un carnaval en Santiago, al que asist\u00eda mucha gente, un factor que evitaba las sospechas del r\u00e9gimen sobre la presencia de numerosas personas en esa ciudad, al Oriente de la isla m\u00e1s grande de las Antillas Mayores.<\/p>\n<p>Este mi\u00e9rcoles se cumplen 64 a\u00f1os de ese hecho, que marc\u00f3 el destino de lo que ser\u00eda la Revoluci\u00f3n Cubana.<\/p>\n<p>Ra\u00fal y Abel Santamar\u00eda ya hab\u00edan asaltado el Hospital Civil y el Palacio de Justicia, y Fidel se dirig\u00eda en varios veh\u00edculos a asaltar el cuartel Moncada.<\/p>\n<p>Un elemento sorpresa frustr\u00f3 la misi\u00f3n de Fidel. Una patrulla militar que hac\u00eda guardia frente al Moncada y un sargento que cruzaba por una calle adyacente al recinto militar not\u00f3 la presencia de los revolucionarios. Se origin\u00f3 entonces un intenso tiroteo que alert\u00f3 a los custodias de la estructura de la segunda fortaleza m\u00e1s importante de Cuba.<\/p>\n<p>Ante la superioridad de armas y militares al servicio del r\u00e9gimen Batistiano, Fidel orden\u00f3 la retirada.<\/p>\n<p>Los veh\u00edculos donde eran transportadas el mayor n\u00famero de armas para los compa\u00f1eros de Castro Ruz se hab\u00edan extraviado, porque varios de los conductores no conoc\u00edan la ciudad de Santiago.<\/p>\n<p>Varios compa\u00f1eros de Fidel cayeron abatidos en el intenso tiroteo. Abel Santamar\u00eda, hermano de Hayde\u00e9 Santamar\u00eda, que por muchos a\u00f1os fue la directora de Casa de Las Am\u00e9ricas, la mayor editorial de la Cuba post revoluci\u00f3n, fue apresado y posteriormente masacrado, hasta el extremo que les sacaron los ojos.<br \/>\nFrente a esa situaci\u00f3n, el dictador Batista desat\u00f3 la m\u00e1s brutal represi\u00f3n contra los participantes al asalto del Moncada. Orden\u00f3 que por cada militar muerto fueran asesinados diez de los combatientes revolucionarios.<\/p>\n<p>Castro fue hecho prisionero y llevado a la Isla de Pinos, y durante el juicio a que fue sometido escribi\u00f3 documento, que despu\u00e9s fue impreso como un libro, donde dej\u00f3 plasmada su emblem\u00e1tica frase: \u201cLa historia me absolver\u00e1\u201d.<\/p>\n<p>Fidel describe durante el juicio lo que se vivi\u00f3 en el Moncada, luego de que sus compa\u00f1eros fueran apresados por los militares al servicio del r\u00e9gimen, de la siguiente manera:\u201d No se mat\u00f3 durante un minuto, una hora o un d\u00eda entero, sino que en una semana completa, los golpes, las torturas, los lanzamientos de azotea y los disparos no cesaron un instante como instrumento de exterminio manejados por artesanos perfectos del crimen. El cuartel Moncada se convirti\u00f3 en un taller de tortura y muerte, y unos hombres indignos convirtieron el uniforme militar en delantales de carniceros\u201d.<\/p>\n<p>El r\u00e9gimen de Batista concedi\u00f3 una amnist\u00eda a los prisioneros por el asalto al cuartel Moncada. Es as\u00ed como Fidel y su hermano Ra\u00fal parten el 15 de mayo de 1955 hacia M\u00e9xico, donde m\u00e1s tarde conocen al m\u00e9dico argentino Ernesto Guevara de la Serna.<\/p>\n<p>En el pa\u00eds azteca, el hijo del espa\u00f1ol \u00c1ngel Castro y la cubana Lina Ruz, comienza a preparar todo lo relativo a una expedici\u00f3n hacia Cuba. Fidel alquila el Rancho Santa Rosa en el municipio de Chalco, cerca del Estado de M\u00e9xico, que es utilizada como campo de entrenamiento para los expedicionarios.<\/p>\n<p>Es as\u00ed como desde el puerto Tuxpan, Fidel sale el 25 de noviembre de 1956 hacia Cuba en el barco bautizado como El Granma, en cuya traves\u00eda nombra a Guevara de la Serna como m\u00e9dico de la expedici\u00f3n.<\/p>\n<p>La embarcaci\u00f3n arrib\u00f3 a las costas cubanas el 2 de diciembre de 1956 y sus integrantes se internaron en las monta\u00f1as de la Sierra Maestra.<br \/>\nDe ese movimiento subversivo internado en la Sierra Maestra sali\u00f3 el triunfo de los revolucionarios, el primero de enero de 1959, lo que se dio a conocer al mundo como el surgimiento de la Revoluci\u00f3n Cubana. A partir de ese momento, la historia de Cuba comenz\u00f3 a escribirse de otra manera.<\/p>\n<p>Fidel Castro falleci\u00f3 el 25 de noviembre del 2016.<\/p>\n<p>&nbsp;<\/p>\n","protected":false},"excerpt":{"rendered":"<p>Freddy Medrano (El Nuevo Diario, 26-7-17) En las lides universitarias de La Habana, el estudiante de Derecho Fidel Castro Ruz, comenz\u00f3 los preparativos para organizar movimientos sociales que dieran al traste con la dictadura de Fulgencio Batista, que hab\u00eda llegado al poder en\u00a0Cuba\u00a0por medio de un golpe de Estado, en 1952. Ya graduado como abogado,\u00a0Castro\u00a0Ruz [&hellip;]<\/p>\n","protected":false},"author":1,"featured_media":18202,"comment_status":"open","ping_status":"open","sticky":false,"template":"","format":"standard","meta":{"footnotes":""},"categories":[14,12],"tags":[],"class_list":["post-18201","post","type-post","status-publish","format-standard","has-post-thumbnail","hentry","category-internacionales","category-politica-3"],"_links":{"self":[{"href":"https:\/\/debateplural.net\/site\/wp-json\/wp\/v2\/posts\/18201"}],"collection":[{"href":"https:\/\/debateplural.net\/site\/wp-json\/wp\/v2\/posts"}],"about":[{"href":"https:\/\/debateplural.net\/site\/wp-json\/wp\/v2\/types\/post"}],"author":[{"embeddable":true,"href":"https:\/\/debateplural.net\/site\/wp-json\/wp\/v2\/users\/1"}],"replies":[{"embeddable":true,"href":"https:\/\/debateplural.net\/site\/wp-json\/wp\/v2\/comments?post=18201"}],"version-history":[{"count":1,"href":"https:\/\/debateplural.net\/site\/wp-json\/wp\/v2\/posts\/18201\/revisions"}],"predecessor-version":[{"id":18203,"href":"https:\/\/debateplural.net\/site\/wp-json\/wp\/v2\/posts\/18201\/revisions\/18203"}],"wp:featuredmedia":[{"embeddable":true,"href":"https:\/\/debateplural.net\/site\/wp-json\/wp\/v2\/media\/18202"}],"wp:attachment":[{"href":"https:\/\/debateplural.net\/site\/wp-json\/wp\/v2\/media?parent=18201"}],"wp:term":[{"taxonomy":"category","embeddable":true,"href":"https:\/\/debateplural.net\/site\/wp-json\/wp\/v2\/categories?post=18201"},{"taxonomy":"post_tag","embeddable":true,"href":"https:\/\/debateplural.net\/site\/wp-json\/wp\/v2\/tags?post=18201"}],"curies":[{"name":"wp","href":"https:\/\/api.w.org\/{rel}","templated":true}]}}