{"id":18226,"date":"2017-07-27T16:29:43","date_gmt":"2017-07-27T20:29:43","guid":{"rendered":"http:\/\/www.debateplural.com\/?p=18226"},"modified":"2017-07-27T16:29:43","modified_gmt":"2017-07-27T20:29:43","slug":"evo-culpa-a-almagro-de-intervencion-en-venezuela","status":"publish","type":"post","link":"https:\/\/debateplural.net\/site\/2017\/07\/27\/evo-culpa-a-almagro-de-intervencion-en-venezuela\/","title":{"rendered":"Evo culpa a Almagro de intervenci\u00f3n en Venezuela"},"content":{"rendered":"<p>\"La intervenci\u00f3n de EE.UU. en Venezuela podr\u00eda derivar en un conflicto armado\", dijo el mandatario boliviano.<\/p>\n<p>El presidente de Bolivia, Evo Morales, critic\u00f3 este jueves a trav\u00e9s de su cuenta Twitter al secretario general de la Organizaci\u00f3n de Estados Americanos (OEA), Luis Almagro, por solicitar a Estados Unidos (EE.UU.) que imponga medidas que permitan\u00a0presionar al Gobierno de Nicol\u00e1s Maduro.<\/p>\n<p>Morales se\u00f1al\u00f3 que \"la sanci\u00f3n a hermanos venezolanos es intromisi\u00f3n. El pr\u00f3ximo paso ser\u00e1 la intervenci\u00f3n. Es inaceptable y condenable\". Igualmente, subray\u00f3 que est\u00e1 \"seguro de que bolivarianos y chavistas van a resistir la intervenci\u00f3n del Gobierno de EE.UU., que podr\u00eda derivar en un conflicto armado\".<\/p>\n<p>Recientemente,\u00a0Almagro solicit\u00f3 al Gobierno de EE.UU. \"mayor presi\u00f3n econ\u00f3mica\" contra el Gobierno Bolivariano, es decir, pidi\u00f3 \"asfixiar\" a\u00fan m\u00e1s la econom\u00eda de Venezuela todo esto bajo el pretexto de \"restaurar la democracia\".<\/p>\n<p>Por su lado, el presidente de Venezuela, en entrevista con RT, exigi\u00f3 al presidente estadounidense Donald Trump dejar de intervenir en los asuntos internos de la naci\u00f3n sudamericana.<\/p>\n<p>\"Det\u00e9n la agresi\u00f3n contra Venezuela, Venezuela es una base fundamental de estabilidad de todo el Caribe, de Am\u00e9rica del Sur (&#8230;) Venezuela est\u00e1 en disposici\u00f3n de vivir en paz, de vivir tranquilamente, cesen en sus agresiones\", resalt\u00f3 Maduro.<\/p>\n<p>&nbsp;<\/p>\n<div><\/div>\n","protected":false},"excerpt":{"rendered":"<p>\"La intervenci\u00f3n de EE.UU. en Venezuela podr\u00eda derivar en un conflicto armado\", dijo el mandatario boliviano. El presidente de Bolivia, Evo Morales, critic\u00f3 este jueves a trav\u00e9s de su cuenta Twitter al secretario general de la Organizaci\u00f3n de Estados Americanos (OEA), Luis Almagro, por solicitar a Estados Unidos (EE.UU.) que imponga medidas que permitan\u00a0presionar al [&hellip;]<\/p>\n","protected":false},"author":1,"featured_media":9121,"comment_status":"open","ping_status":"open","sticky":false,"template":"","format":"standard","meta":{"footnotes":""},"categories":[14,12],"tags":[],"class_list":["post-18226","post","type-post","status-publish","format-standard","has-post-thumbnail","hentry","category-internacionales","category-politica-3"],"_links":{"self":[{"href":"https:\/\/debateplural.net\/site\/wp-json\/wp\/v2\/posts\/18226"}],"collection":[{"href":"https:\/\/debateplural.net\/site\/wp-json\/wp\/v2\/posts"}],"about":[{"href":"https:\/\/debateplural.net\/site\/wp-json\/wp\/v2\/types\/post"}],"author":[{"embeddable":true,"href":"https:\/\/debateplural.net\/site\/wp-json\/wp\/v2\/users\/1"}],"replies":[{"embeddable":true,"href":"https:\/\/debateplural.net\/site\/wp-json\/wp\/v2\/comments?post=18226"}],"version-history":[{"count":1,"href":"https:\/\/debateplural.net\/site\/wp-json\/wp\/v2\/posts\/18226\/revisions"}],"predecessor-version":[{"id":18227,"href":"https:\/\/debateplural.net\/site\/wp-json\/wp\/v2\/posts\/18226\/revisions\/18227"}],"wp:featuredmedia":[{"embeddable":true,"href":"https:\/\/debateplural.net\/site\/wp-json\/wp\/v2\/media\/9121"}],"wp:attachment":[{"href":"https:\/\/debateplural.net\/site\/wp-json\/wp\/v2\/media?parent=18226"}],"wp:term":[{"taxonomy":"category","embeddable":true,"href":"https:\/\/debateplural.net\/site\/wp-json\/wp\/v2\/categories?post=18226"},{"taxonomy":"post_tag","embeddable":true,"href":"https:\/\/debateplural.net\/site\/wp-json\/wp\/v2\/tags?post=18226"}],"curies":[{"name":"wp","href":"https:\/\/api.w.org\/{rel}","templated":true}]}}