{"id":18569,"date":"2017-08-09T12:56:14","date_gmt":"2017-08-09T16:56:14","guid":{"rendered":"http:\/\/www.debateplural.com\/?p=18569"},"modified":"2017-08-09T12:56:14","modified_gmt":"2017-08-09T16:56:14","slug":"hacen-cinco-anos-intelectuales-dominicanos-denunciaron-el-continuismo-y-el-autoritarismo-del-pld","status":"publish","type":"post","link":"https:\/\/debateplural.net\/site\/2017\/08\/09\/hacen-cinco-anos-intelectuales-dominicanos-denunciaron-el-continuismo-y-el-autoritarismo-del-pld\/","title":{"rendered":"Hacen cinco a\u00f1os intelectuales dominicanos denunciaron el continuismo y el autoritarismo del PLD"},"content":{"rendered":"<p>Debate plural reproduce el documento de denuncia de un grupo de intelectuales dominicanos contra el continuismo y el autoritarismo del PLD en Rep\u00fablica Dominicana<\/p>\n<p style=\"text-align: center;\">DEFENDAMOS LA DEMOCRACIA DOMINICANA ANTE LA AMENAZA DEL CONTINUISMO Y EL AUTORITARISMO<\/p>\n<p>Estamos asistiendo desde 2010 a un proceso pol\u00edtico en el que la democracia experimenta un profundo deterioro y est\u00e1 amenazada por las tendencias autoritarias del gobierno de Leonel Fern\u00e1ndez, conform\u00e1ndose una forma de dominaci\u00f3n caracterizada por el control de los principales poderes del Estado, dise\u00f1ada e implementada desde la reforma constitucional<\/p>\n<p>Adicionalmente, el Partido de la Liberaci\u00f3n Dominicana se ha convertido en un partido-corporaci\u00f3n, donde la corrupci\u00f3n es generalizada. Gracias a una relaci\u00f3n de alianza y subordinaci\u00f3n con sectores econ\u00f3micos fundamentales, la corporaci\u00f3n-PLD ha penetrado en \u00e1reas claves de la econom\u00eda, como las finanzas, los medios de comunicaci\u00f3n, el sector energ\u00e9tico, hidrocarburos, turismo, construcci\u00f3n, \u00a0a los que habr\u00eda que agregar otras \u00e1reas de actividades consideradas espurias.<\/p>\n<p>De ese modo, se ha consolidado una mayor\u00eda con una\u00a0 vocaci\u00f3n autoritaria, que amenaza seriamente la continuidad democr\u00e1tica y el Estado de derecho al estar desprovista de contrapesos, formas de fiscalizaci\u00f3n y control, que desconoce de modo constante y grosero la legitimidad de la oposici\u00f3n y la sociedad civil en los procesos de decisiones p\u00fablicas fundamentales.<\/p>\n<p>Estas pr\u00e1cticas autoritarias han creado un ambiente donde predomina la cultura de la imposici\u00f3n, la discriminaci\u00f3n por encima del di\u00e1logo y el atropello hacia la ciudadan\u00eda, provocando el miedo paralizante en la poblaci\u00f3n.<\/p>\n<p>Frente a esta grave realidad, de ninguna manera se puede permitir que esta dictadura constitucional logre la continuidad en el poder en las pr\u00f3ximas elecciones del 20 de mayo, por lo que hoy m\u00e1s que nunca se impone la voluntad de una ciudadan\u00eda activa y decidida a detener el retroceso democr\u00e1tico, la inseguridad ciudadana y profundizar en las conquistas sociales y econ\u00f3micas que garanticen el crecimiento econ\u00f3mico con equidad social que aspira la mayor\u00eda de nuestra sociedad.<\/p>\n<p style=\"text-align: center;\">UN PACTO DEMOCR\u00c1TICO DE FUERZAS POL\u00cdTICAS Y SOCIALES PARA SALVAR LA DEMOCRACIA ANTE EL PELIGRO DEL CONTINUISMO<\/p>\n<p>La actual coyuntura pol\u00edtica demanda configurar un gran pacto democr\u00e1tico para derrotar en las pr\u00f3ximas elecciones a la dictadura constitucional y el continuismo, asumiendo una l\u00f3gica negociadora y flexible que permita sumar fuerzas, sobre la base de entender que la pol\u00edtica no puede ser un medio para conseguir objetivos al margen de las circunstancias reales.<\/p>\n<p>Entendemos que hay que combatir la concentraci\u00f3n de poder, la corrupci\u00f3n, la impunidad y la complicidad que crecen juntos, generando pobreza y desigualdad entre los dominicanos y dominicanas.<\/p>\n<p>En tal sentido proponemos una \u201cAgenda m\u00ednima para avanzar\u201d<\/p>\n<ul>\n<li><strong>Combatir la corrupci\u00f3n y la impunidad<\/strong><\/li>\n<\/ul>\n<p>Se requiere de una voluntad pol\u00edtica que sin distinciones someta a la acci\u00f3n de la justicia a todos los corruptos, que elimine el manto que cubre su impunidad pero adem\u00e1s, que el gobierno que surja ponga en pr\u00e1ctica acciones ejemplificadoras frente a los actos de corrupci\u00f3n.<\/p>\n<ul>\n<li><strong>El 4% para la educaci\u00f3n<\/strong><\/li>\n<\/ul>\n<p>Ejecutar la Ley General de Educaci\u00f3n y otorgar al sector al menos el 4% del producto interno bruto y concentrarnos en mejorar la calidad educativa.<\/p>\n<ul>\n<li><strong>Reforma pol\u00edtica<\/strong><\/li>\n<\/ul>\n<p>Un sistema electoral que garantice la competencia pol\u00edtica en igualdad de condiciones y que a su vez posibilite la transparencia de los actores pol\u00edticos.<\/p>\n<ul>\n<li><strong>Descentralizaci\u00f3n\u00a0del Estado<\/strong><\/li>\n<\/ul>\n<p>Ayuntamientos con capacidad de ofrecer los servicios que la sociedad local demanda y con transparencia en el uso de los recursos, una eficaz relaci\u00f3n entre el gobierno central y los municipios y un plan de ordenamiento urbano y territorial dise\u00f1ado democr\u00e1ticamente.<\/p>\n<ul>\n<li><strong>La seguridad ciudadana<\/strong><\/li>\n<\/ul>\n<p>Erradicar la pr\u00e1ctica policial de violaci\u00f3n a los derechos humanos y un compromiso de todas las fuerzas pol\u00edticas para crear un clima de seguridad ciudadana que permita mejorar la calidad de vida de la poblaci\u00f3n.<\/p>\n<ul>\n<li><strong>Crecimiento econ\u00f3mico con equidad social<\/strong><\/li>\n<\/ul>\n<p>Lograr un crecimiento econ\u00f3mico con inclusi\u00f3n social. Que cree empleos de calidad para reducir la pobreza, reestructurando el aparato productivo y dise\u00f1ando pol\u00edticas p\u00fablicas que mejoren la equidad social y territorial, orientada hacia la poblaci\u00f3n m\u00e1s vulnerable: los j\u00f3venes, ni\u00f1os y ni\u00f1as, las mujeres y las personas envejecientes.<\/p>\n<p>En s\u00edntesis, ante la evidente intenci\u00f3n del partido gobernante de borrar las conquistas democr\u00e1ticas del pueblo dominicano, impulsando la concentraci\u00f3n de poder, el continuismo y el autoritarismo, es preciso que los dominicanos y dominicanas cerremos filas en la defensa de una genuina democracia pluralista y participativa, que haga suya la construcci\u00f3n de un Estado de derecho transparente, que enfrente la corrupci\u00f3n y la impunidad. Derrotemos al continuismo, construyamos el Estado de derecho que todos los dominicanos y dominicanas merecemos.<\/p>\n<p>&nbsp;<\/p>\n<table width=\"568\">\n<tbody>\n<tr>\n<td colspan=\"4\" width=\"568\">Firmantes<\/td>\n<\/tr>\n<tr>\n<td width=\"30\">1<\/td>\n<td width=\"228\">Pedro Catrain<\/td>\n<td width=\"30\">29<\/td>\n<td width=\"279\">Guido Llenas<\/td>\n<\/tr>\n<tr>\n<td width=\"30\">2<\/td>\n<td width=\"228\">Eulogio Santaella<\/td>\n<td width=\"30\">30<\/td>\n<td width=\"279\">F\u00e1tima Portorreal<\/td>\n<\/tr>\n<tr>\n<td width=\"30\">3<\/td>\n<td width=\"228\">C\u00e9sar P\u00e9rez<\/td>\n<td width=\"30\">31<\/td>\n<td width=\"279\">Osiris de Le\u00f3n<\/td>\n<\/tr>\n<tr>\n<td width=\"30\">4<\/td>\n<td width=\"228\">Margarita Cordero<\/td>\n<td width=\"30\">32<\/td>\n<td width=\"279\">Quisqueya Henriquez<\/td>\n<\/tr>\n<tr>\n<td width=\"30\">5<\/td>\n<td width=\"228\">Wilfredo Lozano<\/td>\n<td width=\"30\">33<\/td>\n<td width=\"279\">Juan de Pe\u00f1a<\/td>\n<\/tr>\n<tr>\n<td width=\"30\">6<\/td>\n<td width=\"228\">Andr\u00e9s L. Mateo<\/td>\n<td width=\"30\">34<\/td>\n<td width=\"279\">Martin Bret\u00f3n<\/td>\n<\/tr>\n<tr>\n<td width=\"30\">7<\/td>\n<td width=\"228\">Tahira Vargas<\/td>\n<td width=\"30\">35<\/td>\n<td width=\"279\">Virgilio M\u00e9ndez<\/td>\n<\/tr>\n<tr>\n<td width=\"30\">8<\/td>\n<td width=\"228\">Olaya O. Dotel<\/td>\n<td width=\"30\">36<\/td>\n<td width=\"279\">Juan Luis Pimentel<\/td>\n<\/tr>\n<tr>\n<td width=\"30\">9<\/td>\n<td width=\"228\">Jos\u00e9 Luis Hern\u00e1ndez C.<\/td>\n<td width=\"30\">37<\/td>\n<td width=\"279\">Randy Custodio<\/td>\n<\/tr>\n<tr>\n<td width=\"30\">10<\/td>\n<td width=\"228\">Dar\u00edo Garc\u00eda<\/td>\n<td width=\"30\">38<\/td>\n<td width=\"279\">Alexander Mundaray<\/td>\n<\/tr>\n<tr>\n<td width=\"30\">11<\/td>\n<td width=\"228\">Ana Feliz<\/td>\n<td width=\"30\">39<\/td>\n<td width=\"279\">Ludelkis Pe\u00f1a<\/td>\n<\/tr>\n<tr>\n<td width=\"30\">12<\/td>\n<td width=\"228\">Carlos B\u00e1ez Evertsz<\/td>\n<td width=\"30\">40<\/td>\n<td width=\"279\">Fernando Perez Vargas<\/td>\n<\/tr>\n<tr>\n<td width=\"30\">13<\/td>\n<td width=\"228\">Amparo Chantada<\/td>\n<td width=\"30\">41<\/td>\n<td width=\"279\">Jose Bourget<\/td>\n<\/tr>\n<tr>\n<td width=\"30\">14<\/td>\n<td width=\"228\">Miguel Ceara-Hatton<\/td>\n<td width=\"30\">42<\/td>\n<td width=\"279\">Emilio Jos\u00e9 Brea Garc\u00eda<\/td>\n<\/tr>\n<tr>\n<td width=\"30\">15<\/td>\n<td width=\"228\">Pedro Pablo Yermenos Forastieri<\/td>\n<td width=\"30\">43<\/td>\n<td width=\"279\">Eduardo Alvarez<\/td>\n<\/tr>\n<tr>\n<td width=\"30\">16<\/td>\n<td width=\"228\">Andr\u00e9s Astacio<\/td>\n<td width=\"30\">44<\/td>\n<td width=\"279\">Pedro Hernandez Paulino<\/td>\n<\/tr>\n<tr>\n<td width=\"30\">17<\/td>\n<td width=\"228\">Massier D\u2019Leon<\/td>\n<td width=\"30\">45<\/td>\n<td width=\"279\">Amanda Castillo<\/td>\n<\/tr>\n<tr>\n<td width=\"30\">18<\/td>\n<td width=\"228\">Fernando Pellerano<\/td>\n<td width=\"30\">46<\/td>\n<td width=\"279\">Julio Marichal<\/td>\n<\/tr>\n<tr>\n<td width=\"30\">19<\/td>\n<td width=\"228\">Christophe Saladin<\/td>\n<td width=\"30\">47<\/td>\n<td width=\"279\">Jose Rafael Lomba<\/td>\n<\/tr>\n<tr>\n<td width=\"30\">20<\/td>\n<td width=\"228\">Jos\u00e9 Alejandro Ayuso<\/td>\n<td width=\"30\">48<\/td>\n<td width=\"279\">Carlos Andujar<\/td>\n<\/tr>\n<tr>\n<td width=\"30\">21<\/td>\n<td width=\"228\">H\u00e9ctor Guerrero Heredia<\/td>\n<td width=\"30\">49<\/td>\n<td width=\"279\">Salvador Catrain<\/td>\n<\/tr>\n<tr>\n<td width=\"30\">22<\/td>\n<td width=\"228\">George Leonel Salce<\/td>\n<td width=\"30\">50<\/td>\n<td width=\"279\">C\u00e1ndido Ger\u00f3n<\/td>\n<\/tr>\n<tr>\n<td width=\"30\">23<\/td>\n<td width=\"228\">Vicente Guzm\u00e1n<\/td>\n<td width=\"30\">51<\/td>\n<td width=\"279\">Jos\u00e9 Enr\u00edquez Garc\u00eda<\/td>\n<\/tr>\n<tr>\n<td width=\"30\">24<\/td>\n<td width=\"228\">Bernardo Jim\u00e9nez<\/td>\n<td width=\"30\">52<\/td>\n<td width=\"279\">Federico Fondeur<\/td>\n<\/tr>\n<tr>\n<td width=\"30\">25<\/td>\n<td width=\"228\">Fony Arias<\/td>\n<td width=\"30\">53<\/td>\n<td width=\"279\">Aurelio Tejada<\/td>\n<\/tr>\n<tr>\n<td width=\"30\">26<\/td>\n<td width=\"228\">Miguel Ventura.<\/td>\n<td width=\"30\">54<\/td>\n<td width=\"279\">Gregory Sanchez<\/td>\n<\/tr>\n<tr>\n<td width=\"30\">27<\/td>\n<td width=\"228\">David Ortiz Alburquerque<\/td>\n<td width=\"30\">55<\/td>\n<td width=\"279\">Bienvenido Aurelio Poueriet<\/td>\n<\/tr>\n<tr>\n<td width=\"30\">28<\/td>\n<td width=\"228\">Luis G\u00f3mez P\u00e9rez<\/td>\n<td width=\"30\">56<\/td>\n<td width=\"279\">Jos\u00e9 Dunker<\/td>\n<\/tr>\n<tr>\n<td width=\"30\"><\/td>\n<td width=\"228\"><\/td>\n<td width=\"30\">57<\/td>\n<td width=\"279\">Segundo Maldonado<\/td>\n<\/tr>\n<\/tbody>\n<\/table>\n","protected":false},"excerpt":{"rendered":"<p>Debate plural reproduce el documento de denuncia de un grupo de intelectuales dominicanos contra el continuismo y el autoritarismo del PLD en Rep\u00fablica Dominicana DEFENDAMOS LA DEMOCRACIA DOMINICANA ANTE LA AMENAZA DEL CONTINUISMO Y EL AUTORITARISMO Estamos asistiendo desde 2010 a un proceso pol\u00edtico en el que la democracia experimenta un profundo deterioro y est\u00e1 [&hellip;]<\/p>\n","protected":false},"author":1,"featured_media":9349,"comment_status":"open","ping_status":"open","sticky":false,"template":"","format":"standard","meta":{"footnotes":""},"categories":[5,12],"tags":[],"class_list":["post-18569","post","type-post","status-publish","format-standard","has-post-thumbnail","hentry","category-nacionales","category-politica-3"],"_links":{"self":[{"href":"https:\/\/debateplural.net\/site\/wp-json\/wp\/v2\/posts\/18569"}],"collection":[{"href":"https:\/\/debateplural.net\/site\/wp-json\/wp\/v2\/posts"}],"about":[{"href":"https:\/\/debateplural.net\/site\/wp-json\/wp\/v2\/types\/post"}],"author":[{"embeddable":true,"href":"https:\/\/debateplural.net\/site\/wp-json\/wp\/v2\/users\/1"}],"replies":[{"embeddable":true,"href":"https:\/\/debateplural.net\/site\/wp-json\/wp\/v2\/comments?post=18569"}],"version-history":[{"count":1,"href":"https:\/\/debateplural.net\/site\/wp-json\/wp\/v2\/posts\/18569\/revisions"}],"predecessor-version":[{"id":18570,"href":"https:\/\/debateplural.net\/site\/wp-json\/wp\/v2\/posts\/18569\/revisions\/18570"}],"wp:featuredmedia":[{"embeddable":true,"href":"https:\/\/debateplural.net\/site\/wp-json\/wp\/v2\/media\/9349"}],"wp:attachment":[{"href":"https:\/\/debateplural.net\/site\/wp-json\/wp\/v2\/media?parent=18569"}],"wp:term":[{"taxonomy":"category","embeddable":true,"href":"https:\/\/debateplural.net\/site\/wp-json\/wp\/v2\/categories?post=18569"},{"taxonomy":"post_tag","embeddable":true,"href":"https:\/\/debateplural.net\/site\/wp-json\/wp\/v2\/tags?post=18569"}],"curies":[{"name":"wp","href":"https:\/\/api.w.org\/{rel}","templated":true}]}}