{"id":18799,"date":"2017-08-18T11:14:23","date_gmt":"2017-08-18T15:14:23","guid":{"rendered":"http:\/\/www.debateplural.com\/?p=18799"},"modified":"2017-08-18T11:14:23","modified_gmt":"2017-08-18T15:14:23","slug":"en-2011-fidelio-pidio-unidad-contra-el-pld","status":"publish","type":"post","link":"https:\/\/debateplural.net\/site\/2017\/08\/18\/en-2011-fidelio-pidio-unidad-contra-el-pld\/","title":{"rendered":"En 2011, Fidelio pidi\u00f3 unidad contra el PLD"},"content":{"rendered":"<p>Si pasamos balance a las luchas pol\u00edticas desde\u00a0 el ajusticiamiento de Trujillo, hay un elemento fundamental a tomar en cuenta: s\u00f3lo cuando las fuerzas progresistas han colocado la lucha por el poder como el objetivo de su acci\u00f3n, estas han logrado atraer multitudes. Primero fue el 14 de Junio de Manolo, que se planteaba el poder para realizar la revoluci\u00f3n de liberaci\u00f3n nacional, arrastrando multitudes en todos los confines de la Rep\u00fablica. Despu\u00e9s vino el estallido de Abril de 1965, que arrastr\u00f3 las grandes mayor\u00edas del pa\u00eds, en pos del derrocamiento del Triunvirato y el restablecimiento del gobierno de Bosch. Y finalmente, el MPD dirigido por el Moreno y sus continuadores, con aquello de la alianza entre la izquierda y el sector oposicionista de la derecha, que atrajo multitudes hasta que la situaci\u00f3n cambi\u00f3, para mal, en los a\u00f1os 73 y 74.<\/p>\n<p>En este 2011 crucial, el amplio espectro de fuerzas progresistas, de izquierda y liberales, que sabemos que la situaci\u00f3n demanda la construcci\u00f3n de una propuesta pol\u00edtica alternativa, que despierte la atenci\u00f3n de una parte de la sociedad, descre\u00edda pero consciente de la necesidad de un cambio de rumbo; ese amplio espectro, tenemos que conseguir encantar a nuestros seguidores potenciales, encontrar los caminos que nos permitan abrirnos campo en medio de esta enmara\u00f1ada situaci\u00f3n, pero teniendo siempre presente que es una alternativa hacia el poder lo que tenemos que construir; enviando se\u00f1ales claras y concretas de que \u00e9sta es nuestra meta inmediata, para entonces poder concitar el apoyo de las grandes masas necesitadas de un cambio, \u00a1ya!<\/p>\n<p>Construir puentes entre las numerosas y diversas fuerzas pol\u00edticas; poner lo social en primer lugar, organizando la solidaridad entre los necesitados; practicar la unidad de acci\u00f3n en el acompa\u00f1amiento de cada sector necesitado de levantar sus demandas y luchar para hacerlas valer; todo ello es fundamental y nos acerca a una situaci\u00f3n donde la lucha por el poder, para cambiar, se convierte en sue\u00f1o realizable.<\/p>\n<p>La encrucijada a la que se enfrentan las c\u00fapulas del PLD, acostumbradas y necesitadas de mantener el poder, aunque ello los precipite en el abismo de la reelecci\u00f3n; y el convencimiento que tiene la mayor\u00eda m\u00e1s activa del pa\u00eds de que un triunfo del PRD constituye una especie de \u0093seguir en lo mismo\u0094, ir\u00e1 abriendo brechas por donde debe transitar una clara propuesta de poder.<\/p>\n<p>Todo depende de la determinaci\u00f3n de los distintos sectores pol\u00edticos; de la grandeza de que puedan hacer gala en esta hora \u0093de los hornos\u0094 y de nuestra capacidad\u00a0 para encontrar las v\u00edas para conectarnos con el verdadero pueblo, que espera por nosotros.<\/p>\n","protected":false},"excerpt":{"rendered":"<p>Si pasamos balance a las luchas pol\u00edticas desde\u00a0 el ajusticiamiento de Trujillo, hay un elemento fundamental a tomar en cuenta: s\u00f3lo cuando las fuerzas progresistas han colocado la lucha por el poder como el objetivo de su acci\u00f3n, estas han logrado atraer multitudes. Primero fue el 14 de Junio de Manolo, que se planteaba el [&hellip;]<\/p>\n","protected":false},"author":1,"featured_media":18800,"comment_status":"open","ping_status":"open","sticky":false,"template":"","format":"standard","meta":{"footnotes":""},"categories":[5,12],"tags":[],"class_list":["post-18799","post","type-post","status-publish","format-standard","has-post-thumbnail","hentry","category-nacionales","category-politica-3"],"_links":{"self":[{"href":"https:\/\/debateplural.net\/site\/wp-json\/wp\/v2\/posts\/18799"}],"collection":[{"href":"https:\/\/debateplural.net\/site\/wp-json\/wp\/v2\/posts"}],"about":[{"href":"https:\/\/debateplural.net\/site\/wp-json\/wp\/v2\/types\/post"}],"author":[{"embeddable":true,"href":"https:\/\/debateplural.net\/site\/wp-json\/wp\/v2\/users\/1"}],"replies":[{"embeddable":true,"href":"https:\/\/debateplural.net\/site\/wp-json\/wp\/v2\/comments?post=18799"}],"version-history":[{"count":1,"href":"https:\/\/debateplural.net\/site\/wp-json\/wp\/v2\/posts\/18799\/revisions"}],"predecessor-version":[{"id":18801,"href":"https:\/\/debateplural.net\/site\/wp-json\/wp\/v2\/posts\/18799\/revisions\/18801"}],"wp:featuredmedia":[{"embeddable":true,"href":"https:\/\/debateplural.net\/site\/wp-json\/wp\/v2\/media\/18800"}],"wp:attachment":[{"href":"https:\/\/debateplural.net\/site\/wp-json\/wp\/v2\/media?parent=18799"}],"wp:term":[{"taxonomy":"category","embeddable":true,"href":"https:\/\/debateplural.net\/site\/wp-json\/wp\/v2\/categories?post=18799"},{"taxonomy":"post_tag","embeddable":true,"href":"https:\/\/debateplural.net\/site\/wp-json\/wp\/v2\/tags?post=18799"}],"curies":[{"name":"wp","href":"https:\/\/api.w.org\/{rel}","templated":true}]}}