{"id":18866,"date":"2017-08-21T15:19:39","date_gmt":"2017-08-21T19:19:39","guid":{"rendered":"http:\/\/www.debateplural.com\/?p=18866"},"modified":"2017-08-21T15:19:39","modified_gmt":"2017-08-21T19:19:39","slug":"el-caso-del-cadaver","status":"publish","type":"post","link":"https:\/\/debateplural.net\/site\/2017\/08\/21\/el-caso-del-cadaver\/","title":{"rendered":"El caso del cad\u00e1ver"},"content":{"rendered":"<div id=\"ArticleAuthorDiv\" class=\"article-body-author\">Silvio Herasme Pe\u00f1a (Listin, 16-12-12)<\/div>\n<div id=\"ArticleBody\">\n<p>A pesar de los a\u00f1os transcurridos y de que el tiempo atempera las peores experiencias, resulta angustioso escribir sobre la suerte que corri\u00f3 el cad\u00e1ver del coronel Francisco Alberto Caama\u00f1o De\u00f1\u00f3.<\/p>\n<p>Nos impacta tanto recordarlo, que nos impide tratar su suerte como la de cualquier otro ser humano. Caama\u00f1o fue el compa\u00f1ero, el hermano, el h\u00e9roe admirado por el pueblo sensible de la Rep\u00fablica Dominicana.<\/p>\n<p>Cuando yo le reproch\u00e9 a un amigo general por qu\u00e9 no impidi\u00f3 el fusilamiento de Caama\u00f1o, \u00e9l me respondi\u00f3 que nadie pod\u00eda evitarlo porque fue una orden directa de arriba. Y \u201corden directa de arriba\u201d quiere decir que fueron instrucciones precisas del se\u00f1or Presidente de la Rep\u00fablica, doctor Joaqu\u00edn Balaguer. Ese mismo Balaguer -maestro del cinismo- que se identific\u00f3 ante Fidel Castro como \u201csu primer soldado\u201d cuando el l\u00edder cubano lo visit\u00f3 en su casa con motivo de su gira oficial al pa\u00eds.<\/p>\n<p>Ignoramos si Fidel indagar\u00eda con Balaguer por qu\u00e9 fue muerto y luego calcinado el cad\u00e1ver del H\u00e9roe de Abril; pensamos que debi\u00f3 hacerlo aunque nunca se haya revelado.<\/p>\n<p>Balaguer tem\u00eda vivo y muerto a Caama\u00f1o; odiaba que el coronel de Abril viviera en el pa\u00eds, o fuera prisionero suyo. Se dice que Balaguer habr\u00eda dicho que en el pa\u00eds no hab\u00eda c\u00e1rcel \u201cpara un preso como ese\u201d, y por tanto directa o indirectamente hizo saber a los jefes militares cu\u00e1l deb\u00eda ser la suerte del jefe de la guerrilla de Caracoles: Matarlo.<\/p>\n<p>Pero esa decisi\u00f3n extrema, ilegal e inhumana, implica el reto de disponer de sus restos. \u00bfEntregarlo a su familia?&#8230;<\/p>\n<p>A su padre que era un ex general de la Era de Trujillo?.<\/p>\n<p>Se decidi\u00f3 que no s\u00f3lo se lleg\u00f3 a la crueldad de matarlo sin un juicio en la justicia civil o militar por intentar una guerrilla en el pa\u00eds, sino que tambi\u00e9n el cad\u00e1ver era una afrenta horrible para sus asesinos.<\/p>\n<p>La inc\u00f3gnita sobre la suerte del cad\u00e1ver de Caama\u00f1o lo despej\u00f3 el diario \u201cLa Noticia\u201d , hace muchos a\u00f1os, cuando escrita por m\u00ed se public\u00f3 una nota que dec\u00eda: \u201cCaama\u00f1o fue incinerado\u201d.<\/p>\n<p>Luego supe que Balaguer qued\u00f3 tan impactado por la revelaci\u00f3n que esa tarde no fue a caminar al Mirador, como lo hac\u00eda cotidianamente.<\/p>\n<p>Tem\u00eda que un periodista lo cuestionara sobre el asunto.<\/p>\n<p>Como el comandante de las fuerzas anti-guerrilleras, general Beauchamp Javier, fue asesinado, corresponde al excontralmirante retirado, Milo Jim\u00e9nez hijo, aclarar la inc\u00f3gnita ante la opini\u00f3n p\u00fablica y decir la verdad.<\/p>\n<p>Y decir la verdad de la visita del padre de Caama\u00f1o, don Fausto, cuando solicit\u00f3 a Balaguer los restos de su hijo.<\/p>\n<p>Balaguer le asegur\u00f3 al padre de Caama\u00f1o que se le entregar\u00edan los restos del h\u00e9roe de Abril. Entonces Balaguer llam\u00f3 a Jim\u00e9nez hijo para que cumpliera su promesa y \u00e9ste le respondi\u00f3: Usted sabe lo que ocurri\u00f3 con el cad\u00e1ver\u2026qu\u00e9 vamos a hacer?.<\/p>\n<p>Ante esta clarificaci\u00f3n Balaguer le habr\u00eda dicho a Milo que se buscara un cad\u00e1ver parecido y que lo entregara sin cabeza\u2026Es decir, se quer\u00eda matar a un inocente para cubrir farsa.<\/p>\n<p>El cad\u00e1ver prometido por Balaguer al general Fausto Caama\u00f1o nunca fue entregado y del tema no se volvi\u00f3 a hablar.<\/p>\n<p>Me sorprende sobremanera que Claudio Caama\u00f1o diga que quedaron restos de Caama\u00f1o. Personalmente dudo de esa versi\u00f3n.<\/p>\n<p>Los jefes militares dejaron en el lugar de la pira funeraria un personal militar para garantizar que se cumplieran las diab\u00f3licas instrucciones.<\/p>\n<p>No es l\u00f3gico pensar que esos militares dejaran de cumplir esas \u00f3rdenes.<\/p>\n<p>Pero a\u00fan despu\u00e9s de una semana de que se incinerara el cad\u00e1ver, por lo menos otro jefe militar visit\u00f3 el lugar para \u201cgarantizar que las instrucciones fueron cumplidas\u201d y baj\u00f3 del lugar seguro de que \u201cdel cuerpo del coronel no qued\u00f3 nada\u201d.<\/p>\n<p>Como quien ha propuesto que los restos del H\u00e9roe de Abril sean trasladados al Pante\u00f3n Nacional es el Senado, entendemos que Reynaldo Pared P\u00e9rez debe solicitar al presidente de la Rep\u00fablica, Danilo Medina, que ordene una investigaci\u00f3n definitiva por parte del Ministerio de las Fuerzas Armadas.<\/p>\n<p>Y dado que el titular de las Fuerzas Armadas es un distinguido militar, el Almirante Sigfrido Pared P\u00e9rez, hombre de un claro sentido hist\u00f3rico, entendemos que se determinar\u00eda, de una vez por todas, la responsabilidad de quien orden\u00f3 el fusilamiento y la cremaci\u00f3n del cad\u00e1ver del coronel Francisco Alberto Caama\u00f1o De\u00f1\u00f3.<\/p>\n<p>Estamos seguros que esa es la v\u00eda para despejar las inc\u00f3gnitas sobre el final de la vida de una persona tan heroica que el Senado de la Rep\u00fablica entiende que sus restos deben ser trasladados al Pante\u00f3n Nacional, en donde reposan los huesos de aquellos que dieron su vida y su fortuna por la Independencia Nacional. Recu\u00e9rdese a Duarte y los otros Padres de la Patria.<\/p>\n<p>Pero es indispensable que se le haga un exhaustivo examen de ADN a los restos que Claudio dice que son de Caama\u00f1o. La historia se sirve con legitimidad.<\/p>\n<p>Y todo deber\u00e1 quedar aclarado para siempre.<\/p>\n<p>Ese es el leg\u00edtimo camino Claudio.<\/p>\n<\/div>\n","protected":false},"excerpt":{"rendered":"<p>Silvio Herasme Pe\u00f1a (Listin, 16-12-12) A pesar de los a\u00f1os transcurridos y de que el tiempo atempera las peores experiencias, resulta angustioso escribir sobre la suerte que corri\u00f3 el cad\u00e1ver del coronel Francisco Alberto Caama\u00f1o De\u00f1\u00f3. Nos impacta tanto recordarlo, que nos impide tratar su suerte como la de cualquier otro ser humano. Caama\u00f1o fue [&hellip;]<\/p>\n","protected":false},"author":1,"featured_media":15302,"comment_status":"open","ping_status":"open","sticky":false,"template":"","format":"standard","meta":{"footnotes":""},"categories":[5,17],"tags":[],"class_list":["post-18866","post","type-post","status-publish","format-standard","has-post-thumbnail","hentry","category-nacionales","category-sociedad"],"_links":{"self":[{"href":"https:\/\/debateplural.net\/site\/wp-json\/wp\/v2\/posts\/18866"}],"collection":[{"href":"https:\/\/debateplural.net\/site\/wp-json\/wp\/v2\/posts"}],"about":[{"href":"https:\/\/debateplural.net\/site\/wp-json\/wp\/v2\/types\/post"}],"author":[{"embeddable":true,"href":"https:\/\/debateplural.net\/site\/wp-json\/wp\/v2\/users\/1"}],"replies":[{"embeddable":true,"href":"https:\/\/debateplural.net\/site\/wp-json\/wp\/v2\/comments?post=18866"}],"version-history":[{"count":1,"href":"https:\/\/debateplural.net\/site\/wp-json\/wp\/v2\/posts\/18866\/revisions"}],"predecessor-version":[{"id":18868,"href":"https:\/\/debateplural.net\/site\/wp-json\/wp\/v2\/posts\/18866\/revisions\/18868"}],"wp:featuredmedia":[{"embeddable":true,"href":"https:\/\/debateplural.net\/site\/wp-json\/wp\/v2\/media\/15302"}],"wp:attachment":[{"href":"https:\/\/debateplural.net\/site\/wp-json\/wp\/v2\/media?parent=18866"}],"wp:term":[{"taxonomy":"category","embeddable":true,"href":"https:\/\/debateplural.net\/site\/wp-json\/wp\/v2\/categories?post=18866"},{"taxonomy":"post_tag","embeddable":true,"href":"https:\/\/debateplural.net\/site\/wp-json\/wp\/v2\/tags?post=18866"}],"curies":[{"name":"wp","href":"https:\/\/api.w.org\/{rel}","templated":true}]}}