{"id":18918,"date":"2017-08-29T13:40:01","date_gmt":"2017-08-29T17:40:01","guid":{"rendered":"http:\/\/debateplural.com\/?p=18918"},"modified":"2017-08-29T13:40:01","modified_gmt":"2017-08-29T17:40:01","slug":"colonias-de-hongos-y-bacterias-invaden-el-viejo-museo-de-historia-y-geografia","status":"publish","type":"post","link":"https:\/\/debateplural.net\/site\/2017\/08\/29\/colonias-de-hongos-y-bacterias-invaden-el-viejo-museo-de-historia-y-geografia\/","title":{"rendered":"Colonias de hongos y bacterias invaden el viejo Museo de Historia y Geograf\u00eda"},"content":{"rendered":"<p>Mariela Mejia (D. Libre, 28-8-17)<\/p>\n<p>Adem\u00e1s del veh\u00edculo Oldsmobile que se us\u00f3 cuando el ajusticiamiento del dictador Rafael Trujillo en 1961, el Museo Nacional de Historia y Geograf\u00eda guarda otro carro en una abandonada Sala de Presidentes del Siglo XX. Es un Mercury Grand Marquis, placa 0-1 de 1986, en que se transportaba el fallecido expresidente Joaqu\u00edn Balaguer. Tambi\u00e9n conserva el molde de la mascarilla funeraria del tirano. Pero el p\u00fablico no puede verlos y, aunque quisiera, no es seguro pues el recinto est\u00e1 contaminado por colonias de hongos y bacterias.<\/p>\n<p>El Museo de Historia y Geograf\u00eda est\u00e1 cerrado al p\u00fablico desde hace m\u00e1s de una d\u00e9cada. Un an\u00e1lisis realizado en diciembre de 2016 determin\u00f3 que el edificio tiene m\u00faltiples \u00e1reas contaminadas y otras con elevada contaminaci\u00f3n por la presencia de microorganismos que pueden afectar los documentos y la salud.<\/p>\n<p>En el estudio se aisl\u00f3 el agente biol\u00f3gico cladosporium, que se relaciona con procesos de alergia, infecciones del sistema respiratorio (como asma) y con efectos t\u00f3xicos. Tambi\u00e9n el g\u00e9nero phialospora, productor de murcormicosis, que es una infecci\u00f3n mic\u00f3tica de los senos paranasales, el cerebro o los pulmones, que se presenta en personas con un sistema inmunitario d\u00e9bil.<\/p>\n<p>En el museo tambi\u00e9n se encontr\u00f3 el hongo aspergillus, que produce la aspergilosis, una enfermedad que provoca problemas respiratorios y necrosis de pulm\u00f3n. Adem\u00e1s, microorganismos del g\u00e9nero penicillium, productor de afecciones en las u\u00f1as, o\u00eddos y reacciones al\u00e9rgicas en general. Y el g\u00e9nero seudomona mallei, que produce el muermo, una enfermedad infecciosa que afecta principalmente a caballos, asnos y mulas; tambi\u00e9n se ha visto en ovejas, cabras, perros y gatos, y ocasionalmente se contagia a humanos.<\/p>\n<p>Por los niveles de contaminaci\u00f3n extremadamente elevados, se recomend\u00f3 fumigar el edificio con productos de profundo alcance, lavar el inmueble con agua a presi\u00f3n con qu\u00edmicos derivados del cloro, controlar la temperatura y la humedad, y realizar un muestreo microbiol\u00f3gico cada seis meses.<\/p>\n<p>En ese ambiente y expuesto a todo lo anterior trabaja un reducido personal, a pesar de que el inmueble est\u00e1 cerrado. \u201cVan tres enfermedades, entre ellas un catarro que no se me quita, conjuntivitis nos ha dado a todos\u201d, dice el director del museo, Miguel De Camps.<\/p>\n<p>En la p\u00e1gina web del Ministerio de Administraci\u00f3n P\u00fablica se informa que para julio de 2012 el museo ten\u00eda una n\u00f3mina de 18 personas;\u00a0para el mismo mes del presente a\u00f1o se indica que era de 13. Sin embargo, De Camps reporta que el personal es de ocho: \u00e9l, un encargado de archivo, un registrador, un auxiliar de biblioteca, dos conserjes y dos serenos.<\/p>\n<p>Cuando le pide a un empleado que provea a Diario Libre la lista del personal, le indica que excluya a alguien \u201cque pas\u00f3 dos a\u00f1os sin venir nunca aqu\u00ed (&#8230;) pero cobrando\u201d. \u00bfCu\u00e1nto cobraba?, se le pregunta. \u201c25,000 pesos\u201d, responde. \u00bfSolo encontr\u00f3 ese caso? \u201cGracias a Dios, nada m\u00e1s que ese caso\u201d.<\/p>\n<p>No obstante, en la \u00faltima n\u00f3mina que publica en su p\u00e1gina web el Ministerio de Cultura, cartera de la que depende el museo, correspondiente a julio de 2017, aparecen 13 personas, entre estas una asistente administrativa con un salario de RD$26,626.85, monto aproximado al que el director describe.<\/p>\n<p>De Camps, un abogado y escritor que a\u00fan no cumple un a\u00f1o en el puesto, explica que el personal con que cuenta el museo ha limpiado algunas \u00e1reas y se ejecuta un inventario para determinar cu\u00e1les son las piezas que se conservan. \u201cPara determinar qu\u00e9 recibo y, lo que no reciba, es porque ha desaparecido\u201d, dice el director, quien prefiri\u00f3 reservarse el detalle de lo encontrado.<\/p>\n<p><b>Un lugar echado a perder<\/b><\/p>\n<p>El Museo Nacional de Historia y Geograf\u00eda se inaugur\u00f3 el primero de marzo de 1982 y dur\u00f3 poco m\u00e1s de 20 a\u00f1os funcionando. El edificio antes albergaba al liceo Uni\u00f3n Panamericana.<\/p>\n<p>Ten\u00eda salas de exposiciones temporales y permanentes en las que se presentaba el patrimonio. Se ense\u00f1aba sobre distintos periodos hist\u00f3ricos, como 1822-1861, 1861-1916 y 1916-1961. Tambi\u00e9n se mostraban en un patio objetos relativos a la industria azucarera que hoy est\u00e1n oxidados y deteriorados.<\/p>\n<p>El local, que tiene un auditorio para 350 personas, era aprovechado para impartir charlas, hacer mesas redondas, di\u00e1logos y congresos en los que participaban historiadores y otras personalidades.<\/p>\n<p>En un bolet\u00edn informativo del museo, de marzo de 1983, se inform\u00f3 que el recinto se hab\u00eda enriquecido con 80 piezas nuevas donadas y documentos que pertenecieron a notables de anta\u00f1o, y libros de autores nacionales.<\/p>\n<p>Otro bolet\u00edn, de marzo de 1985, report\u00f3 que en los \u00faltimos tres a\u00f1os \u2013en ese entonces- se recibieron 39 donaciones, entre las que estaban pertenencias que fueron de la artista Casandra Damir\u00f3n, del militar M\u00e1ximo G\u00f3mez, del general Cipriano Bencosme, del dictador Trujillo y de otras personalidades. Tambi\u00e9n elementos alusivos a campa\u00f1as electorales, monedas circulantes, inventos, mapas, recordatorios y otros.<\/p>\n<p>A Vilma Benzo de Ferrer no le gusta hablar mucho sobre el museo ni pasar por la avenida Pedro Henr\u00edquez Ure\u00f1a, que da acceso al lugar. Fue su directora por 15 a\u00f1os, hasta 2004. A sus 88 a\u00f1os, recuerda que el local recib\u00eda en promedio a m\u00e1s de 53,000 estudiantes al a\u00f1o.<\/p>\n<p>\u201cTen\u00edamos la \u00fanica sala de mapas que exist\u00eda en el pa\u00eds, mapas inclusive originales, y all\u00ed iban los muchachos a ver aquello y con sus profesores a estudiar, ten\u00edamos abiertas cinco salas de exposiciones, representando los distintos periodos hist\u00f3ricos, prepar\u00e9 10 congresos internacionales de historia donde cada a\u00f1o tra\u00eda 30 y 40 historiadores\u201d, y as\u00ed sigue recordando la \u00e9poca de apogeo del museo.<\/p>\n<p>\u201cLlegaron a canibalizar esto\u201d, se lamenta el director De Camps.<\/p>\n<p>\u201cSe supone que deber\u00eda haber una serie de armamentos de la \u00e9poca de Trujillo \u2013dice-, una serie de objetos que pertenec\u00edan a Trujillo y hab\u00eda otros que les fueron retirados al museo para devolv\u00e9rselos a su due\u00f1o, que estaban en calidad de pr\u00e9stamo aqu\u00ed, por ejemplo, gran cantidad de esos materiales con que abrieron el Museo de la Resistencia\u201d.<\/p>\n<p><b>\u00bfPor qu\u00e9 cerraron el museo?<\/b><\/p>\n<p>Para 2007 el museo estaba cerrado. Ana Mar\u00eda Conde, directora general de Museos del Ministerio de Cultura, recuerda que se tom\u00f3 la decisi\u00f3n \u201cporque las condiciones del inmueble peligraban para las colecciones, los visitantes y empleados, porque el empa\u00f1ete ca\u00eda\u201d.<\/p>\n<p>Explica que luego de un levantamiento con especialistas se decidi\u00f3 el cierre. \u201cInmediatamente para aquel entonces se ten\u00eda planteado restaurar el museo, el proyecto estaba a cargo del arquitecto Pedro Borrell, pero lamentablemente no se pudieron conseguir los fondos para el trabajo\u201d, explica.<\/p>\n<p>Al preguntarle sobre el destino de las colecciones que se exhib\u00edan, responde: \u201cTodas las colecciones est\u00e1n en la sala del segundo nivel que colinda con la Cinemateca Nacional, inventariadas y embaladas\u201d. Esa sala hoy d\u00eda est\u00e1 clausurada por el nivel de contaminaci\u00f3n que tiene.<\/p>\n<p>\u201cHa sido un descuido de a\u00f1os y un desinter\u00e9s acumulado por m\u00e1s de 25 a\u00f1os. Las condiciones del inmueble contribuyen a un deterioro progresivo\u201d, expresa Conde.<\/p>\n<p><b>La promesa de renovaci\u00f3n<\/b><\/p>\n<p>En marzo pasado, el ministro de Cultura Pedro Verg\u00e9s se reuni\u00f3 con la Comisi\u00f3n Permanente de Cultura de la C\u00e1mara de Diputados, a cuyos miembros les expres\u00f3 su preocupaci\u00f3n por el deterioro del patrimonio f\u00edsico cultural del pa\u00eds, que calific\u00f3 en \u201cun estado extraordinariamente calamitoso\u201d, salvo la Catedral Primada de Am\u00e9rica.<\/p>\n<p>En una\u00a0informaci\u00f3n publicada en la p\u00e1gina web del Ministerio de Cultura\u00a0se indica que Verg\u00e9s plante\u00f3 a la Comisi\u00f3n que, por el volumen presupuestario que requiere la soluci\u00f3n de esta situaci\u00f3n, la salida m\u00e1s viable que previ\u00f3 su gesti\u00f3n era que se acoja un plan de fideicomiso que present\u00f3 el Ministerio de Cultura al Banreservas, que permitir\u00eda rescatar los principales museos y monumentos, y evitar\u00eda el deterioro por falta de mantenimiento.<\/p>\n<p>En julio pasado, el presidente Danilo Medina realiz\u00f3 una visita sorpresa a la Plaza de la Cultura, un espacio que acoge a varios museos, entre ellos el de Historia y Geograf\u00eda. La Presidencia inform\u00f3 que el mandatario orden\u00f3 la elaboraci\u00f3n de un presupuesto para rehabilitar las instalaciones.<\/p>\n<p>Seg\u00fan se inform\u00f3 a Diario Libre, la evaluaci\u00f3n ya se entreg\u00f3 a la Presidencia y en esta trabaj\u00f3 la Oficina de Desarrollo Provincial en coordinaci\u00f3n con el Ministerio de Cultura.<\/p>\n<p>Una opci\u00f3n que se contempla para el de Historia y Geograf\u00eda es usar el mismo edificio que hoy est\u00e1 contaminado. \u201cEl presidente rechaz\u00f3, con los informes que se le dio, la demolici\u00f3n, y dijo que va a remodelar nada m\u00e1s lo que hay\u201d, afirma De Camps, quien destaca que especialistas le indicaron que la infraestructura puede soportar hasta cinco plantas y tiene dos.<\/p>\n<p>De Camps se pregunta por qu\u00e9 le pueden interesar a los gobiernos los museos. \u201cPorque son visitados por turistas \u2013se responde-. Hay turistas que vienen al pa\u00eds con el \u00fanico fin de conocer qui\u00e9n era Trujillo, y aqu\u00ed no hay nada, en estos momentos no hay nada, porque el \u00fanico que ten\u00eda una sala sobre Trujillo era este, entonces, ese turismo que quiere conocer qui\u00e9n era Trujillo, c\u00f3mo viv\u00eda, cu\u00e1l era su imperio, necesita ese museo\u201d.<\/p>\n","protected":false},"excerpt":{"rendered":"<p>Mariela Mejia (D. Libre, 28-8-17) Adem\u00e1s del veh\u00edculo Oldsmobile que se us\u00f3 cuando el ajusticiamiento del dictador Rafael Trujillo en 1961, el Museo Nacional de Historia y Geograf\u00eda guarda otro carro en una abandonada Sala de Presidentes del Siglo XX. Es un Mercury Grand Marquis, placa 0-1 de 1986, en que se transportaba el fallecido [&hellip;]<\/p>\n","protected":false},"author":1,"featured_media":18919,"comment_status":"open","ping_status":"open","sticky":false,"template":"","format":"standard","meta":{"footnotes":""},"categories":[18,5],"tags":[],"class_list":["post-18918","post","type-post","status-publish","format-standard","has-post-thumbnail","hentry","category-cultura","category-nacionales"],"_links":{"self":[{"href":"https:\/\/debateplural.net\/site\/wp-json\/wp\/v2\/posts\/18918"}],"collection":[{"href":"https:\/\/debateplural.net\/site\/wp-json\/wp\/v2\/posts"}],"about":[{"href":"https:\/\/debateplural.net\/site\/wp-json\/wp\/v2\/types\/post"}],"author":[{"embeddable":true,"href":"https:\/\/debateplural.net\/site\/wp-json\/wp\/v2\/users\/1"}],"replies":[{"embeddable":true,"href":"https:\/\/debateplural.net\/site\/wp-json\/wp\/v2\/comments?post=18918"}],"version-history":[{"count":1,"href":"https:\/\/debateplural.net\/site\/wp-json\/wp\/v2\/posts\/18918\/revisions"}],"predecessor-version":[{"id":18920,"href":"https:\/\/debateplural.net\/site\/wp-json\/wp\/v2\/posts\/18918\/revisions\/18920"}],"wp:featuredmedia":[{"embeddable":true,"href":"https:\/\/debateplural.net\/site\/wp-json\/wp\/v2\/media\/18919"}],"wp:attachment":[{"href":"https:\/\/debateplural.net\/site\/wp-json\/wp\/v2\/media?parent=18918"}],"wp:term":[{"taxonomy":"category","embeddable":true,"href":"https:\/\/debateplural.net\/site\/wp-json\/wp\/v2\/categories?post=18918"},{"taxonomy":"post_tag","embeddable":true,"href":"https:\/\/debateplural.net\/site\/wp-json\/wp\/v2\/tags?post=18918"}],"curies":[{"name":"wp","href":"https:\/\/api.w.org\/{rel}","templated":true}]}}