{"id":18945,"date":"2017-08-30T13:26:43","date_gmt":"2017-08-30T17:26:43","guid":{"rendered":"http:\/\/debateplural.com\/?p=18945"},"modified":"2017-08-30T14:17:23","modified_gmt":"2017-08-30T18:17:23","slug":"corea-del-norte-muestra-su-nuevo-misil-que-puede-cargar-una-cabeza-nuclear","status":"publish","type":"post","link":"https:\/\/debateplural.net\/site\/2017\/08\/30\/corea-del-norte-muestra-su-nuevo-misil-que-puede-cargar-una-cabeza-nuclear\/","title":{"rendered":"Corea del Norte: nuevo misil con cabeza nuclear"},"content":{"rendered":"<p>El l\u00edder norcoreano\u00a0<strong>Kim Jong-un<\/strong>\u00a0mostr\u00f3 hoy im\u00e1genes del misil intercontinental lanzado ayer y afirm\u00f3 que el proyectil es capaz de llevar una \"cabeza nuclear grande y pesada\".<\/p>\n<p><iframe loading=\"lazy\" src=\"https:\/\/vodgc.com\/p\/102\/sp\/10200\/embedIframeJs\/uiconf_id\/23448755\/partner_id\/102?iframeembed=true&amp;playerId=mediaplayer_CLAVID20170705_0014_1504113390867_707&amp;entry_id=0_5umetzmm&amp;flashvars[streamerType]=auto\" width=\"560\" height=\"395\" frameborder=\"0\" allowfullscreen=\"allowfullscreen\"><\/iframe><\/p>\n<p>\"El prolongado pulso con los imperialistas estadounidenses ha llegado a su fase final\", afirm\u00f3 Kim, citado por medios estatales.<\/p>\n<p><img decoding=\"async\" src=\"https:\/\/images.clarin.com\/2017\/07\/05\/Hk_j0H9Nb_720x0.jpg\" alt=\"Corea del Norte muestra im\u00e1genes de su nuevo misil y anuncia que puede cargar una cabeza nuclear\" \/><\/p>\n<p>Seg\u00fan el l\u00edder norcoreano, el ensayo misil\u00edstico ha permitido completar las capacidades del armamento estrat\u00e9gico de su pa\u00eds, que incluye tambi\u00e9n bombas nucleares tradicionales y bombas de hidr\u00f3geno.<\/p>\n<p>En un video difundido hoy, Corea del Norte mostr\u00f3 las im\u00e1genes del lanzamiento de su misil Hwasong-14. En el video se ve como Kim presenci\u00f3 en persona el evento.<\/p>\n<p>Kim asegur\u00f3 que\u00a0<strong>Corea del Norte jam\u00e1s renunciar\u00e1 a sus armas nucleares.<\/strong>\u00a0La prueba realizada el martes fue un \"regalo\" para Estados Unidos con motivo del D\u00eda de la Independencia (el 4 de julio), afirm\u00f3.<\/p>\n<p><img decoding=\"async\" src=\"https:\/\/images.clarin.com\/2017\/07\/05\/rJRxzIcV-_720x0.jpg\" alt=\"Corea del Norte muestra im\u00e1genes de su nuevo misil y anuncia que puede cargar una cabeza nuclear\" \/><\/p>\n<p>El secretario de Estado norteamericano, Rex Tillerson, confirm\u00f3 que Corea del Norte hab\u00eda realizado una prueba con un misil internacional, tal como hab\u00eda asegurado desde el r\u00e9gimen comunista en Pyongyang. Al principio, tanto el Ej\u00e9rcito de Estados Unidos como el Ministerio de Defensa de Rusia hab\u00edan hablado de un misil de medio alcance.<\/p>\n<p>Tillerson anunci\u00f3 como represalia \"duras medidas\" contra Corea del Norte y solicit\u00f3 para esta tarde una reuni\u00f3n de emergencia del Consejo de Seguridad de Naciones Unidas para debatir sobre la situaci\u00f3n.<\/p>\n<p><img decoding=\"async\" src=\"https:\/\/images.clarin.com\/2017\/07\/05\/Sk_mGUq4W_720x0.jpg\" alt=\"Corea del Norte muestra im\u00e1genes de su nuevo misil y anuncia que puede cargar una cabeza nuclear\" \/><\/p>\n<p>En una demostraci\u00f3n de fuerza, Estados Unidos y Corea del Sur realizaron hoy un ejercicio de misiles conjunto en respuesta al comportamiento \"desestabilizador e ilegal\" de Corea del Norte, seg\u00fan una declaraci\u00f3n del Ej\u00e9rcito norteamericano.<\/p>\n<p><iframe loading=\"lazy\" src=\"https:\/\/vodgc.com\/p\/102\/sp\/10200\/embedIframeJs\/uiconf_id\/23448755\/partner_id\/102?iframeembed=true&amp;playerId=mediaplayer_CLAVID20170705_0007_1504113390882_164&amp;entry_id=0_erhdo8cu&amp;flashvars[streamerType]=auto\" width=\"560\" height=\"395\" frameborder=\"0\" allowfullscreen=\"allowfullscreen\"><\/iframe><\/p>\n<p>Pyongyang ha acusado reiteradas veces a Estados Unidos de que los ejercicios b\u00e9licos que todos los a\u00f1os lleva a cabo de forma conjunta con Corea del Sur sirven para preparar un ataque contra Corea del Norte.<\/p>\n","protected":false},"excerpt":{"rendered":"<p>El l\u00edder norcoreano\u00a0Kim Jong-un\u00a0mostr\u00f3 hoy im\u00e1genes del misil intercontinental lanzado ayer y afirm\u00f3 que el proyectil es capaz de llevar una \"cabeza nuclear grande y pesada\". \"El prolongado pulso con los imperialistas estadounidenses ha llegado a su fase final\", afirm\u00f3 Kim, citado por medios estatales. Seg\u00fan el l\u00edder norcoreano, el ensayo misil\u00edstico ha permitido completar [&hellip;]<\/p>\n","protected":false},"author":1,"featured_media":18946,"comment_status":"open","ping_status":"open","sticky":false,"template":"","format":"standard","meta":{"footnotes":""},"categories":[14,12],"tags":[],"class_list":["post-18945","post","type-post","status-publish","format-standard","has-post-thumbnail","hentry","category-internacionales","category-politica-3"],"_links":{"self":[{"href":"https:\/\/debateplural.net\/site\/wp-json\/wp\/v2\/posts\/18945"}],"collection":[{"href":"https:\/\/debateplural.net\/site\/wp-json\/wp\/v2\/posts"}],"about":[{"href":"https:\/\/debateplural.net\/site\/wp-json\/wp\/v2\/types\/post"}],"author":[{"embeddable":true,"href":"https:\/\/debateplural.net\/site\/wp-json\/wp\/v2\/users\/1"}],"replies":[{"embeddable":true,"href":"https:\/\/debateplural.net\/site\/wp-json\/wp\/v2\/comments?post=18945"}],"version-history":[{"count":3,"href":"https:\/\/debateplural.net\/site\/wp-json\/wp\/v2\/posts\/18945\/revisions"}],"predecessor-version":[{"id":18949,"href":"https:\/\/debateplural.net\/site\/wp-json\/wp\/v2\/posts\/18945\/revisions\/18949"}],"wp:featuredmedia":[{"embeddable":true,"href":"https:\/\/debateplural.net\/site\/wp-json\/wp\/v2\/media\/18946"}],"wp:attachment":[{"href":"https:\/\/debateplural.net\/site\/wp-json\/wp\/v2\/media?parent=18945"}],"wp:term":[{"taxonomy":"category","embeddable":true,"href":"https:\/\/debateplural.net\/site\/wp-json\/wp\/v2\/categories?post=18945"},{"taxonomy":"post_tag","embeddable":true,"href":"https:\/\/debateplural.net\/site\/wp-json\/wp\/v2\/tags?post=18945"}],"curies":[{"name":"wp","href":"https:\/\/api.w.org\/{rel}","templated":true}]}}