{"id":19007,"date":"2017-09-02T14:37:48","date_gmt":"2017-09-02T18:37:48","guid":{"rendered":"http:\/\/debateplural.com\/?p=19007"},"modified":"2017-09-02T14:37:48","modified_gmt":"2017-09-02T18:37:48","slug":"conoces-que-es-la-comision-de-la-verdad-en-venezuela","status":"publish","type":"post","link":"https:\/\/debateplural.net\/site\/2017\/09\/02\/conoces-que-es-la-comision-de-la-verdad-en-venezuela\/","title":{"rendered":"\u00bfConoces qu\u00e9 es la Comisi\u00f3n de la Verdad en Venezuela?"},"content":{"rendered":"<p>La Comisi\u00f3n de la Verdad se reuni\u00f3 con los padres de un joven fallecido el pasado junio, producto de las acciones violentas convocadas por la oposici\u00f3n venezolana.<\/p>\n<p>El pasado mi\u00e9rcoles se instal\u00f3 la\u00a0Comisi\u00f3n para la Verdad, la Justicia, la Paz y la Tranquilidad P\u00fablica (Covejuspaz)\u00a0en el seno de la\u00a0Asamblea Nacional Constituyente\u00a0(ANC).<\/p>\n<p>La\u00a0Comisi\u00f3n trabajar\u00e1 en conjunto con el Ministerio P\u00fablico y sostendr\u00e1\u00a0encuentros con\u00a0v\u00edctimas\u00a0de episodios de\u00a0violencia pol\u00edtica\u00a0registrados en los\u00a0\u00faltimos 18 a\u00f1os, con el prop\u00f3sito de reparar a quienes sufrieron por esos delitos y establecer mecanismos que prevengan nuevos casos.<\/p>\n<p>Esta instancia funcionar\u00e1 durante 12 meses, con el prop\u00f3sito de hacer justicia y dar respuesta a los familiares de las v\u00edctimas de los hechos derivados de la violencia pol\u00edtica.<\/p>\n<p>El objetivo es enfrentar, reducir y superar la violencia que por motivos pol\u00edticos, de odio e intolerancia se ha manifestado en el pa\u00eds.<\/p>\n<p>El \u00f3rgano plenipotenciario convoc\u00f3 a\u00a0audiencias p\u00fablicas\u00a0con las\u00a0v\u00edctimas que resultaron heridos durante la espiral de violencia insurreccional que vivi\u00f3 el pa\u00eds entre abril y julio.<\/p>\n<p><strong>L\u00edneas de acci\u00f3n de la Comisi\u00f3n de la Verdad<\/strong><\/p>\n<p>&#8211; Establecer responsabilidades e Investigar los\u00a0casos de violencia\u00a0ocurridos entre abril y julio de este a\u00f1o.<\/p>\n<p>&#8211; Investigar implicaciones de los diputados Julio Borges y Freddy\u00a0Guevara en los eventos violentos en el pa\u00eds.<\/p>\n<p>&#8211; Brindar asistencia\u00a0a los j\u00f3venes involucrados en los hechos violentos.<\/p>\n<p>&#8211; Acompa\u00f1ar y atender a los familiares de las v\u00edctimas y detenidos.<\/p>\n<p>&#8211; Determinar responsabilidad de candidatos a gobernaciones de oposici\u00f3n\u00a0implicados en\u00a0hechos violentos, para revocar su participaci\u00f3n en el pr\u00f3ximo proceso comicial.<\/p>\n<p>&#8211; Establecer\u00a0responsabilidades\u00a0en la presunta\u00a0red de corrupci\u00f3n y extorsi\u00f3n\u00a0existente en la anterior gesti\u00f3n del Ministerio P\u00fablico.<\/p>\n<p>La Comisi\u00f3n, en palabras de su presidenta Delcy Rodr\u00edguez, busca \"el encuentro de las venezolanas y los venezolanos a trav\u00e9s de la paz y la verdad. Vamos a un proceso de\u00a0reconciliaci\u00f3n nacional, a sustituir el odio por el amor\".<\/p>\n<p>Esta semana, Tarek\u00a0William\u00a0Saab, Fiscal General de Venezuela,\u00a0se reuni\u00f3 con los padres de David Vallenilla, quien muri\u00f3 durante un ataque a una\u00a0base a\u00e9rea en Caracas, el 22 de junio pasado. En el incidente est\u00e1 involucrado un oficial de Aviaci\u00f3n.<\/p>\n<p>&nbsp;<\/p>\n","protected":false},"excerpt":{"rendered":"<p>La Comisi\u00f3n de la Verdad se reuni\u00f3 con los padres de un joven fallecido el pasado junio, producto de las acciones violentas convocadas por la oposici\u00f3n venezolana. El pasado mi\u00e9rcoles se instal\u00f3 la\u00a0Comisi\u00f3n para la Verdad, la Justicia, la Paz y la Tranquilidad P\u00fablica (Covejuspaz)\u00a0en el seno de la\u00a0Asamblea Nacional Constituyente\u00a0(ANC). La\u00a0Comisi\u00f3n trabajar\u00e1 en conjunto [&hellip;]<\/p>\n","protected":false},"author":1,"featured_media":19008,"comment_status":"open","ping_status":"open","sticky":false,"template":"","format":"standard","meta":{"footnotes":""},"categories":[14,12],"tags":[],"class_list":["post-19007","post","type-post","status-publish","format-standard","has-post-thumbnail","hentry","category-internacionales","category-politica-3"],"_links":{"self":[{"href":"https:\/\/debateplural.net\/site\/wp-json\/wp\/v2\/posts\/19007"}],"collection":[{"href":"https:\/\/debateplural.net\/site\/wp-json\/wp\/v2\/posts"}],"about":[{"href":"https:\/\/debateplural.net\/site\/wp-json\/wp\/v2\/types\/post"}],"author":[{"embeddable":true,"href":"https:\/\/debateplural.net\/site\/wp-json\/wp\/v2\/users\/1"}],"replies":[{"embeddable":true,"href":"https:\/\/debateplural.net\/site\/wp-json\/wp\/v2\/comments?post=19007"}],"version-history":[{"count":1,"href":"https:\/\/debateplural.net\/site\/wp-json\/wp\/v2\/posts\/19007\/revisions"}],"predecessor-version":[{"id":19009,"href":"https:\/\/debateplural.net\/site\/wp-json\/wp\/v2\/posts\/19007\/revisions\/19009"}],"wp:featuredmedia":[{"embeddable":true,"href":"https:\/\/debateplural.net\/site\/wp-json\/wp\/v2\/media\/19008"}],"wp:attachment":[{"href":"https:\/\/debateplural.net\/site\/wp-json\/wp\/v2\/media?parent=19007"}],"wp:term":[{"taxonomy":"category","embeddable":true,"href":"https:\/\/debateplural.net\/site\/wp-json\/wp\/v2\/categories?post=19007"},{"taxonomy":"post_tag","embeddable":true,"href":"https:\/\/debateplural.net\/site\/wp-json\/wp\/v2\/tags?post=19007"}],"curies":[{"name":"wp","href":"https:\/\/api.w.org\/{rel}","templated":true}]}}