{"id":19097,"date":"2017-09-06T14:10:54","date_gmt":"2017-09-06T18:10:54","guid":{"rendered":"http:\/\/debateplural.com\/?p=19097"},"modified":"2017-09-06T14:35:34","modified_gmt":"2017-09-06T18:35:34","slug":"identidad-nacional","status":"publish","type":"post","link":"https:\/\/debateplural.net\/site\/2017\/09\/06\/identidad-nacional\/","title":{"rendered":"Artesan\u00eda e identidad nacional"},"content":{"rendered":"<div id=\"ArticleAuthorDiv\" class=\"article-body-author\">Manuel Garc\u00eda Ar\u00e9valo (Listin, 27-12-12)<\/div>\n<div id=\"ArticleBody\">\n<p>Los productos artesanales son manifestaciones de uso pr\u00e1ctico a los que la creatividad popular ha agregado una connotaci\u00f3n est\u00e9tica o simb\u00f3lica, estableciendo una \u00edntima relaci\u00f3n entre lo utilitario y lo bello. De forma que, si bien las artesan\u00edas adquieren un papel protag\u00f3nico en el desenvolvimiento de la vida dom\u00e9stica y cotidiana, sobre todo en las zonas rurales, tambi\u00e9n son objetos decorativos que contribuyen a divulgar el arte popular y promover la identidad nacional.<\/p>\n<p>En tal sentido, las artesan\u00edas conservan patrones tradicionales en sus usos y dise\u00f1os, transmitidos de una generaci\u00f3n a otra, que hunden sus ra\u00edces en \u00e9pocas muy antiguas. Por eso llevan impl\u00edcita una impronta de fuerte arraigo tel\u00farico, que se remonta a los tiempos prehist\u00f3ricos y coloniales, reflejando nuestro mestizaje racial y cultural, as\u00ed como el sincretismo de nuestros mitos y creencias religiosas.<\/p>\n<p>Tallar la madera, tejer las fibras naturales, esculpir la piedra, pulir una gema, soplar el vidrio, bru\u00f1ir el metal, modelar la cer\u00e1mica, o confeccionar un fino bolso de piel, son actividades en las que se combinan la tradici\u00f3n de los viejos oficios con las adaptaciones que exige cada \u00e9poca, confiriendo a los objetos manuales mayor prestancia y rasgos distintivos que aquellos que se producen en serie con regularidad, exactitud y rapidez, a trav\u00e9s de un proceso de tecnolog\u00eda intensiva o mecanizada, pero sin que intervengan la emoci\u00f3n ni la sensibilidad individual del artesano.<\/p>\n<p>A este respecto, Daniel Rubin de la Borbolla, en su libro \u201cArte popular mexicano\u201d, sostiene que la posici\u00f3n del artesano en nuestro mundo moderno debiera de ser clara y concreta: ser el productor directo de objetos \u00fatiles, funcionales y bellos que constituyen medios de expresi\u00f3n y comunicaci\u00f3n colectivas, y representan una tradici\u00f3n viva, con lo cual le dar\u00e1n cohesi\u00f3n a la cultura en que vive y fisonom\u00eda a la comunidad a que pertenece.<\/p>\n<p>Con el paso de los a\u00f1os, las tradiciones t\u00e9cnicas y art\u00edsticas de esencia popular han vuelto a valorizarse y el artesano ha recobrado su h\u00e1lito creativo, no s\u00f3lo a trav\u00e9s del sistema familiar de aprendizaje, sino con la incorporaci\u00f3n de un movimiento renovador que se ha visto fortalecido con el trabajo de los \u201cneoartesanos\u201d, entre los cuales se halla un sinn\u00famero de personas con formaci\u00f3n profesional o art\u00edstica, quienes, asumiendo el reto de ser aut\u00e9nticos, se dedican a estas delicadas faenas creativas, contribuyendo as\u00ed a un esperanzador reencuentro de la sociedad con el trabajo de las manos.<\/p>\n<p>Existe en la actualidad una verdadera predilecci\u00f3n por el objeto \u201checho a mano\u201d, prefiri\u00e9ndose el sello personal y diferenciador de las artesan\u00edas, ante aquellos productos industriales de car\u00e1cter estandarizado. De modo que, ante el avasallante avance tecnol\u00f3gico, se generaliza cada d\u00eda m\u00e1s esa toma de conciencia sobre el valor que encierra la labor manual, por el toque ingenioso o singular que siempre implica la paciente labor del art\u00edfice quien, gracias a su pericia y dominio de t\u00e9cnicas ancestrales, produce art\u00edculos que evidencian su sensibilidad y talento, su destreza y habilidad, cualidades de las cuales es orgulloso portador.<\/p>\n<p>De ah\u00ed que se requiere la creaci\u00f3n de una verdadera conciencia de rescate, conservaci\u00f3n y promoci\u00f3n de la producci\u00f3n artesanal. Ya que al ser las artesan\u00edas genuinas manifestaciones vern\u00e1culas, constituyen testimonios vivos de los medios de expresi\u00f3n tradicional y la fisonom\u00eda folcl\u00f3rica y costumbrista de las clases populares, convirti\u00e9ndose en fuentes inagotables de identidad cultural como ra\u00edz de la nacionalidad.<\/p>\n<\/div>\n","protected":false},"excerpt":{"rendered":"<p>Manuel Garc\u00eda Ar\u00e9valo (Listin, 27-12-12) Los productos artesanales son manifestaciones de uso pr\u00e1ctico a los que la creatividad popular ha agregado una connotaci\u00f3n est\u00e9tica o simb\u00f3lica, estableciendo una \u00edntima relaci\u00f3n entre lo utilitario y lo bello. De forma que, si bien las artesan\u00edas adquieren un papel protag\u00f3nico en el desenvolvimiento de la vida dom\u00e9stica y [&hellip;]<\/p>\n","protected":false},"author":1,"featured_media":19098,"comment_status":"open","ping_status":"open","sticky":false,"template":"","format":"standard","meta":{"footnotes":""},"categories":[5,12],"tags":[],"class_list":["post-19097","post","type-post","status-publish","format-standard","has-post-thumbnail","hentry","category-nacionales","category-politica-3"],"_links":{"self":[{"href":"https:\/\/debateplural.net\/site\/wp-json\/wp\/v2\/posts\/19097"}],"collection":[{"href":"https:\/\/debateplural.net\/site\/wp-json\/wp\/v2\/posts"}],"about":[{"href":"https:\/\/debateplural.net\/site\/wp-json\/wp\/v2\/types\/post"}],"author":[{"embeddable":true,"href":"https:\/\/debateplural.net\/site\/wp-json\/wp\/v2\/users\/1"}],"replies":[{"embeddable":true,"href":"https:\/\/debateplural.net\/site\/wp-json\/wp\/v2\/comments?post=19097"}],"version-history":[{"count":2,"href":"https:\/\/debateplural.net\/site\/wp-json\/wp\/v2\/posts\/19097\/revisions"}],"predecessor-version":[{"id":19100,"href":"https:\/\/debateplural.net\/site\/wp-json\/wp\/v2\/posts\/19097\/revisions\/19100"}],"wp:featuredmedia":[{"embeddable":true,"href":"https:\/\/debateplural.net\/site\/wp-json\/wp\/v2\/media\/19098"}],"wp:attachment":[{"href":"https:\/\/debateplural.net\/site\/wp-json\/wp\/v2\/media?parent=19097"}],"wp:term":[{"taxonomy":"category","embeddable":true,"href":"https:\/\/debateplural.net\/site\/wp-json\/wp\/v2\/categories?post=19097"},{"taxonomy":"post_tag","embeddable":true,"href":"https:\/\/debateplural.net\/site\/wp-json\/wp\/v2\/tags?post=19097"}],"curies":[{"name":"wp","href":"https:\/\/api.w.org\/{rel}","templated":true}]}}