{"id":19445,"date":"2017-09-28T14:57:32","date_gmt":"2017-09-28T18:57:32","guid":{"rendered":"http:\/\/debateplural.com\/?p=19445"},"modified":"2017-09-28T14:57:32","modified_gmt":"2017-09-28T18:57:32","slug":"mi-presencia-en-venezuela","status":"publish","type":"post","link":"https:\/\/debateplural.net\/site\/2017\/09\/28\/mi-presencia-en-venezuela\/","title":{"rendered":"Mi presencia en Venezuela"},"content":{"rendered":"<p>Leonel Fernandez (Listin, 25-9-17)<\/p>\n<p>La primera vez que visit\u00e9 Venezuela fue hace casi 30 a\u00f1os, a finales de 1988, en compa\u00f1\u00eda del profesor Juan Bosch. Nos alojamos en la residencia de un apreciado amigo suyo, el escritor Miguel Otero Silva.<\/p>\n<p>Durante ese viaje visitamos al presidente Carlos Andr\u00e9s P\u00e9rez, en su despacho presidencial de Miraflores. Entre el escritor y l\u00edder pol\u00edtico dominicano y el mandatario venezolano se produjo un di\u00e1logo que gir\u00f3, fundamentalmente, en torno a sus remembranzas de las luchas contra las dictaduras de Rafael Le\u00f3nidas Trujillo, en Rep\u00fablica Dominicana; y de Marcos P\u00e9rez Jim\u00e9nez, en Venezuela.<\/p>\n<p>Recuerdo con precisi\u00f3n la explicaci\u00f3n que, con mucho orgullo, nos brindaba el presidente Carlos Andr\u00e9s P\u00e9rez acerca de un globo terr\u00e1queo que se encontraba en uno de los salones del palacio presidencial, obsequio del presidente franc\u00e9s Fran\u00c1ois Mitterrand, en ocasi\u00f3n de su toma de posesi\u00f3n.<\/p>\n<p>En mis viajes m\u00e1s recientes he vuelto a ver el referido globo terr\u00e1queo, ahora un poco m\u00e1s desgastado por el tiempo; y entonces me ha correspondido \u00a0compartir informaci\u00f3n privilegiada sobre ese objeto, cuyo origen resulta tan desconocido como misterioso para la mayor\u00eda de los funcionarios palaciegos.<\/p>\n<p>Siendo candidato a la Presidencia de la Rep\u00fablica, en 1995, tuve el privilegio de conocer e iniciar una amistad con el expresidente Luis Herrera Campins, cuyo hogar visit\u00e9 en distintas oportunidades.<\/p>\n<p>Pero, en realidad, volv\u00ed a Venezuela por segunda vez, en 1997, en visita oficial de Estado, cuando ostentaba la condici\u00f3n de Presidente de la Rep\u00fablica. En esa ocasi\u00f3n, para expresar su respeto y admiraci\u00f3n al pueblo dominicano, el presidente Rafael Caldera hizo un gesto verdaderamente hermoso e inolvidable. Envi\u00f3 a darnos la bienvenida, a un par de aviones F-15, que se colocaron a ambos lados de las alas de nuestra aeronave, tan pronto entramos al espacio a\u00e9reo venezolano, a los fines de escoltarnos hasta nuestro aterrizaje en el aeropuerto de Maiquet\u00eda.<\/p>\n<p>Esa visita consolid\u00f3 la relaci\u00f3n de amistad entre nuestros pueblos; y sirvi\u00f3 para acordar un conjunto de acciones de inter\u00e9s mutuo, entre los cuales se encontraba el financiamiento de varios proyectos de obras de infraestructura, que se obtendr\u00eda a trav\u00e9s del acuerdo de San Jos\u00e9.<\/p>\n<p>As\u00ed pues, como queda establecido, durante el transcurso de una d\u00e9cada, hab\u00edamos logrado establecer relaciones cordiales, de afectos y de amistad con varios de los principales l\u00edderes pol\u00edticos venezolanos, tanto del partido Acci\u00f3n Democr\u00e1tica, de orientaci\u00f3n socialdem\u00f3crata, como de COPEI, de inclinaci\u00f3n socialcristiana.<br \/>\nCh\u00e1vez en escena<\/p>\n<p>Aunque tuve conocimiento acerca de Hugo Ch\u00e1vez desde su intento por derrocar el gobierno de Carlos Andr\u00e9s P\u00e9rez, en el 1992, no fue sino cinco a\u00f1os despu\u00e9s, en el 1997, que lo conoc\u00ed de manera personal.<\/p>\n<p>En esa oportunidad, nos visit\u00f3 al Palacio Nacional, en compa\u00f1\u00eda de su esposa, Mar\u00eda Isabel Rodr\u00edguez. Me refiri\u00f3 su decisi\u00f3n de participar como candidato presidencial en los pr\u00f3ximos comicios venezolanos que tendr\u00edan lugar el a\u00f1o siguiente, es decir, en 1998; y nos inquiri\u00f3 acerca de c\u00f3mo podr\u00edamos colaborar con su esfuerzo.<\/p>\n<p>Estaba bien informado sobre la Rep\u00fablica Dominicana. Hab\u00eda venido en varias ocasiones previas al pa\u00eds, y dec\u00eda tener amigos en el barrio de Los Mina. Recit\u00f3 unos versos del poeta nacional, Pedro Mir. Me habl\u00f3 de manera elogiosa de la figura de Juan Bosch y se desparram\u00f3 en reconocimientos en torno al coronel Francisco Alberto Caama\u00f1o De\u00f1\u00f3.<\/p>\n<p>Al \u00a0t\u00e9rmino de nuestra conversaci\u00f3n, me traslad\u00e9 con \u00e9l al frente del Palacio Nacional, a la casa del ingeniero Hamlet Herman, present\u00e1ndoselo como acompa\u00f1ante del coronel Caama\u00f1o en la guerrilla de Playa Caracoles de 1973.<\/p>\n<p>Me reencontr\u00e9 con Hugo Ch\u00e1vez el d\u00eda de su toma de posesi\u00f3n, en febrero de 1999. Conforme a las indicaciones del protocolo, me correspondi\u00f3 sentarme al lado del l\u00edder de la Revoluci\u00f3n cubana, Fidel Castro.<\/p>\n<p>Ch\u00e1vez, luego de haber indicado que tomaba el juramento sobre una constituci\u00f3n moribunda, se persign\u00f3 y bes\u00f3 el crucifijo que pend\u00eda sobre su cuello, a lo cual, en tono de broma, el comandante Fidel, me pregunt\u00f3: \u201c\u00bfY \u00e9l es tan religioso?\u201d. \u00a0A eso respond\u00ed: \u201cComandante, me acabo de enterar\u201d. Fidel sonri\u00f3 y seguimos la ceremonia.<\/p>\n<p>Mi primera gesti\u00f3n de gobierno culmin\u00f3 al a\u00f1o siguiente, en el 2000, y el presidente Hugo Ch\u00e1vez daba inicio a sus batallas, que le llevar\u00edan a \u00e1lgidos enfrentamientos con la oposici\u00f3n, hasta el punto de suscitarse un golpe de Estado que lo depuso del poder por breve tiempo, en el 2002.<\/p>\n<p>Aunque estaba fuera del gobierno, mantuve relaciones con el presidente Ch\u00e1vez. Seg\u00fan me cuentan algunos amigos, \u00e9l mismo lleg\u00f3 a hacer referencia, en varias ocasiones a nuestro v\u00ednculo de amistad en su programa de radio, Al\u00f3 Presidente.<\/p>\n<p>Luego de su retorno al poder, se inici\u00f3 en Venezuela un proceso de di\u00e1logo, con la finalidad de lograr la estabilidad pol\u00edtica del pa\u00eds y rescatar la confianza entre los principales actores de la vida pol\u00edtica nacional.<\/p>\n<p>A ese di\u00e1logo, hace 15 a\u00f1os, fui invitado a participar, tanto por parte del gobierno venezolano, como de la oposici\u00f3n. Ah\u00ed estuve junto al expresidente Jimmy Carter y a otras figuras de Am\u00e9rica Latina, en las distintas mesas que se organizaron para establecer acuerdos que garantizasen la estabilidad pol\u00edtica, el desarrollo econ\u00f3mico y la prosperidad del pueblo venezolano.<\/p>\n<p><strong>De Ch\u00e1vez a Maduro<\/strong><\/p>\n<p>Con nuestro retorno al gobierno en el 2004, tuvimos m\u00faltiples encuentros con el presidente Hugo Ch\u00e1vez, quien siempre fue solidario con la Rep\u00fablica Dominicana, muy especialmente a trav\u00e9s de su programa de Petrocaribe. Al fallecer en el 2013, le sucedi\u00f3 el presidente Nicol\u00e1s Maduro, quien fue electo ese mismo a\u00f1o por el voto mayoritario de sus conciudadanos.<\/p>\n<p>Pero, desde la llegada del presidente Maduro al poder, empez\u00f3 a experimentarse una ca\u00edda en los precios del petr\u00f3leo en los mercados internacionales, lo que condujo a inestabilidad macroecon\u00f3mica, a un descontento social y a una situaci\u00f3n de turbulencia pol\u00edtica.<\/p>\n<p>Con motivo de las elecciones legislativas de diciembre de 2015, fui invitado por UNASUR a presidir la observaci\u00f3n electoral en representaci\u00f3n de esa entidad de car\u00e1cter subregional.<\/p>\n<p>Al t\u00e9rmino de ese certamen, que fue ganado abrumadoramente por los partidos integrantes de la Mesa de Unidad Democr\u00e1tica (MUD), varios de esos dirigentes de oposici\u00f3n se me acercaron para solicitar mi intermediaci\u00f3n en un proceso de di\u00e1logo nacional en Venezuela.<\/p>\n<p>Les dije que estar\u00eda dispuesto a asumir ese papel siempre que fuese autorizado por UNASUR. As\u00ed se hizo, y de esa manera he estado participando, junto a los expresidentes del gobierno espa\u00f1ol, Jos\u00e9 Luis Rodr\u00edguez Zapatero; y de Panam\u00e1, Mart\u00edn Torrijos, durante casi dos a\u00f1os, en esa gesti\u00f3n de acompa\u00f1ante al di\u00e1logo en b\u00fasqueda de una soluci\u00f3n pac\u00edfica y democr\u00e1tica al drama de Venezuela.<\/p>\n<p>Durante ese tiempo, y luego de cerca de 20 viajes continuos a Caracas, ha habido momentos en que parec\u00eda que el conflicto llegar\u00eda a su fin, como ocurri\u00f3, por ejemplo, a finales de 2016, cuando se cont\u00f3 con la participaci\u00f3n de un representante personal del Papa Francisco.<\/p>\n<p>Sin embargo, diversas circunstancias, sobre todo de desconfianza entre los principales actores del gobierno y de la oposici\u00f3n, agravaron la situaci\u00f3n conflictiva durante los \u00faltimos meses en la patria de Bol\u00edvar.<\/p>\n<p>Pero adem\u00e1s, con la culminaci\u00f3n del per\u00edodo del expresidente Ernesto Samper, como Secretario General de UNASUR, y en raz\u00f3n de los cambios pol\u00edticos producidos en varios pa\u00edses del cono sur, la participaci\u00f3n de esta entidad subregional en el acompa\u00f1amiento al di\u00e1logo se ha visto disminuida.<\/p>\n<p>Al encontrarse en esa situaci\u00f3n, el expresidente Jos\u00e9 Luis Rodr\u00edguez Zapatero, contando con el apoyo de la Canciller\u00eda del gobierno espa\u00f1ol, ha estado desempe\u00f1ando un rol m\u00e1s activo durante los \u00faltimos dos meses.<\/p>\n<p>Pero ahora, en una nueva modalidad, en la que se procura que varios pa\u00edses se integren en calidad de acompa\u00f1antes, el di\u00e1logo tiene como anfitri\u00f3n al gobierno de la Rep\u00fablica Dominicana.<\/p>\n<p>Mi presencia en Venezuela ya alcanza casi tres d\u00e9cadas. Durante ese per\u00edodo he participado, de manera modesta, junto a sus principales l\u00edderes, de gobierno y oposici\u00f3n, en la b\u00fasqueda de f\u00f3rmulas que permitan la convivencia democr\u00e1tica y civilizada en ese hermano pa\u00eds.<\/p>\n<p>A pesar de mi ausencia como acompa\u00f1ante en este nuevo episodio del di\u00e1logo venezolano, cuyas verdaderas razones solo el tiempo se encargar\u00e1 de esclarecer, albergamos la esperanza de que en esta ocasi\u00f3n, dada la situaci\u00f3n de grave violencia que le ha precedido, existan las condiciones \u00f3ptimas para una soluci\u00f3n definitiva que permita devolverle al pueblo venezolano la paz, la tranquilidad y el bienestar que anhela y se merece.<\/p>\n","protected":false},"excerpt":{"rendered":"<p>Leonel Fernandez (Listin, 25-9-17) La primera vez que visit\u00e9 Venezuela fue hace casi 30 a\u00f1os, a finales de 1988, en compa\u00f1\u00eda del profesor Juan Bosch. Nos alojamos en la residencia de un apreciado amigo suyo, el escritor Miguel Otero Silva. Durante ese viaje visitamos al presidente Carlos Andr\u00e9s P\u00e9rez, en su despacho presidencial de Miraflores. [&hellip;]<\/p>\n","protected":false},"author":1,"featured_media":19294,"comment_status":"open","ping_status":"open","sticky":false,"template":"","format":"standard","meta":{"footnotes":""},"categories":[14,12],"tags":[],"class_list":["post-19445","post","type-post","status-publish","format-standard","has-post-thumbnail","hentry","category-internacionales","category-politica-3"],"_links":{"self":[{"href":"https:\/\/debateplural.net\/site\/wp-json\/wp\/v2\/posts\/19445"}],"collection":[{"href":"https:\/\/debateplural.net\/site\/wp-json\/wp\/v2\/posts"}],"about":[{"href":"https:\/\/debateplural.net\/site\/wp-json\/wp\/v2\/types\/post"}],"author":[{"embeddable":true,"href":"https:\/\/debateplural.net\/site\/wp-json\/wp\/v2\/users\/1"}],"replies":[{"embeddable":true,"href":"https:\/\/debateplural.net\/site\/wp-json\/wp\/v2\/comments?post=19445"}],"version-history":[{"count":1,"href":"https:\/\/debateplural.net\/site\/wp-json\/wp\/v2\/posts\/19445\/revisions"}],"predecessor-version":[{"id":19446,"href":"https:\/\/debateplural.net\/site\/wp-json\/wp\/v2\/posts\/19445\/revisions\/19446"}],"wp:featuredmedia":[{"embeddable":true,"href":"https:\/\/debateplural.net\/site\/wp-json\/wp\/v2\/media\/19294"}],"wp:attachment":[{"href":"https:\/\/debateplural.net\/site\/wp-json\/wp\/v2\/media?parent=19445"}],"wp:term":[{"taxonomy":"category","embeddable":true,"href":"https:\/\/debateplural.net\/site\/wp-json\/wp\/v2\/categories?post=19445"},{"taxonomy":"post_tag","embeddable":true,"href":"https:\/\/debateplural.net\/site\/wp-json\/wp\/v2\/tags?post=19445"}],"curies":[{"name":"wp","href":"https:\/\/api.w.org\/{rel}","templated":true}]}}