{"id":19643,"date":"2017-10-07T10:21:41","date_gmt":"2017-10-07T14:21:41","guid":{"rendered":"http:\/\/debateplural.com\/?p=19643"},"modified":"2017-10-07T10:21:41","modified_gmt":"2017-10-07T14:21:41","slug":"ordet-la-palabra","status":"publish","type":"post","link":"https:\/\/debateplural.net\/site\/2017\/10\/07\/ordet-la-palabra\/","title":{"rendered":"Ordet, la palabra"},"content":{"rendered":"<div id=\"ArticleAuthorDiv\" class=\"article-body-author\">Rienzi Pared Perez (Listin, 30-4-16)<\/div>\n<div id=\"ArticleSourceDiv\" class=\"article-body-author\"><\/div>\n<div id=\"ArticleBody\">\n<p>La historia del cine re\u00fane todo tipo de pel\u00edculas. Son obras que con el transcurrir del tiempo quedan en la memoria colectiva como un gran espect\u00e1culo. Y junto a ellas, existen otras que se congelan en el tiempo, como temas de estudio para especialistas. En este \u00faltimo caso se encuentra el filme \u201cOrdet, la palabra\u201d un producto muy poco com\u00fan entre las gentes. Sin embargo, todo buen cin\u00e9filo debe reconocerla y admirarla.<\/p>\n<p>\u201cOrdet, La Palabra\u201d es un largometraje dan\u00e9s estrenado en 1955, dirigido por uno de los grandes cineastas de todos los tiempos: Carl Theodor Dreyer. La pel\u00edcula se basa en una obra de teatro y est\u00e1 ambientada en 1920. Cuenta la historia de la familia Borgen, de creencias religiosas. Est\u00e1 conformada por el matrimonio y tres hijos que el patriarca intenta sacarla adelante. El mayor, Mikkel, vive con su esposa Inger y est\u00e1n a la espera del nacimiento de su tercer hijo; el segundo, Johannes, es un estudiante de teolog\u00eda que de tanto identificarse con la figura de Jesucristo ha cre\u00eddo que es el mismo hijo de Dios en la Tierra, y por \u00faltimo est\u00e1, Ander, enamorado de la hija del sastre quien a su vez lo considera indigno de casarse con su hija. En toda esta historia la religi\u00f3n est\u00e1 de trasfondo; ya que Ander pertenece a la Iglesia Luterana y el sastre (padre de la joven) integra una doctrina denominada Iglesia de la Misi\u00f3n Interior con una posici\u00f3n m\u00e1s radical. Cuando ambos patriarcas est\u00e1n conversando, salen a relucir las grandes diferencias de ambos y es cuando el sastre (padre de la joven) le desea la muerte de Inger la nuera del Sr. Morgen; quien est\u00e1 a la espera del hijo y quien es una mujer sencilla y bondadosa.<\/p>\n<p>Esta pel\u00edcula es un profundo an\u00e1lisis sobre la fe, y a la vez, una cr\u00edtica a la intolerancia religiosa. Solo la mente humana es capaz de crear esas barreras producto del fanatismo; conden\u00e1ndonos cada vez m\u00e1s en el ostracismo y en la oscuridad. El director durante la puesta en escena nos hace recalcar que para acceder a la fe es mejor primero tener coraz\u00f3n; porque desde el coraz\u00f3n nos llevar\u00e1 a la fe.<\/p>\n<p>Cuando el padre de la joven le desea el mal a la nuera del Sr. Morgen, la misma cae enferma y el m\u00e9dico que representa la ciencia, no puede evitar que muera la criatura en el vientre, para m\u00e1s tarde morir la madre cayendo en la desesperanza de Mikkel (el hijo ateo) para recalcarle a su padre en donde est\u00e1 su Dios que haya permitido esto. Mientras tanto, Johanness que al volverse loco de tanto estudiar teolog\u00eda, recorre toda la casa vociferando que hay que mantener la fe y los \u00fanicos que creen en Johannes son las hijas de Mikkel porque de ellos es el reino de los cielos.<\/p>\n<p>Mientras todos se encuentran en el velorio, donde hay un remanso de paz en el ambiente, el sastre acude con su hija al velorio para arrepentirse y le ofrece a su hija en matrimonio como forma de reconciliaci\u00f3n; pero Johannes interrumpe diciendo que Inger puede resucitar si toda la familia se lo pide a Dios. La hija de Inger le toma la mano a Johannes y le pide que resucite a su madre por lo que Johannes alaba su inmaculada fe y ambos oran para solicitarle a Dios que despierte entre los muertos a Inger quien era una mujer bondadosa, y ante todos los presentes, ella abre los ojos y realmente se crea el milagro.<\/p>\n<p>Esta pel\u00edcula representa un conjunto de temas y sub-temas que plantean un an\u00e1lisis de la vida con Dios como tel\u00f3n de fondo. \u201cOrdet, La Palabra\u201d es un ejercicio de fe. Todo en nuestra vida\u00a0 se enlaza con lo espiritual, con lo que podemos creer. El gran misterio es la muerte, y es ah\u00ed donde el director nos lleva para profundizar en los misterios de nuestra fe; pero la fe proviene desde el amor el cual uno cree. Dios es amor y Jes\u00fas es el camino y la vida; por lo tanto, la pel\u00edcula quiere reflejar y profundizar la Fe y el amor a la vida.<\/p>\n<p>La fotograf\u00eda de la pel\u00edcula es realizada por Henning Bendtsen, en un principio est\u00e1 un poco oscura para luego ir dej\u00e1ndonos ver con m\u00e1s claridad la escena dentro de la vivienda para cuando ocurre el milagro. Es digna de reconocerse; as\u00ed como la puesta en escena del director Dreyer, creando una de las mejores pel\u00edculas de la historia.<\/p>\n<p><strong>(+)<br \/>\nALGUNAS CURIOSIDADES DE LA PEL\u00cdCULA:<\/strong><br \/>\n1) \u201cOrdet, La Palabra\u201d dirigida por Carl Theodor Dreyer en 1955, fue galardonado con el Le\u00f3n de Oro en el Festival de Cine de Venecia.<\/p>\n<p>2) La perfecci\u00f3n formal de la obra y la \u00faltima secuencia causaron sensaci\u00f3n en el p\u00fablico.<\/p>\n<p>3) Originalmente, \u2018Ordet\u2019 era una obra teatral del dan\u00e9s Kaj Munk, dramaturgo conocido en los pa\u00edses escandinavos que fue asesinado por los nazis en 1944.<\/p>\n<p>4) Esta pieza se llev\u00f3 a la gran pantalla una vez por el director sueco Gustaf Molander en una adaptaci\u00f3n de Rune Lindstr\u02c6m. A diferencia de Molander, quien jug\u00f3 con la belleza de la naturaleza, Dreyer se mantuvo cerca de la \u00f3ptica teatral limit\u00e1ndose principalmente a los interiores.<\/p>\n<p>5) \u00danico largometraje elaborado por Dreyer en la d\u00e9cada de los cincuenta y pen\u00faltimo de su filmograf\u00eda; Ordet representa uno de los escasos \u00e9xitos de cr\u00edtica y p\u00fablico de su carrera.<\/p>\n<\/div>\n","protected":false},"excerpt":{"rendered":"<p>Rienzi Pared Perez (Listin, 30-4-16) La historia del cine re\u00fane todo tipo de pel\u00edculas. Son obras que con el transcurrir del tiempo quedan en la memoria colectiva como un gran espect\u00e1culo. Y junto a ellas, existen otras que se congelan en el tiempo, como temas de estudio para especialistas. En este \u00faltimo caso se encuentra [&hellip;]<\/p>\n","protected":false},"author":1,"featured_media":19644,"comment_status":"open","ping_status":"open","sticky":false,"template":"","format":"standard","meta":{"footnotes":""},"categories":[39,5],"tags":[],"class_list":["post-19643","post","type-post","status-publish","format-standard","has-post-thumbnail","hentry","category-cine","category-nacionales"],"_links":{"self":[{"href":"https:\/\/debateplural.net\/site\/wp-json\/wp\/v2\/posts\/19643"}],"collection":[{"href":"https:\/\/debateplural.net\/site\/wp-json\/wp\/v2\/posts"}],"about":[{"href":"https:\/\/debateplural.net\/site\/wp-json\/wp\/v2\/types\/post"}],"author":[{"embeddable":true,"href":"https:\/\/debateplural.net\/site\/wp-json\/wp\/v2\/users\/1"}],"replies":[{"embeddable":true,"href":"https:\/\/debateplural.net\/site\/wp-json\/wp\/v2\/comments?post=19643"}],"version-history":[{"count":1,"href":"https:\/\/debateplural.net\/site\/wp-json\/wp\/v2\/posts\/19643\/revisions"}],"predecessor-version":[{"id":19645,"href":"https:\/\/debateplural.net\/site\/wp-json\/wp\/v2\/posts\/19643\/revisions\/19645"}],"wp:featuredmedia":[{"embeddable":true,"href":"https:\/\/debateplural.net\/site\/wp-json\/wp\/v2\/media\/19644"}],"wp:attachment":[{"href":"https:\/\/debateplural.net\/site\/wp-json\/wp\/v2\/media?parent=19643"}],"wp:term":[{"taxonomy":"category","embeddable":true,"href":"https:\/\/debateplural.net\/site\/wp-json\/wp\/v2\/categories?post=19643"},{"taxonomy":"post_tag","embeddable":true,"href":"https:\/\/debateplural.net\/site\/wp-json\/wp\/v2\/tags?post=19643"}],"curies":[{"name":"wp","href":"https:\/\/api.w.org\/{rel}","templated":true}]}}