{"id":19683,"date":"2017-10-09T16:21:13","date_gmt":"2017-10-09T20:21:13","guid":{"rendered":"http:\/\/debateplural.com\/?p=19683"},"modified":"2017-10-09T16:22:12","modified_gmt":"2017-10-09T20:22:12","slug":"memorizando-sobre-pensionados-y-jubilados","status":"publish","type":"post","link":"https:\/\/debateplural.net\/site\/2017\/10\/09\/memorizando-sobre-pensionados-y-jubilados\/","title":{"rendered":"Memorizando sobre pensionados y jubilados"},"content":{"rendered":"<p>Tabar\u00e9 Castillo Acevedo (Hoy, 15-6-17)<\/p>\n<p>Desde hace meses algunas entidades gremiales y otras sindicales vienen manifestando p\u00fablicamente sus inquietudes, tanto al sector p\u00fablico como al privado, reclamando y luchando por justos aumentos salariales en beneficio de la clase laboral dominicana, todav\u00eda sin llegar a un acuerdo satisfactorio entre las partes en conflicto, quedando todo en una especie de limbo, y no jur\u00eddico precisamente.<\/p>\n<p>Tanto la Asociaci\u00f3n Dominicana de Profesores (ADP), como el Colegio M\u00e9dico Dominicano (CMD), y otros est\u00e1n demandando que el Ministerio de Educaci\u00f3n y el Superior Gobierno atiendan sus reclamos, para lograr un porcentaje \u00f3ptimo en los ya hace tiempo deprimidos sueldos de sus afiliados, puesto que el nivel y calidad de vida se ven deteriorados con la cada d\u00eda m\u00e1s irritante alza de precios en los art\u00edculos de primera necesidad.<\/p>\n<p>Para nadie es un secreto la acelerada devaluaci\u00f3n de nuestro signo monetario y que el costo de la vida se ha disparado a niveles insospechables, casi astron\u00f3micos. La canasta familiar rebasa actualmente los RD$24,500.00, siendo inalcanzable para un gigantesco segmento poblacional de mucha importancia y gran incidencia en la toma de decisiones nacionales en el aspecto electoral.<\/p>\n<p>Pero \u2026 \u00bfY qu\u00e9 de los (as) pensionados (as) y jubilados (as)? \u00bfNo existen? \u00bfAcaso la galopante y casi indetenible espiral inflacionaria que nos lacera y agobia no los afecta igualmente? Parodiando a una de las m\u00e1s conocidas obras del laureado escritor colombiano Gabriel Garc\u00eda M\u00e1rquez, me refiero a \u201cEl Coronel no tiene quien le escriba\u201d, parece que dicho t\u00edtulo bien puede etiquet\u00e1rsele a aquellos y aquellas que dieron lo mejor de s\u00ed en sus respectivas instituciones p\u00fablicas y privadas; los mejores a\u00f1os de sus juventudes, tanto al Estado Dominicano como al sector privado, para que no sean tomados en cuenta a la hora de hablarse y asignarse incrementos salariales.<\/p>\n<p>Es inexplicable. Ni siquiera se mencionan, con muy escasas y honrosas excepciones de uno u otro dirigente sindical, que en alg\u00fan momento han mencionado estos ex-servidores, como son la dirigente magisterial Mar\u00eda Teresa Cabrera y Don Rafael-Pepe-Abreu, l\u00edder de la Confederaci\u00f3n Nacional de la Unidad Sindical (CNUS).<\/p>\n<p>S\u00e9 del caso de algunos y algunas que est\u00e1n en sus viviendas en estado convaleciente, casi olvidados, en delicada situaci\u00f3n f\u00edsica y econ\u00f3mica; precaria, un tanto lacerante. Otros en aparentes buenas condiciones de salud y todav\u00eda aptos para la actividad productiva, no encuentran el medio de elevar sus magros ingresos, siendo -por motivos de edad- descartados para formar parte del staff de una u otra instituci\u00f3n privada, teniendo \u00e9stos que recurrir a las m\u00e1s dis\u00edmiles y variadas actividades informales, particulares, para ganarse unos cuantos pesos extras.<\/p>\n<p>Sean p\u00fablicos o privados tienen necesariamente que ser incluidos en los planes presentes y futuros de aumentos de sueldos, no por cuesti\u00f3n de compasi\u00f3n ni tampoco como una especie de d\u00e1diva o lisonja, sino como una prerrogativa que realmente les corresponde, por el amplio beneficio laboral que dejaron durante muchos a\u00f1os, fruto del alquiler de su fuerza de trabajo.<\/p>\n<p>Ojal\u00e1 que el Superior Gobierno vaya en auxilio de los y las pensionados (as) y jubilados (as), para que puedan pasar el resto de sus d\u00edas con mayores y mejores condiciones de vida, con un significativo aumento en sus ingresos y de esta manera poder tener as\u00ed una calidad existencial m\u00e1s digna y decorosa.<\/p>\n","protected":false},"excerpt":{"rendered":"<p>Tabar\u00e9 Castillo Acevedo (Hoy, 15-6-17) Desde hace meses algunas entidades gremiales y otras sindicales vienen manifestando p\u00fablicamente sus inquietudes, tanto al sector p\u00fablico como al privado, reclamando y luchando por justos aumentos salariales en beneficio de la clase laboral dominicana, todav\u00eda sin llegar a un acuerdo satisfactorio entre las partes en conflicto, quedando todo en [&hellip;]<\/p>\n","protected":false},"author":1,"featured_media":19684,"comment_status":"open","ping_status":"open","sticky":false,"template":"","format":"standard","meta":{"footnotes":""},"categories":[5,12],"tags":[],"class_list":["post-19683","post","type-post","status-publish","format-standard","has-post-thumbnail","hentry","category-nacionales","category-politica-3"],"_links":{"self":[{"href":"https:\/\/debateplural.net\/site\/wp-json\/wp\/v2\/posts\/19683"}],"collection":[{"href":"https:\/\/debateplural.net\/site\/wp-json\/wp\/v2\/posts"}],"about":[{"href":"https:\/\/debateplural.net\/site\/wp-json\/wp\/v2\/types\/post"}],"author":[{"embeddable":true,"href":"https:\/\/debateplural.net\/site\/wp-json\/wp\/v2\/users\/1"}],"replies":[{"embeddable":true,"href":"https:\/\/debateplural.net\/site\/wp-json\/wp\/v2\/comments?post=19683"}],"version-history":[{"count":2,"href":"https:\/\/debateplural.net\/site\/wp-json\/wp\/v2\/posts\/19683\/revisions"}],"predecessor-version":[{"id":19686,"href":"https:\/\/debateplural.net\/site\/wp-json\/wp\/v2\/posts\/19683\/revisions\/19686"}],"wp:featuredmedia":[{"embeddable":true,"href":"https:\/\/debateplural.net\/site\/wp-json\/wp\/v2\/media\/19684"}],"wp:attachment":[{"href":"https:\/\/debateplural.net\/site\/wp-json\/wp\/v2\/media?parent=19683"}],"wp:term":[{"taxonomy":"category","embeddable":true,"href":"https:\/\/debateplural.net\/site\/wp-json\/wp\/v2\/categories?post=19683"},{"taxonomy":"post_tag","embeddable":true,"href":"https:\/\/debateplural.net\/site\/wp-json\/wp\/v2\/tags?post=19683"}],"curies":[{"name":"wp","href":"https:\/\/api.w.org\/{rel}","templated":true}]}}