{"id":19736,"date":"2017-10-11T13:18:33","date_gmt":"2017-10-11T17:18:33","guid":{"rendered":"http:\/\/debateplural.com\/?p=19736"},"modified":"2017-10-11T13:18:33","modified_gmt":"2017-10-11T17:18:33","slug":"sacerdotes-y-seduccion-de-menores","status":"publish","type":"post","link":"https:\/\/debateplural.net\/site\/2017\/10\/11\/sacerdotes-y-seduccion-de-menores\/","title":{"rendered":"Sacerdotes y seducci\u00f3n de menores"},"content":{"rendered":"<div id=\"ArticleAuthorDiv\" class=\"article-body-author\">Santiago Benjam\u00edn de la Cruz (Listin, 10-8-17)<\/div>\n<div id=\"ArticleBody\">\n<p>Hace seis a\u00f1os el sacerdote Elvin Taveras, acusado de asesinar al adolescente Fernelis Carri\u00f3n Savi\u00f1\u00f3n, fue asignado en la parroquia Santa Cecilia, ubicada en el residencial Los Rosales, Santo Domingo Este, para ofrecer la misa. Viv\u00eda frente a la iglesia, y su residencia era visitada constantemente por ni\u00f1os y adolescentes, todos de sexo masculino.<\/p>\n<p>Las visitas constantes de menores de edad a la residencia de Taveras, la cual es asignada por la iglesia para el sacerdote que ofrece las misas, nunca llam\u00f3 la atenci\u00f3n de los residentes en el residencial Los Rosales, quienes definen al sacerdote como un hombre alegre, tranquilo y amable con todos los residentes en esa zona.<\/p>\n<p>\u201cEl padre es una persona alegre y cari\u00f1osa. Se relacionaba mucho con ni\u00f1os y adolescentes, eso s\u00ed, que solo eran varones. A pesar de eso, todav\u00eda nos sorprende lo que est\u00e1 pasando. Todos hab\u00edamos visto que entraban ni\u00f1os y adolescentes a la casa, pero nunca pensamos nada malo\u201d, relat\u00f3 Juana.<\/p>\n<p>El sacerdote sal\u00eda en su veh\u00edculo y a veces llegaba con menores, \u201cpero solo eran varones. Si entraba una mujer era mayor, de esas que van a la iglesia\u201d.<\/p>\n<blockquote><p>\"Mi hijo mayor estaba en el preseminario para ser sacerdote y yo lo saqu\u00e9\", dice madre de Fernelis<\/p><\/blockquote>\n<p><strong>Ofrec\u00eda dulces a menores<\/strong><br \/>\nDe acuerdo con Juana, el sacerdote Taveras le ofrec\u00eda dulces a los ni\u00f1os y adolescentes de la zona con la finalidad de establecer una mejor confianza con ellos y llevarlos a la iglesia.<\/p>\n<p>\u201cEl sacerdote le ofrec\u00eda dulces a los ni\u00f1os. Lo vi en varias ocasiones y hasta lo hizo con mi hijo\u201d, revel\u00f3.<\/p>\n<p>Todav\u00eda sorprendida con lo que ha pasado, Juana revel\u00f3 que Taveras le ofreci\u00f3 en varias ocasiones dulces a su hijo menor de edad, y aunque a ella no le molest\u00f3, a su esposo s\u00ed.<\/p>\n<p>\u201cCuando mi esposo se enter\u00f3 que \u00e9l le dio dulces en varias ocasiones al ni\u00f1o, fue a su casa y le prohibi\u00f3 que volviera a ofrecerle dulces a nuestro hijo\u201d, precis\u00f3.<\/p>\n<p>Juana, quien asegur\u00f3 no conf\u00eda en la Iglesia Cat\u00f3lica, tanto por los casos de violaciones de sacerdotes a menores de edad que han ocurrido fuera del pa\u00eds como los locales, manifest\u00f3 que su esposo siempre est\u00e1 m\u00e1s alerta que ella.<\/p>\n<p>\u201cAl parecer mi esposo le vio algo extra\u00f1o a ese hombre y acert\u00f3. Mi hijo quer\u00eda estar con sus amiguitos visitando la iglesia y se lo prohibimos. Algo nos dijo que las cosas no andaban bien con ese hombre\u201d, indic\u00f3.<\/p>\n<p><strong>Taveras era amable<\/strong><br \/>\nJuan, tambi\u00e9n residente en el residencial Los Rosales, defini\u00f3 al sacerdote como un hombre tranquilo y amable con todas las personas que viven en la zona.<\/p>\n<p>\u201cLlegu\u00e9 a hacerle algunos trabajos en su casa y lo que pude percibir es que era una persona tranquila y que ayudaba a los dem\u00e1s\u201d, dijo.<\/p>\n<p>Manifest\u00f3 que todos los residentes en ese lugar est\u00e1n sorprendidos con la noticia de que el sacerdote violaba al adolescente de la iglesia y lo asesin\u00f3.<\/p>\n<p>\u201cNosotros por aqu\u00ed todav\u00eda no lo podemos creer. Las veces que habl\u00e9 con \u00e9l se mostr\u00f3 como un hombre muy religioso, creyente en Dios. Es dif\u00edcil creer que una persona as\u00ed haya violado por varios a\u00f1os a un menor y despu\u00e9s lo haya asesinado\u201d, dijo Juan.<\/p>\n<p>Expres\u00f3 que Elvin era el sacerdote asignado en esa parroquia para dar la misa.<\/p>\n<p>\u201cTen\u00eda unos seis a\u00f1os dando la misa y yo me sorprend\u00ed mucho cuando me enter\u00e9 de eso. A veces es hasta dif\u00edcil de creer\u201d, agreg\u00f3.<\/p>\n<p><strong>Sacerdotes deber\u00edan casarse<\/strong><br \/>\nCarlos consider\u00f3 que la Iglesia Cat\u00f3lica deber\u00eda permitir que los sacerdotes puedan casarse, para de esa manera evitar casos similares al de Fernelis.<\/p>\n<p>\u201cDeber\u00edan dejar que ellos se casaran. Creo que ese impedimento de poder tener relaciones sexuales es lo que los lleva a violar ni\u00f1os\u201d, dijo Carlos.<\/p>\n<p>Precis\u00f3 que el impedimento de la Iglesia de que los sacerdotes se puedan casar tambi\u00e9n les crea algunas enfermedades.<\/p>\n<p>\u201cNo es normal que todos los casos que se han hecho p\u00fablicos de sacerdotes violando menores, sea a varones. Hay que evitar que esas cosas vuelvan a pasar\u201d, apunt\u00f3.<\/p>\n<p><strong><br \/>\nHOY SE CONOCER\u00c1 LA MEDIDA DE COERCI\u00d3N AL ACUSADO<\/strong><\/p>\n<p><strong>Justicia continuar\u00e1 caso:\u00a0<\/strong>La Fiscal\u00eda de la Provincia de Santo Domingo solicit\u00f3 ayer un a\u00f1o de prisi\u00f3n preventiva en contra del suspendido cura Elvin Taveras, acusado de asesinar al adolescente Fernelis Carri\u00f3n Savi\u00f1\u00f3n, pero la audiencia fue aplazada y se conocer\u00e1 hoy a las 10:00 de la ma\u00f1ana.<\/p>\n<p>La solicitud de medida de coerci\u00f3n en contra del cura fue presentada por el fiscal adjunto Gilberto Castillo, por ante el juez del Juzgado de Atenci\u00f3n Permanente de esa jurisdicci\u00f3n, Julio Aybar.<\/p>\n<p>El aplazamiento se hizo a fin de dar oportunidad al imputado para que est\u00e9 representado por su abogado.<\/p>\n<p>El imputado a la salida del tribunal guard\u00f3 silencio y no quiso referirse a las acusaciones que le formula el Ministerio P\u00fablico, y fue conducido bajo estricta de medida de seguridad a la c\u00e1rcel de San Luis por agente de la Direcci\u00f3n Central de Investigaciones Criminales (DICRIM).<\/p>\n<p>Ayer, la Polic\u00eda Nacional confirm\u00f3 que el asesinato del adolescente ocurri\u00f3 de la manera que ha sido difundida en los medios de comunicaci\u00f3n, y que la continuidad del caso le corresponde al ministerio p\u00fablico.<\/p>\n<p>\u201cNo tenemos nada que decir. Ese caso ocurri\u00f3 tal como ha sido dise\u00f1ado en los medios de comunicaci\u00f3n\u201d, dijo el vocero policial, general Nelson Rosario.<\/p>\n<p>Entretanto, la Defensora del Pueblo, Zoila Mart\u00ednez, dijo que el caso del sacerdote Taveras ha removido los cimientos de la sociedad.<\/p>\n<p>Sostuvo que cuando una persona que est\u00e1 para predicar el evangelio, como los sacerdotes, se ve involucrada en ese tipo de hechos, se\u00a0 hace da\u00f1o a s\u00ed mismo, a la iglesia y a la feligres\u00eda, porque\u00a0 la gente pierde la fe.<\/p>\n<\/div>\n","protected":false},"excerpt":{"rendered":"<p>Santiago Benjam\u00edn de la Cruz (Listin, 10-8-17) Hace seis a\u00f1os el sacerdote Elvin Taveras, acusado de asesinar al adolescente Fernelis Carri\u00f3n Savi\u00f1\u00f3n, fue asignado en la parroquia Santa Cecilia, ubicada en el residencial Los Rosales, Santo Domingo Este, para ofrecer la misa. Viv\u00eda frente a la iglesia, y su residencia era visitada constantemente por ni\u00f1os [&hellip;]<\/p>\n","protected":false},"author":1,"featured_media":19737,"comment_status":"open","ping_status":"open","sticky":false,"template":"","format":"standard","meta":{"footnotes":""},"categories":[5,17],"tags":[],"class_list":["post-19736","post","type-post","status-publish","format-standard","has-post-thumbnail","hentry","category-nacionales","category-sociedad"],"_links":{"self":[{"href":"https:\/\/debateplural.net\/site\/wp-json\/wp\/v2\/posts\/19736"}],"collection":[{"href":"https:\/\/debateplural.net\/site\/wp-json\/wp\/v2\/posts"}],"about":[{"href":"https:\/\/debateplural.net\/site\/wp-json\/wp\/v2\/types\/post"}],"author":[{"embeddable":true,"href":"https:\/\/debateplural.net\/site\/wp-json\/wp\/v2\/users\/1"}],"replies":[{"embeddable":true,"href":"https:\/\/debateplural.net\/site\/wp-json\/wp\/v2\/comments?post=19736"}],"version-history":[{"count":1,"href":"https:\/\/debateplural.net\/site\/wp-json\/wp\/v2\/posts\/19736\/revisions"}],"predecessor-version":[{"id":19738,"href":"https:\/\/debateplural.net\/site\/wp-json\/wp\/v2\/posts\/19736\/revisions\/19738"}],"wp:featuredmedia":[{"embeddable":true,"href":"https:\/\/debateplural.net\/site\/wp-json\/wp\/v2\/media\/19737"}],"wp:attachment":[{"href":"https:\/\/debateplural.net\/site\/wp-json\/wp\/v2\/media?parent=19736"}],"wp:term":[{"taxonomy":"category","embeddable":true,"href":"https:\/\/debateplural.net\/site\/wp-json\/wp\/v2\/categories?post=19736"},{"taxonomy":"post_tag","embeddable":true,"href":"https:\/\/debateplural.net\/site\/wp-json\/wp\/v2\/tags?post=19736"}],"curies":[{"name":"wp","href":"https:\/\/api.w.org\/{rel}","templated":true}]}}