{"id":19851,"date":"2017-10-17T10:37:04","date_gmt":"2017-10-17T14:37:04","guid":{"rendered":"http:\/\/debateplural.com\/?p=19851"},"modified":"2017-10-17T10:37:04","modified_gmt":"2017-10-17T14:37:04","slug":"el-tribunal-constitucional-declara-nula-la-ley-del-referendum-en-cataluna","status":"publish","type":"post","link":"https:\/\/debateplural.net\/site\/2017\/10\/17\/el-tribunal-constitucional-declara-nula-la-ley-del-referendum-en-cataluna\/","title":{"rendered":"El Tribunal Constitucional declara nula la Ley del Refer\u00e9ndum en Catalu\u00f1a"},"content":{"rendered":"<p>El Tribunal Constitucional\u00a0<strong>ha anulado este martes por unanimidad la Ley del Refer\u00e9ndum catal\u00e1n<\/strong>, que hasta ahora se hallaba suspendida cautelarmente.\u00a0El portavoz del Gobierno catal\u00e1n, Jordi Turull, ha manifestado, no obstante, que \"el mandato del refer\u00e9ndum sigue\".<\/p>\n<p>En la sentencia se hace expl\u00edcito que \"la Ley impugnada supone\u00a0<strong>una de las mayores afrentas a la Constituci\u00f3n espa\u00f1ola<\/strong>\u00a0que por parte de un Parlamento auton\u00f3mico puede concebirse en un Estado democr\u00e1tico y de derecho\", y se\u00a0detalla que\u00a0la norma anulada \"parte de una pretendida soberan\u00eda del pueblo catal\u00e1n y atenta por ello\u00a0<strong>contra el principio de soberan\u00eda nacional, la indisoluble unidad de la Naci\u00f3n espa\u00f1ola<\/strong>\u00a0y el sistema democr\u00e1tico y el Estado de derecho consagrados en la Constituci\u00f3n\".<\/p>\n<p>El texto tambi\u00e9n pone de manifiesto\u00a0que durante la tramitaci\u00f3n parlamentaria de la ley el Parlament incurri\u00f3 \"en muy graves quiebras del procedimiento legislativo\",\u00a0<strong>que afectaron a la formaci\u00f3n de la voluntad de la C\u00e1mara, a los derechos de las minor\u00edas y a los derechos fundamentales de todos los ciudadanos<\/strong>\u00a0a participar en los asuntos p\u00fablicos mediante representantes. Se refiere a la sesi\u00f3n del pleno parlamentario del d\u00eda 6 de septiembre, en la que los grupos de la oposici\u00f3n denunciaron varias vulneraciones de sus derechos.<\/p>\n<p>El Tribunal Constitucional tambi\u00e9n recuerda que \"el derecho de libre autodeterminaci\u00f3n\" de los pueblos que proclaman el Pacto Internacional de Derechos Civiles y Pol\u00edticos y el Pacto de Derechos Econ\u00f3micos y Sociales (ambos suscritos por Espa\u00f1a) ha quedado limitado en \"diversas resoluciones inequ\u00edvocas de las Naciones Unidas\" a\u00a0<strong>los casos de \"sujeci\u00f3n de pueblos a una subyugaci\u00f3n, dominaci\u00f3n y explotaci\u00f3n extranjeras<\/strong>\".<\/p>\n<p>Esta\u00a0sentencia es el segundo gran golpe jur\u00eddico que recibe hoy el independentismo catal\u00e1n, tras la\u00a0condena a prisi\u00f3n\u00a0de dos de sus representantes,\u00a0los presidentes de la Asamblea Nacional Catalana (ANC) y \u00d2mnium Cultural, Jordi S\u00e0nchez y Jordi Cuixart, respectivamente<\/p>\n","protected":false},"excerpt":{"rendered":"<p>El Tribunal Constitucional\u00a0ha anulado este martes por unanimidad la Ley del Refer\u00e9ndum catal\u00e1n, que hasta ahora se hallaba suspendida cautelarmente.\u00a0El portavoz del Gobierno catal\u00e1n, Jordi Turull, ha manifestado, no obstante, que \"el mandato del refer\u00e9ndum sigue\". En la sentencia se hace expl\u00edcito que \"la Ley impugnada supone\u00a0una de las mayores afrentas a la Constituci\u00f3n espa\u00f1ola\u00a0que [&hellip;]<\/p>\n","protected":false},"author":1,"featured_media":19567,"comment_status":"open","ping_status":"open","sticky":false,"template":"","format":"standard","meta":{"footnotes":""},"categories":[14,12],"tags":[],"class_list":["post-19851","post","type-post","status-publish","format-standard","has-post-thumbnail","hentry","category-internacionales","category-politica-3"],"_links":{"self":[{"href":"https:\/\/debateplural.net\/site\/wp-json\/wp\/v2\/posts\/19851"}],"collection":[{"href":"https:\/\/debateplural.net\/site\/wp-json\/wp\/v2\/posts"}],"about":[{"href":"https:\/\/debateplural.net\/site\/wp-json\/wp\/v2\/types\/post"}],"author":[{"embeddable":true,"href":"https:\/\/debateplural.net\/site\/wp-json\/wp\/v2\/users\/1"}],"replies":[{"embeddable":true,"href":"https:\/\/debateplural.net\/site\/wp-json\/wp\/v2\/comments?post=19851"}],"version-history":[{"count":1,"href":"https:\/\/debateplural.net\/site\/wp-json\/wp\/v2\/posts\/19851\/revisions"}],"predecessor-version":[{"id":19852,"href":"https:\/\/debateplural.net\/site\/wp-json\/wp\/v2\/posts\/19851\/revisions\/19852"}],"wp:featuredmedia":[{"embeddable":true,"href":"https:\/\/debateplural.net\/site\/wp-json\/wp\/v2\/media\/19567"}],"wp:attachment":[{"href":"https:\/\/debateplural.net\/site\/wp-json\/wp\/v2\/media?parent=19851"}],"wp:term":[{"taxonomy":"category","embeddable":true,"href":"https:\/\/debateplural.net\/site\/wp-json\/wp\/v2\/categories?post=19851"},{"taxonomy":"post_tag","embeddable":true,"href":"https:\/\/debateplural.net\/site\/wp-json\/wp\/v2\/tags?post=19851"}],"curies":[{"name":"wp","href":"https:\/\/api.w.org\/{rel}","templated":true}]}}