{"id":2007,"date":"2015-11-14T13:03:33","date_gmt":"2015-11-14T13:03:33","guid":{"rendered":"http:\/\/debateplural.com\/?p=2007"},"modified":"2015-11-14T13:03:33","modified_gmt":"2015-11-14T13:03:33","slug":"viernes-sangriento-160-muertos-en-varios-atentados","status":"publish","type":"post","link":"https:\/\/debateplural.net\/site\/2015\/11\/14\/viernes-sangriento-160-muertos-en-varios-atentados\/","title":{"rendered":"Viernes sangriento: 130 muertos en varios atentados"},"content":{"rendered":"<div id=\"attachment_2008\" style=\"width: 690px\" class=\"wp-caption aligncenter\"><img loading=\"lazy\" decoding=\"async\" aria-describedby=\"caption-attachment-2008\" class=\"size-full wp-image-2008\" src=\"https:\/\/debateplural.files.wordpress.com\/2015\/11\/atentado-en-francia.jpeg\" alt=\"Atentado en Francia\" width=\"680\" height=\"428\" \/><p id=\"caption-attachment-2008\" class=\"wp-caption-text\">Atentado en Francia<\/p><\/div>\n<p style=\"text-align:justify;\">Al menos 160 personas murieron en m\u00faltiples ataques terroristas en Par\u00eds y cerca del estadio de <a href=\"http:\/\/localhost\/debateplural\/tag\/francia\">Francia <\/a>en el norte de la capital, donde la mayor cantidad de fallecidos ocurri\u00f3 tras una toma de rehenes en el teatro Batacl\u00e1n, indic\u00f3 la polic\u00eda francesa.<\/p>\n<p style=\"text-align:justify;\">Seg\u00fan el primer balance de la Prefectura de Polic\u00eda de Par\u00eds, varias personas murieron en las tres explosiones que tuvieron lugar en el sector del estadio de Francia donde se llevaba a cabo un partido amistoso entre Francia y <a href=\"http:\/\/localhost\/debateplural\/tag\/alemania\">Alemania <\/a>con la presencia del presidente Fracois Hollande.\u00a0<!--more--><\/p>\n<p style=\"text-align:justify;\">Otras 100 murieron en principio, dentro del sal\u00f3n de espect\u00e1culos Bataclan, donde ocurri\u00f3 una toma de rehenes, seg\u00fan las autoridades, que finaliz\u00f3 con la muerte de dos terroristas. Seg\u00fan relataron testigos, los terroristas dispararon durante aproximadamente diez minutos con ametralladoras Kalashnikov en la sala de conciertos y al parecer ya hay varios muertos.<\/p>\n<p style=\"text-align:justify;\">Un periodista que se encontraba en la sala de conciertos se\u00f1al\u00f3 que hombres vestidos de negro y la cara descubierta disparaban indiscriminadamente a su alrededor. El reportero, quien logr\u00f3 huir del auditorio, dijo que al salir vio al menos 20 cad\u00e1veres y una gran cantidad de heridos. La cadena de televisi\u00f3n TF1 dijo que hasta 35 personas murieron cerca del estadio de f\u00fatbol, incluyendo dos suicidas sospechosos de portar las bombas, en el barrio de Saint Denis, en el zona norte de Par\u00eds. \u201cAl\u00e1 es el m\u00e1s grande\u201d, gritaron los autores.<\/p>\n<p style=\"text-align:justify;\">M\u00e1s de un centenar de personas han muerto en una cadena de atentados simult\u00e1neos cometidos en diversos puntos del centro de Par\u00eds y en las inmediaciones del Estadio de Francia, donde se disputaba el partido de f\u00fatbol amistoso entre el seleccionado franc\u00e9s y Alemania. De forma casi simult\u00e1nea, seis ataques golpearon la noche de la capital francesa, con sus bares y terrazas llenas de gente gracias a las suaves temperaturas y al comienzo del fin de semana.<\/p>\n<p style=\"text-align:justify;\">En el este de la ciudad, junto al canal de Saint Martin, dos hombres a cara descubierta, seg\u00fan testimonios recogidos por Efe, abrieron fuego con armas autom\u00e1ticas en torno a las 21.30 (20.30 GMT) sobre los clientes del bar \u201cPetite Cambodge\u201d.<\/p>\n<p style=\"text-align:justify;\">Despu\u00e9s continuaron su recorrido disparando \u201ca quemarropa\u201d contra otros locales de ocio, como el bar \u201cBonne Biere\u201d, dijo a Efe el due\u00f1o de un caf\u00e9 cercano. Pocos minutos m\u00e1s tarde, al menos dos hombres (se desconoce a\u00fan si se trata de los mismos) irrumpieron gritando \u201cAl\u00e1 es el m\u00e1s grande\u201d en la sala de conciertos Bataclan, un lugar legendario de la escena musical parisina, y tomaron como rehenes a los espectadores presentes.<\/p>\n<p style=\"text-align:justify;\">Poco despu\u00e9s de la medianoche, unas r\u00e1fagas de disparos y varias detonaciones anunciaron el asalto de las fuerzas especiales de la polic\u00eda sobre el lugar. Simult\u00e1neamente, se produjeron tres explosiones en las inmediaciones del Estadio de Francia (situado al norte de la capital francesa) mientras de disputaba el partido amistoso entre Francia y Alemania, al que asist\u00eda el propio Hollande, quien fue evacuado por los servicios de seguridad.<\/p>\n<p style=\"text-align:justify;\"><strong>YIHADISTAS CELEBRAN TRAGEDIA EN PAR\u00cdS<br \/>\nTerroristas festejan en las redes<\/strong><\/p>\n<p style=\"text-align:justify;\">Cuentas en Twitter vinculadas con yihadistas est\u00e1n celebrando los atentados en Par\u00eds. De acuerdo con el Grupo de Inteligencia SITE que rastrea los sitios de extremistas, mensajes en Twitter atribuidos a partidarios de yihadistas est\u00e1n especulando qu\u00e9 grupo podr\u00eda ser el responsable. Muchos usuarios expresaron su alivio de que el Estado Isl\u00e1mico pudiera estar detr\u00e1s de la masacre.<\/p>\n<p style=\"text-align:justify;\">Usaron hashtags en \u00e1rabe que pueden traducirse como \u201cPar\u00eds en llamas\u201d y \u201cEstado del Califato ataca a Francia\u201d.<\/p>\n<p style=\"text-align:justify;\"><strong>Estado de emergencia<\/strong><\/p>\n<p style=\"text-align:justify;\">Helic\u00f3pteros de la polic\u00eda sobrevolaban el estadio mientras Hollande era llevado al Ministerio del Interior para atender la situaci\u00f3n.<\/p>\n<p style=\"text-align:justify;\">Hollande convoc\u00f3 a una reuni\u00f3n de emergencia de su gabinete, con el primer ministro Manuel Valls y el titular de Interior, Bernard Cazeneuve, para hacer balance sobre los tiroteos y explosiones ocurridos hoy en diversos sitios de Par\u00eds.<\/p>\n<p style=\"text-align:justify;\"><strong>\u201cNo salgan de sus casas\u201d<\/strong><\/p>\n<p style=\"text-align:justify;\">En tanto, el Ayuntamiento de Par\u00eds pidi\u00f3 a todos los ciudadanos que no salgan de sus casas \u201ca la espera de las instrucciones de las autoridades\u201d, a trav\u00e9s de su cuenta de Twitter, ante los atentados registrados en la ciudad.<\/p>\n<p style=\"text-align:justify;\">Los ataques con armas de fuego y bombas ocurren cuando el pa\u00eds, uno de los fundadores de la coalici\u00f3n contra el <a href=\"http:\/\/localhost\/debateplural\/tag\/estado-islamico\">Estado Isl\u00e1mico<\/a> que encabeza Estados Unidos, estaba en estado de alerta antes de una conferencia mundial sobre el clima que se inaugura a fin de mes.<\/p>\n<p style=\"text-align:justify;\">\u00a0<strong>\u201cFrancia no tendr\u00e1 piedad\u201d<\/strong><\/p>\n<p style=\"text-align:justify;\">El presidente de la Rep\u00fablica Francesa, Francois Hollande, en mensaje a la Naci\u00f3n esta noche dispuso el estado de emergencia, toque de queda y cierre de la frontera tras los tiroteos producidos en Par\u00eds y las tres explosiones cerca del Stade de France.<\/p>\n<p style=\"text-align:justify;\">\u201cHe pedido que haya consejo de ministros: estado de urgencia decretado, algunos lugares ser\u00e1n clausurados, el tr\u00e1fico podr\u00eda ser prohibido y habr\u00e1 algunas pesquisas en el centro de Par\u00eds.<\/p>\n<p style=\"text-align:justify;\">Tambi\u00e9n el cierre de las fronteras\u201d, dijo el mandatario franc\u00e9s en mensaje a su pa\u00eds.<\/p>\n<p style=\"text-align:justify;\">Por otro lado dej\u00f3 entrever que ya conoc\u00edan al enemigo, que ellos est\u00e1n seguros de d\u00f3nde ven\u00edan esos ataques. Sesionar\u00e1 el Consejo de Ministros toda la madrugada para monitorear el operativo que busca a los terroristas responsables.<\/p>\n<p style=\"text-align:justify;\">Esta es una prueba terrible que una vez m\u00e1s nos pone en dificultades.<\/p>\n<p style=\"text-align:justify;\">Sabemos de d\u00f3nde vienen, qui\u00e9nes son ellos, qui\u00e9nes son esos terroristas\u201d, expres\u00f3.<\/p>\n","protected":false},"excerpt":{"rendered":"<p>Al menos 160 personas murieron en m\u00faltiples ataques terroristas en Par\u00eds y cerca del estadio de Francia en el norte de la capital, donde la mayor cantidad de fallecidos ocurri\u00f3 tras una toma de rehenes en el teatro Batacl\u00e1n, indic\u00f3 la polic\u00eda francesa. Seg\u00fan el primer balance de la Prefectura de Polic\u00eda de Par\u00eds, varias [&hellip;]<\/p>\n","protected":false},"author":1,"featured_media":0,"comment_status":"open","ping_status":"open","sticky":false,"template":"","format":"standard","meta":{"footnotes":""},"categories":[14],"tags":[7,54,9],"class_list":["post-2007","post","type-post","status-publish","format-standard","hentry","category-internacionales","tag-alemania","tag-estado-islamico","tag-francia"],"_links":{"self":[{"href":"https:\/\/debateplural.net\/site\/wp-json\/wp\/v2\/posts\/2007"}],"collection":[{"href":"https:\/\/debateplural.net\/site\/wp-json\/wp\/v2\/posts"}],"about":[{"href":"https:\/\/debateplural.net\/site\/wp-json\/wp\/v2\/types\/post"}],"author":[{"embeddable":true,"href":"https:\/\/debateplural.net\/site\/wp-json\/wp\/v2\/users\/1"}],"replies":[{"embeddable":true,"href":"https:\/\/debateplural.net\/site\/wp-json\/wp\/v2\/comments?post=2007"}],"version-history":[{"count":0,"href":"https:\/\/debateplural.net\/site\/wp-json\/wp\/v2\/posts\/2007\/revisions"}],"wp:attachment":[{"href":"https:\/\/debateplural.net\/site\/wp-json\/wp\/v2\/media?parent=2007"}],"wp:term":[{"taxonomy":"category","embeddable":true,"href":"https:\/\/debateplural.net\/site\/wp-json\/wp\/v2\/categories?post=2007"},{"taxonomy":"post_tag","embeddable":true,"href":"https:\/\/debateplural.net\/site\/wp-json\/wp\/v2\/tags?post=2007"}],"curies":[{"name":"wp","href":"https:\/\/api.w.org\/{rel}","templated":true}]}}