{"id":20077,"date":"2017-10-26T12:00:39","date_gmt":"2017-10-26T16:00:39","guid":{"rendered":"http:\/\/debateplural.com\/?p=20077"},"modified":"2017-10-26T12:00:39","modified_gmt":"2017-10-26T16:00:39","slug":"puigdemont-descarta-convocar-elecciones-anticipadas-en-cataluna","status":"publish","type":"post","link":"https:\/\/debateplural.net\/site\/2017\/10\/26\/puigdemont-descarta-convocar-elecciones-anticipadas-en-cataluna\/","title":{"rendered":"Puigdemont descarta convocar elecciones anticipadas en Catalu\u00f1a"},"content":{"rendered":"<p>El presidente del Gobierno de Catalu\u00f1a, Carles\u00a0Puigdemont, descart\u00f3 este jueves la convocatoria a elecciones anticipadas ya que \"no se dan las condiciones\".<\/p>\n<p>En una\u00a0comparecencia en el Palau de la Generalitat, el presidente catal\u00e1n Carles Puigdemont explica la reacci\u00f3n oficial del su gobierno ante\u00a0las medidas\u00a0con las que el Ejecutivo de Mariano Rajoy pretende aplicar el art\u00edculo 155 de la Constituci\u00f3n.<\/p>\n<p>Puigdemont decidi\u00f3 que \"la mayor\u00eda (del Parlament) determine\" c\u00f3mo reaccionar ante la aplicaci\u00f3n del art\u00edculo 155 de la Constituci\u00f3n, porque no ha conseguido del Gobierno garant\u00edas para convocar elecciones con normalidad, ha dicho en alusi\u00f3n a que no se aplicara el 155.<\/p>\n<p>El funcionario catal\u00e1n asegur\u00f3 que ha querido agotar todas las v\u00edas para una soluci\u00f3n dialogada para un conflicto pol\u00edtico.<\/p>\n<p>\"He estado dispuesto a convocar estas elecciones\" con garant\u00edas para que se hagan con normalidad pero afirma que ha sido imposible, y ha dicho que no puede aceptar las medidas anunciadas por el Gobierno central, indic\u00f3 Puigdemont.<\/p>\n<p>En horas de la ma\u00f1ana, parec\u00eda confirmarse la convocatoria de elecciones auton\u00f3micas, y de anunciarse en una declaraci\u00f3n institucional a mediod\u00eda. Pero tras un primer retraso de una hora en su comparecencia, finalmente\u00a0qued\u00f3 suspendida.<\/p>\n<p>Al mismo tiempo, la vicepresidenta Soraya S\u00e1enz de Santamar\u00eda defiende en el Senado las medidas con las que su gobierno tiene previsto aplicar el art\u00edculo 155.<\/p>\n","protected":false},"excerpt":{"rendered":"<p>El presidente del Gobierno de Catalu\u00f1a, Carles\u00a0Puigdemont, descart\u00f3 este jueves la convocatoria a elecciones anticipadas ya que \"no se dan las condiciones\". En una\u00a0comparecencia en el Palau de la Generalitat, el presidente catal\u00e1n Carles Puigdemont explica la reacci\u00f3n oficial del su gobierno ante\u00a0las medidas\u00a0con las que el Ejecutivo de Mariano Rajoy pretende aplicar el art\u00edculo [&hellip;]<\/p>\n","protected":false},"author":1,"featured_media":19776,"comment_status":"open","ping_status":"open","sticky":false,"template":"","format":"standard","meta":{"footnotes":""},"categories":[14,12],"tags":[],"class_list":["post-20077","post","type-post","status-publish","format-standard","has-post-thumbnail","hentry","category-internacionales","category-politica-3"],"_links":{"self":[{"href":"https:\/\/debateplural.net\/site\/wp-json\/wp\/v2\/posts\/20077"}],"collection":[{"href":"https:\/\/debateplural.net\/site\/wp-json\/wp\/v2\/posts"}],"about":[{"href":"https:\/\/debateplural.net\/site\/wp-json\/wp\/v2\/types\/post"}],"author":[{"embeddable":true,"href":"https:\/\/debateplural.net\/site\/wp-json\/wp\/v2\/users\/1"}],"replies":[{"embeddable":true,"href":"https:\/\/debateplural.net\/site\/wp-json\/wp\/v2\/comments?post=20077"}],"version-history":[{"count":1,"href":"https:\/\/debateplural.net\/site\/wp-json\/wp\/v2\/posts\/20077\/revisions"}],"predecessor-version":[{"id":20078,"href":"https:\/\/debateplural.net\/site\/wp-json\/wp\/v2\/posts\/20077\/revisions\/20078"}],"wp:featuredmedia":[{"embeddable":true,"href":"https:\/\/debateplural.net\/site\/wp-json\/wp\/v2\/media\/19776"}],"wp:attachment":[{"href":"https:\/\/debateplural.net\/site\/wp-json\/wp\/v2\/media?parent=20077"}],"wp:term":[{"taxonomy":"category","embeddable":true,"href":"https:\/\/debateplural.net\/site\/wp-json\/wp\/v2\/categories?post=20077"},{"taxonomy":"post_tag","embeddable":true,"href":"https:\/\/debateplural.net\/site\/wp-json\/wp\/v2\/tags?post=20077"}],"curies":[{"name":"wp","href":"https:\/\/api.w.org\/{rel}","templated":true}]}}