{"id":20097,"date":"2017-10-27T10:29:00","date_gmt":"2017-10-27T14:29:00","guid":{"rendered":"http:\/\/debateplural.com\/?p=20097"},"modified":"2017-10-27T10:29:00","modified_gmt":"2017-10-27T14:29:00","slug":"parlament-declara-independencia-de-cataluna","status":"publish","type":"post","link":"https:\/\/debateplural.net\/site\/2017\/10\/27\/parlament-declara-independencia-de-cataluna\/","title":{"rendered":"Parlament declara independencia de Catalu\u00f1a"},"content":{"rendered":"<p>El Parlament\u00a0declar\u00f3 este viernes la independencia de Catalu\u00f1a, tras obtener uun total de 72 votos a favor por parte de los miembros del organismo.<\/p>\n<p>Luego de la resoluci\u00f3n registrada por los partidos catalanes Juntos por el S\u00ed (JustxS\u00ed) y la Candidatura de Unidad Popular (CUP), entregada esta ma\u00f1ana, con el objetivo de declarar a Catalu\u00f1a como Estado independendiente y soberano, el\u00a0Parlament vot\u00f3\u00a0para decidir sobre la situaci\u00f3n catalana.<\/p>\n<p>Un total de 72 parlamentarios votaron a favor de la independencia, mientras que diez votaron en contra y hubo dos papeletas en blanco.<\/p>\n<p>Otra de las solicitudes de CUP y JustxS\u00ed fue que entre en vigencia la Ley de transitoriedad jur\u00eddica y fundacional de la Rep\u00fablica, dos decretos que fueron suspendidos por el Tribunal Constitucional espa\u00f1ol.<\/p>\n<p><strong>Intervenciones en el Parlament<\/strong><\/p>\n<p>La portavoz del partido Socialista de Catalu\u00f1a (PSC), Eva Granados, se\u00f1al\u00f3 que se est\u00e1 realizando una estrategia pagada con el dinero de todos para involucrar odio hacia los dem\u00e1s territorios de Espa\u00f1a.<\/p>\n<p>Mientras que la diputada de Catalu\u00f1a S\u00ed que es pot, Marta Ribas, denunci\u00f3 que se est\u00e1s perpetrando dos barbaridades, \u00a0una \u201cel art\u00edculo 155, que impactar\u00e1 la soberan\u00eda, ciudadan\u00eda y econom\u00eda, sin resolver nada, y por otro lado la declaraci\u00f3n unilateral de la independencia\u201d.<\/p>\n<p>\u201cEs un grave error que planteen la declaraci\u00f3n unilateral de independencia para responder al art\u00edculo 155. La DUI no protege ni proteger\u00e1 del 155\u201d, alert\u00f3 Ribas.<\/p>\n<p>Contrarrestando la opini\u00f3n de la representante de Catalu\u00f1a S\u00cd que es Pot, el diputado de la CUP Carles Riera, afirm\u00f3 que el parlament debe declarar la independencia catalana, \u201ces el mandato del 1 de octubre\u201d.<\/p>\n<p>&nbsp;<\/p>\n","protected":false},"excerpt":{"rendered":"<p>El Parlament\u00a0declar\u00f3 este viernes la independencia de Catalu\u00f1a, tras obtener uun total de 72 votos a favor por parte de los miembros del organismo. Luego de la resoluci\u00f3n registrada por los partidos catalanes Juntos por el S\u00ed (JustxS\u00ed) y la Candidatura de Unidad Popular (CUP), entregada esta ma\u00f1ana, con el objetivo de declarar a Catalu\u00f1a [&hellip;]<\/p>\n","protected":false},"author":1,"featured_media":20098,"comment_status":"open","ping_status":"open","sticky":false,"template":"","format":"standard","meta":{"footnotes":""},"categories":[14,12],"tags":[],"class_list":["post-20097","post","type-post","status-publish","format-standard","has-post-thumbnail","hentry","category-internacionales","category-politica-3"],"_links":{"self":[{"href":"https:\/\/debateplural.net\/site\/wp-json\/wp\/v2\/posts\/20097"}],"collection":[{"href":"https:\/\/debateplural.net\/site\/wp-json\/wp\/v2\/posts"}],"about":[{"href":"https:\/\/debateplural.net\/site\/wp-json\/wp\/v2\/types\/post"}],"author":[{"embeddable":true,"href":"https:\/\/debateplural.net\/site\/wp-json\/wp\/v2\/users\/1"}],"replies":[{"embeddable":true,"href":"https:\/\/debateplural.net\/site\/wp-json\/wp\/v2\/comments?post=20097"}],"version-history":[{"count":1,"href":"https:\/\/debateplural.net\/site\/wp-json\/wp\/v2\/posts\/20097\/revisions"}],"predecessor-version":[{"id":20099,"href":"https:\/\/debateplural.net\/site\/wp-json\/wp\/v2\/posts\/20097\/revisions\/20099"}],"wp:featuredmedia":[{"embeddable":true,"href":"https:\/\/debateplural.net\/site\/wp-json\/wp\/v2\/media\/20098"}],"wp:attachment":[{"href":"https:\/\/debateplural.net\/site\/wp-json\/wp\/v2\/media?parent=20097"}],"wp:term":[{"taxonomy":"category","embeddable":true,"href":"https:\/\/debateplural.net\/site\/wp-json\/wp\/v2\/categories?post=20097"},{"taxonomy":"post_tag","embeddable":true,"href":"https:\/\/debateplural.net\/site\/wp-json\/wp\/v2\/tags?post=20097"}],"curies":[{"name":"wp","href":"https:\/\/api.w.org\/{rel}","templated":true}]}}