{"id":20139,"date":"2017-10-28T11:22:11","date_gmt":"2017-10-28T15:22:11","guid":{"rendered":"http:\/\/debateplural.com\/?p=20139"},"modified":"2017-10-28T11:22:11","modified_gmt":"2017-10-28T15:22:11","slug":"carles-puigdemont-dice-que-seguira-trabajando-para-construir-un-pais-libre","status":"publish","type":"post","link":"https:\/\/debateplural.net\/site\/2017\/10\/28\/carles-puigdemont-dice-que-seguira-trabajando-para-construir-un-pais-libre\/","title":{"rendered":"Carles Puigdemont dice que seguir\u00e1 trabajando \"para construir un pa\u00eds libre\""},"content":{"rendered":"<p>Carles Puigdemont, reci\u00e9n destituido como jefe del Govern, ha ofrecido una comparecencia institucional grabada para explicar cu\u00e1l es su postura frente a las medidas acordadas por el Gobierno de Espa\u00f1a en virtud del art\u00edculo 155 de la Constituci\u00f3n. En su discurso ha se\u00f1alado que su intenci\u00f3n es trabajar \"para construir un pa\u00eds libre\".<\/p>\n<p>Aunque no se ha referido expl\u00edcitamente a la convocatoria de elecciones anunciada este viernes por el presidente del Gobierno de Espa\u00f1a, Mariano Rajoy, al amparo del art\u00edculo 155 de la Constituci\u00f3n, s\u00ed ha dejado claro que se opone a las medidas aplicadas por el Gobierno de Espa\u00f1a, y ha solicitado a los catalanes que lleven a cabo tambi\u00e9n una \"oposici\u00f3n democr\u00e1tica\".<\/p>\n<p>El presidente destituido de la Generalitat ha recordado al Gobierno de Espa\u00f1a que \"en una sociedad democr\u00e1tica son los Parlamentos los que eligen o destituyen a los presidentes\".<\/p>\n<p>Puigdemont ha instado a la sociedad catalana a tener\u00a0<strong>\"paciencia, perseverancia y perspectiva\"<\/strong>\u00a0y \"en ning\u00fan momento abandonar una conducta c\u00edvica y pac\u00edfica\".<\/p>\n<p>\"Seguiremos trabajando para construir un pa\u00eds libre, para garantizar una sociedad que tenga menos injusticias, m\u00e1s igualdad, m\u00e1s solidaridad y m\u00e1s fraternidad con todos los pueblos del mundo empezando por los pueblos de Espa\u00f1a\", asegur\u00f3 Puigdemont, que tambi\u00e9n hizo el llamamiento de\u00a0<strong>abstenerse de toda la violencia e insultos<\/strong>, y de mostrar respeto hacia \"personas y s\u00edmbolos, y a aquellos que no est\u00e1n de acuerdo con la mayor\u00eda parlamentaria\".<\/p>\n<p>Este viernes Catalu\u00f1a finalmente\u00a0ha proclamado su\u00a0independencia, pero Rajoy\u00a0anunci\u00f3\u00a0que el Parlamento regional queda disuelto y que el presidente catal\u00e1n, y todo su\u00a0Gabinete, son destituidos. Este s\u00e1bado, Rajoy\u00a0ha delegado\u00a0en su vicepresidenta,\u00a0Soraya S\u00e1enz de Santamar\u00eda,\u00a0las funciones correspondientes al presidente y al vicepresidente de la Generalitat de Catalu\u00f1a.<\/p>\n","protected":false},"excerpt":{"rendered":"<p>Carles Puigdemont, reci\u00e9n destituido como jefe del Govern, ha ofrecido una comparecencia institucional grabada para explicar cu\u00e1l es su postura frente a las medidas acordadas por el Gobierno de Espa\u00f1a en virtud del art\u00edculo 155 de la Constituci\u00f3n. En su discurso ha se\u00f1alado que su intenci\u00f3n es trabajar \"para construir un pa\u00eds libre\". Aunque no [&hellip;]<\/p>\n","protected":false},"author":1,"featured_media":19776,"comment_status":"open","ping_status":"open","sticky":false,"template":"","format":"standard","meta":{"footnotes":""},"categories":[14,12],"tags":[],"class_list":["post-20139","post","type-post","status-publish","format-standard","has-post-thumbnail","hentry","category-internacionales","category-politica-3"],"_links":{"self":[{"href":"https:\/\/debateplural.net\/site\/wp-json\/wp\/v2\/posts\/20139"}],"collection":[{"href":"https:\/\/debateplural.net\/site\/wp-json\/wp\/v2\/posts"}],"about":[{"href":"https:\/\/debateplural.net\/site\/wp-json\/wp\/v2\/types\/post"}],"author":[{"embeddable":true,"href":"https:\/\/debateplural.net\/site\/wp-json\/wp\/v2\/users\/1"}],"replies":[{"embeddable":true,"href":"https:\/\/debateplural.net\/site\/wp-json\/wp\/v2\/comments?post=20139"}],"version-history":[{"count":1,"href":"https:\/\/debateplural.net\/site\/wp-json\/wp\/v2\/posts\/20139\/revisions"}],"predecessor-version":[{"id":20140,"href":"https:\/\/debateplural.net\/site\/wp-json\/wp\/v2\/posts\/20139\/revisions\/20140"}],"wp:featuredmedia":[{"embeddable":true,"href":"https:\/\/debateplural.net\/site\/wp-json\/wp\/v2\/media\/19776"}],"wp:attachment":[{"href":"https:\/\/debateplural.net\/site\/wp-json\/wp\/v2\/media?parent=20139"}],"wp:term":[{"taxonomy":"category","embeddable":true,"href":"https:\/\/debateplural.net\/site\/wp-json\/wp\/v2\/categories?post=20139"},{"taxonomy":"post_tag","embeddable":true,"href":"https:\/\/debateplural.net\/site\/wp-json\/wp\/v2\/tags?post=20139"}],"curies":[{"name":"wp","href":"https:\/\/api.w.org\/{rel}","templated":true}]}}