{"id":20236,"date":"2017-11-01T12:57:19","date_gmt":"2017-11-01T16:57:19","guid":{"rendered":"http:\/\/debateplural.com\/?p=20236"},"modified":"2017-11-01T12:57:19","modified_gmt":"2017-11-01T16:57:19","slug":"conversatorio-hoy-en-la-uasd-sobre-el-pensamiento-de-bono","status":"publish","type":"post","link":"https:\/\/debateplural.net\/site\/2017\/11\/01\/conversatorio-hoy-en-la-uasd-sobre-el-pensamiento-de-bono\/","title":{"rendered":"Conversatorio hoy en la UASD sobre el pensamiento de Bon\u00f3"},"content":{"rendered":"<p>Por: Angel Moreta (Autor-Editor)<\/p>\n<p>A las 4 de la tarde del d\u00eda de hoy 1ro de noviembre 2017, en la Biblioteca Pedro Mir de la Universidad Aut\u00f3noma de Santo Domingo (UASD), se celebrar\u00e1 un interesante conversatorio sobre el pensamiento social de Pedro Francisco Bon\u00f3 (1828-1906), a la cual han sido invitados profesores-investigadores, estudiantes de Ciencias Sociales e Hist\u00f3ricas, y todo p\u00fablico interesado.<\/p>\n<p>Las invitaciones est\u00e1n circulando por parte del Decanato de la Facultad de Humanidades y del Instituto de Investigaciones Filos\u00f3ficas de dicha entidad, y se realizar\u00e1 en el Sal\u00f3n de Orientaci\u00f3n de la Biblioteca Central Pedro Mir.<\/p>\n<p>En el conversatorio expondr\u00e1n los maestros Frank Acosta, quien har\u00e1 la presentaci\u00f3n del debate; Orlando Objio y Julio Minaya, ambos profesores-investigadores sobre el pensamiento social de Pedro Francisco Bon\u00f3 y son autores de sendas obras sobre dicho pensador e intelectual dominicano.<\/p>\n<p>Invitamos a todos los interesados a asistir al importante conversatorio, que ha sido organizado por el se\u00f1or Decano de la Facultad de Humanidades, Maestro Ram\u00f3n Rodr\u00edguez y el Director del Instituto de Investigaciones Filos\u00f3ficas, Maestro Angel Moreta, profesor-investigador de la Facultad de Humanidades de la UASD.<\/p>\n","protected":false},"excerpt":{"rendered":"<p>Por: Angel Moreta (Autor-Editor) A las 4 de la tarde del d\u00eda de hoy 1ro de noviembre 2017, en la Biblioteca Pedro Mir de la Universidad Aut\u00f3noma de Santo Domingo (UASD), se celebrar\u00e1 un interesante conversatorio sobre el pensamiento social de Pedro Francisco Bon\u00f3 (1828-1906), a la cual han sido invitados profesores-investigadores, estudiantes de Ciencias [&hellip;]<\/p>\n","protected":false},"author":2,"featured_media":20237,"comment_status":"open","ping_status":"open","sticky":false,"template":"","format":"standard","meta":{"footnotes":""},"categories":[18,5],"tags":[],"class_list":["post-20236","post","type-post","status-publish","format-standard","has-post-thumbnail","hentry","category-cultura","category-nacionales"],"_links":{"self":[{"href":"https:\/\/debateplural.net\/site\/wp-json\/wp\/v2\/posts\/20236"}],"collection":[{"href":"https:\/\/debateplural.net\/site\/wp-json\/wp\/v2\/posts"}],"about":[{"href":"https:\/\/debateplural.net\/site\/wp-json\/wp\/v2\/types\/post"}],"author":[{"embeddable":true,"href":"https:\/\/debateplural.net\/site\/wp-json\/wp\/v2\/users\/2"}],"replies":[{"embeddable":true,"href":"https:\/\/debateplural.net\/site\/wp-json\/wp\/v2\/comments?post=20236"}],"version-history":[{"count":1,"href":"https:\/\/debateplural.net\/site\/wp-json\/wp\/v2\/posts\/20236\/revisions"}],"predecessor-version":[{"id":20238,"href":"https:\/\/debateplural.net\/site\/wp-json\/wp\/v2\/posts\/20236\/revisions\/20238"}],"wp:featuredmedia":[{"embeddable":true,"href":"https:\/\/debateplural.net\/site\/wp-json\/wp\/v2\/media\/20237"}],"wp:attachment":[{"href":"https:\/\/debateplural.net\/site\/wp-json\/wp\/v2\/media?parent=20236"}],"wp:term":[{"taxonomy":"category","embeddable":true,"href":"https:\/\/debateplural.net\/site\/wp-json\/wp\/v2\/categories?post=20236"},{"taxonomy":"post_tag","embeddable":true,"href":"https:\/\/debateplural.net\/site\/wp-json\/wp\/v2\/tags?post=20236"}],"curies":[{"name":"wp","href":"https:\/\/api.w.org\/{rel}","templated":true}]}}