{"id":20242,"date":"2017-11-02T11:46:07","date_gmt":"2017-11-02T15:46:07","guid":{"rendered":"http:\/\/debateplural.com\/?p=20242"},"modified":"2017-11-02T11:46:07","modified_gmt":"2017-11-02T15:46:07","slug":"fiscalia-espanola-pide-prision-para-todo-el-gobierno-de-cataluna","status":"publish","type":"post","link":"https:\/\/debateplural.net\/site\/2017\/11\/02\/fiscalia-espanola-pide-prision-para-todo-el-gobierno-de-cataluna\/","title":{"rendered":"Fiscal\u00eda espa\u00f1ola pide prisi\u00f3n para todo el Gobierno de Catalu\u00f1a"},"content":{"rendered":"<p>&nbsp;<\/p>\n<p>El presidente de Catalu\u00f1a depuesto por el Gobierno de Mariano Rajoy, Carles Puigdemont, podr\u00eda ser detenido en Bruselas junto a cuatro\u00a0miembros de la delegaci\u00f3n catalana, ante el pedido de la Fiscal\u00eda espa\u00f1ola.<\/p>\n<p>El Ministerio P\u00fablico formul\u00f3 esta petici\u00f3n\u00a0por\u00a0los delitos que se le imputan a los exmiembros del Gobierno catal\u00e1n,\u00a0por participar en la declaraci\u00f3n unilateral de independencia aprobada el pasado viernes en el Parlamento\u00a0de Catalu\u00f1a.<\/p>\n<p>Todos ellos se limitaron a responder a las preguntas de su abogado, a excepci\u00f3n del consejero depuesto de Empresa,\u00a0Santi Vila, que tambi\u00e9n respondi\u00f3 a la Fiscal\u00eda.<\/p>\n<p>De los catorce citados por la juez del caso, Carmen Lamela, nueve han sido los que se han trasladado a la Audiencia Nacional y otros cinco, entre ellos\u00a0Puigdemont,\u00a0se han quedado en B\u00e9lgica, a donde viajaron el pasado fin de semana.<\/p>\n<p>Actualmente,\u00a0la orden es estudiada por la juez\u00a0de la Audiencia Nacional, Carmen Lamela, pero hasta los momentos no ha salido a la luz p\u00fablica su decisi\u00f3n.<\/p>\n<p>El pedido de detenci\u00f3n contra Puigdemont es solicitado por delitos como rebeli\u00f3n, sedici\u00f3n y malversaci\u00f3n de fondos p\u00fablicos, a lo que se\u00a0suma su inasistencia a la Audiencia Nacional de este jueves, tras conocerse que no comparecer\u00e1.<\/p>\n<p>Por su parte, el abogado defensor de Puigdemont\u00a0indic\u00f3 que el \"juez de instrucci\u00f3n no tiene por qu\u00e9 detenerlo, tambi\u00e9n lo puede dejar en libertad, bajo ciertas condiciones, y yo mismo tratar\u00e9 de ir por caminos alternativos\".<\/p>\n<p>En Bruselas, junto al mandatario catal\u00e1n depuesto, se encuentran cuatro\u00a0miembros de la delegaci\u00f3n catalana (Toni Comin, Meritxell Serret, Clara Ponsat\u00ed y Llu\u00eds Puig) y podr\u00edan tambi\u00e9n ser detenidos si la juez lo ordena.<\/p>\n","protected":false},"excerpt":{"rendered":"<p>&nbsp; El presidente de Catalu\u00f1a depuesto por el Gobierno de Mariano Rajoy, Carles Puigdemont, podr\u00eda ser detenido en Bruselas junto a cuatro\u00a0miembros de la delegaci\u00f3n catalana, ante el pedido de la Fiscal\u00eda espa\u00f1ola. El Ministerio P\u00fablico formul\u00f3 esta petici\u00f3n\u00a0por\u00a0los delitos que se le imputan a los exmiembros del Gobierno catal\u00e1n,\u00a0por participar en la declaraci\u00f3n unilateral [&hellip;]<\/p>\n","protected":false},"author":1,"featured_media":20199,"comment_status":"open","ping_status":"open","sticky":false,"template":"","format":"standard","meta":{"footnotes":""},"categories":[14,12],"tags":[],"class_list":["post-20242","post","type-post","status-publish","format-standard","has-post-thumbnail","hentry","category-internacionales","category-politica-3"],"_links":{"self":[{"href":"https:\/\/debateplural.net\/site\/wp-json\/wp\/v2\/posts\/20242"}],"collection":[{"href":"https:\/\/debateplural.net\/site\/wp-json\/wp\/v2\/posts"}],"about":[{"href":"https:\/\/debateplural.net\/site\/wp-json\/wp\/v2\/types\/post"}],"author":[{"embeddable":true,"href":"https:\/\/debateplural.net\/site\/wp-json\/wp\/v2\/users\/1"}],"replies":[{"embeddable":true,"href":"https:\/\/debateplural.net\/site\/wp-json\/wp\/v2\/comments?post=20242"}],"version-history":[{"count":1,"href":"https:\/\/debateplural.net\/site\/wp-json\/wp\/v2\/posts\/20242\/revisions"}],"predecessor-version":[{"id":20243,"href":"https:\/\/debateplural.net\/site\/wp-json\/wp\/v2\/posts\/20242\/revisions\/20243"}],"wp:featuredmedia":[{"embeddable":true,"href":"https:\/\/debateplural.net\/site\/wp-json\/wp\/v2\/media\/20199"}],"wp:attachment":[{"href":"https:\/\/debateplural.net\/site\/wp-json\/wp\/v2\/media?parent=20242"}],"wp:term":[{"taxonomy":"category","embeddable":true,"href":"https:\/\/debateplural.net\/site\/wp-json\/wp\/v2\/categories?post=20242"},{"taxonomy":"post_tag","embeddable":true,"href":"https:\/\/debateplural.net\/site\/wp-json\/wp\/v2\/tags?post=20242"}],"curies":[{"name":"wp","href":"https:\/\/api.w.org\/{rel}","templated":true}]}}