{"id":20399,"date":"2017-11-08T12:45:17","date_gmt":"2017-11-08T16:45:17","guid":{"rendered":"http:\/\/debateplural.com\/?p=20399"},"modified":"2017-11-08T12:45:17","modified_gmt":"2017-11-08T16:45:17","slug":"el-gobierno-llama-a-firmar-pacto-electrico","status":"publish","type":"post","link":"https:\/\/debateplural.net\/site\/2017\/11\/08\/el-gobierno-llama-a-firmar-pacto-electrico\/","title":{"rendered":"El gobierno llama a firmar pacto el\u00e9ctrico"},"content":{"rendered":"<div id=\"ArticleAuthorDiv\" class=\"article-body-author\">Patria Reyes y Dalton Herrera (Listin, 1-11-1)<\/div>\n<div id=\"ArticleBody\">\n<p>El Gobierno llam\u00f3 a todos los sectores a la firma del Pacto El\u00e9ctrico, cuyo documento de propuestas fue entregado ayer al presidente Danilo Medina por el Consejo Econ\u00f3mico Social (CES) para su revisi\u00f3n y observaciones.<\/p>\n<p>Pedro Brache, presidente del Consejo Nacional de la Empresa Privada (Conep), a su salida del encuentro con el mandatario dijo que \u201chay puntos que quedaron en disenso. No todos los puntos fueron consensuados, pero m\u00e1s del 95% de los puntos fueron consensuados\u201d. Adem\u00e1s, asegur\u00f3 que los puntos que quedaron en disenso fueron algunos de los que el sector social y laboral impulsaron, como la energ\u00eda no servida y la implementaci\u00f3n de la tarifa t\u00e9cnica.<\/p>\n<p>El proyecto regulatorio de las actividades de todos los actores del sector el\u00e9ctrico fue entregado al presidente Medina durante una reuni\u00f3n que se celebr\u00f3 en el Palacio Nacional, en la que participaron los funcionarios gubernamentales vinculados al tema, que termin\u00f3 cerca del mediod\u00eda.<\/p>\n<p>El ministro administrativo de la Presidencia, Jos\u00e9 Ram\u00f3n Peralta, consider\u00f3 que todos los partidos pol\u00edticos deben participar de la firma del pacto el\u00e9ctrico, ya que \u201cno se sabe qui\u00e9n estar\u00e1 ma\u00f1ana en el Gobierno\u201d.<\/p>\n<p><strong>Compromiso de los partidos<\/strong><br \/>\nPeralta, al participar en el almuerzo por el 55 aniversario de la Asociaci\u00f3n de Industrias de la Rep\u00fablica Dominicana (AIRD), sostuvo que \u201clos partidos pol\u00edticos deben estar en la mesa de la firma del pacto el\u00e9ctrico por un \u201casunto de continuidad del Estado\u201d.<\/p>\n<p>\u201cHay que ver qui\u00e9nes estar\u00e1n ma\u00f1ana al frente del Gobierno y que se comprometa con lo que se est\u00e1 firmando\u201d, expuso.<\/p>\n<p>Hace varias semanas, el ministro de Energ\u00eda y Minas y miembro del equipo coordinador del Pacto Nacional para la Reforma del Sector El\u00e9ctrico, Antonio Isa Conde, hab\u00eda mostrado su satisfacci\u00f3n por los avances que hab\u00eda tenido el consenso.<\/p>\n<p>\u201cSiento en m\u00ed mismo la satisfacci\u00f3n personal de cada uno de aquellos actores que pusieron un granito de arena para lograr el Pacto. Quiero felicitar muy especialmente al equipo t\u00e9cnico del Consejo Econ\u00f3mico y Social, que encabeza la directora ejecutiva Iraima Capriles; a monse\u00f1or Agripino N\u00fa\u00f1ez Collado, que con su paciencia nos ayud\u00f3 a alcanzar consensos, y al ministro de la Presidencia, Gustavo Montalvo, que se esforz\u00f3 para que este pacto caminara y que logr\u00e1ramos niveles de acuerdo tan altos\u201d, expres\u00f3 en aquel momento.<\/p>\n<p>El proceso del Pacto El\u00e9ctrico inici\u00f3 el 19 de enero del a\u00f1o 2015, y estaba estipulado que concluyera en seis meses. No obstante, los disensos entre el sector social y empresarial prolongaron las negociaciones.<\/p>\n<p>Uno de los disensos que m\u00e1s persist\u00edan era el tema de la tarifa en los consumidores.<\/p>\n<p>Wilson Castillo, uno de los representantes del sector laboral, se\u00f1alaba que los Usuarios No Regulados (UNR) deber\u00edan pagar el 10% del precio de energ\u00eda para compensar la tarifa de los usuarios que son regulados.<\/p>\n<p>\u201cEl sector empresarial est\u00e1 planteando que se elimine ese art\u00edculo de la ley, nosotros que representamos a los consumidores, decimos que esa ley debe cumplirse ya que desde el 2001 hasta la fecha, cuando se cre\u00f3 esa ley, no se ha aplicado\u201d, dec\u00eda el representante laboral.<\/p>\n<p><strong><br \/>\nEL NO COBRO AL 10% NO AFECTA TARIFA<br \/>\nLAS REACCIONES:<\/strong>\u00a0Circe Alm\u00e1nzar, vicepresidenta ejecutiva de la Asociaci\u00f3n de Industrias de la Rep\u00fablica Dominicana (AIRD), indic\u00f3 que si se llegara a imponer el cobro del 10% a los UNR, el sector laboral ser\u00eda el m\u00e1s perjudicado ya que con ese costo no se estar\u00eda garantizando la competitividad en la tarifa el\u00e9ctrica.<\/p>\n<p>\u201cSi en vez de lograr mejores condiciones de competitividad nosotros estar\u00edamos encareci\u00e9ndole el precio a los Usuarios No Regulados, y por lo tanto, nos sacar\u00edan m\u00e1s de competencia frente a nuestros competidores internacionales\u201d, indicaba Alm\u00e1nzar.<\/p>\n<p>Asimismo, \u00c1ngel Can\u00f3 Senci\u00f3n, miembro del Consejo Administrativo de la Superitendencia de Electricidad, asegura que el no cobro del 10% a los UNR no impactar\u00eda en las tarifas de los consumidores.<\/p>\n<\/div>\n","protected":false},"excerpt":{"rendered":"<p>Patria Reyes y Dalton Herrera (Listin, 1-11-1) El Gobierno llam\u00f3 a todos los sectores a la firma del Pacto El\u00e9ctrico, cuyo documento de propuestas fue entregado ayer al presidente Danilo Medina por el Consejo Econ\u00f3mico Social (CES) para su revisi\u00f3n y observaciones. Pedro Brache, presidente del Consejo Nacional de la Empresa Privada (Conep), a su [&hellip;]<\/p>\n","protected":false},"author":1,"featured_media":20400,"comment_status":"open","ping_status":"open","sticky":false,"template":"","format":"standard","meta":{"footnotes":""},"categories":[5,12],"tags":[],"class_list":["post-20399","post","type-post","status-publish","format-standard","has-post-thumbnail","hentry","category-nacionales","category-politica-3"],"_links":{"self":[{"href":"https:\/\/debateplural.net\/site\/wp-json\/wp\/v2\/posts\/20399"}],"collection":[{"href":"https:\/\/debateplural.net\/site\/wp-json\/wp\/v2\/posts"}],"about":[{"href":"https:\/\/debateplural.net\/site\/wp-json\/wp\/v2\/types\/post"}],"author":[{"embeddable":true,"href":"https:\/\/debateplural.net\/site\/wp-json\/wp\/v2\/users\/1"}],"replies":[{"embeddable":true,"href":"https:\/\/debateplural.net\/site\/wp-json\/wp\/v2\/comments?post=20399"}],"version-history":[{"count":1,"href":"https:\/\/debateplural.net\/site\/wp-json\/wp\/v2\/posts\/20399\/revisions"}],"predecessor-version":[{"id":20401,"href":"https:\/\/debateplural.net\/site\/wp-json\/wp\/v2\/posts\/20399\/revisions\/20401"}],"wp:featuredmedia":[{"embeddable":true,"href":"https:\/\/debateplural.net\/site\/wp-json\/wp\/v2\/media\/20400"}],"wp:attachment":[{"href":"https:\/\/debateplural.net\/site\/wp-json\/wp\/v2\/media?parent=20399"}],"wp:term":[{"taxonomy":"category","embeddable":true,"href":"https:\/\/debateplural.net\/site\/wp-json\/wp\/v2\/categories?post=20399"},{"taxonomy":"post_tag","embeddable":true,"href":"https:\/\/debateplural.net\/site\/wp-json\/wp\/v2\/tags?post=20399"}],"curies":[{"name":"wp","href":"https:\/\/api.w.org\/{rel}","templated":true}]}}